{"id":98,"date":"2005-05-29T12:30:00","date_gmt":"2005-05-29T17:30:00","guid":{"rendered":"656578949"},"modified":"2005-08-17T07:49:58","modified_gmt":"2005-08-17T07:49:58","slug":"637","status":"publish","type":"post","link":"https:\/\/fraynelson.com\/blog\/2005\/05\/29\/637\/","title":{"rendered":"Mi promesa sobre Colombia"},"content":{"rendered":"<p>Prometo solemnemente que escribir\u00e9 algo m\u00e1s extenso de reflexiones sobre Colombia. T\u00f3mese lo que aqu\u00ed escribo simplemente como un aperitivo que nace de una circunstancia muy concreta: la revista SEMANA, la de mayor circulaci\u00f3n en mi pa\u00eds, present\u00f3 un art\u00edculo de <a href=\"http:\/\/semana.terra.com.co\/opencms\/opencms\/Semana\/articulo.html?id=87076\" target=\"_blank\">los 40 colombianos de menos de 40 a\u00f1os<\/a> que, seg\u00fan criterio de esa redacci\u00f3n, tendr\u00e1n gran relevancia para el futuro del pa\u00eds. Como SEMANA tiene espacio para los comentarios y cr\u00edticas de los lectores, estos no se hicieron esperar. Mi impresi\u00f3n es que en general la gente qued\u00f3 descontenta, y es interesante y revelador averiguar qu\u00e9 no les gust\u00f3.<\/p>\n<p><!--more--><\/p>\n<p>1. Una cr\u00edtica es que <strong>la lista se centra en pol\u00edtica, econom\u00eda y un poco del mundo del arte<\/strong>, dejando por fuera la ciencia, la religi\u00f3n, la milicia, los sindicatos, el magisterio. Parece claro que para SEMANA el futuro lo determinan quienes tienen dinero y poder; cosa que se puede argumentar, ciertamente, pero que en s\u00ed misma es reveladora.<\/p>\n<p>2. Otra cr\u00edtica acusa de <strong>nepotismo<\/strong> a esa lista, vale decir: repetici\u00f3n de los apellidos tradicionales: Santodomingo, Laserna, Eastman, Samper. Muchos lectores sienten que, m\u00e1s que m\u00e9ritos personales, lo que hay es un grupo de muchachos (y muchachas) a los que la vida les ha sonre\u00eddo con mucho dinero y muchas oportunidades de prepararse (postgrados en el exterior, por ejemplo). Se puede contraargumentar: el objetivo del art\u00edculo no es decir qu\u00e9 ser\u00eda lo deseable sino qu\u00e9 es lo que va a pasar, y lo que va a pasar es que ser\u00e1n esos herederos de las castas pol\u00edticas y econ\u00f3micas quienes determinar\u00e1n muchas cosas del futuro de Colombia. De nuevo, y si esto es as\u00ed, tenemos un elemento muy revelador.<\/p>\n<p>3. La tercera cr\u00edtica, en la misma l\u00ednea del <strong>elitismo<\/strong>, apunta a los nombres de las instituciones educativas de estos maravillosos colombianos j\u00f3venes. Por todas partes se repite &#8220;Universidad de los Andes&#8221; y &#8220;Universidad Javeriana.&#8221; Hay resentimiento y dardos de parte de quienes vienen de la universidad p\u00fablica o quienes desean que se reconozca los bienes inmensos que han tra\u00eddo muchos de los que fueron formados en el sistema p\u00fablico. Pienso que hay plena raz\u00f3n en quienes ofrecen ese reparo al art\u00edculo.<\/p>\n<p>Bueno, queda servido el aperitivo. Si Dios me da la vida, espero no demorarme mucho en compartirles algunas reflexiones sobre esta Colombia querida.<\/p>\n","protected":false},"excerpt":{"rendered":"<p>Prometo solemnemente que escribir\u00e9 algo m\u00e1s extenso de reflexiones sobre Colombia. T\u00f3mese lo que aqu\u00ed escribo simplemente como un aperitivo que nace de una circunstancia muy concreta: la revista SEMANA, la de mayor circulaci\u00f3n en mi pa\u00eds, present\u00f3 un art\u00edculo de los 40 colombianos de menos de 40 a\u00f1os que, seg\u00fan criterio de esa redacci\u00f3n, &hellip; <\/p>\n<p class=\"link-more\"><a href=\"https:\/\/fraynelson.com\/blog\/2005\/05\/29\/637\/\" class=\"more-link\">Continuar leyendo<span class=\"screen-reader-text\"> &#8220;Mi promesa sobre Colombia&#8221;<\/span><\/a><\/p>\n","protected":false},"author":1138,"featured_media":0,"comment_status":"open","ping_status":"open","sticky":false,"template":"","format":"standard","meta":{"footnotes":""},"categories":[49],"tags":[],"class_list":["post-98","post","type-post","status-publish","format-standard","hentry","category-latinoamerica-colombia"],"jetpack_featured_media_url":"","_links":{"self":[{"href":"https:\/\/fraynelson.com\/blog\/wp-json\/wp\/v2\/posts\/98","targetHints":{"allow":["GET"]}}],"collection":[{"href":"https:\/\/fraynelson.com\/blog\/wp-json\/wp\/v2\/posts"}],"about":[{"href":"https:\/\/fraynelson.com\/blog\/wp-json\/wp\/v2\/types\/post"}],"author":[{"embeddable":true,"href":"https:\/\/fraynelson.com\/blog\/wp-json\/wp\/v2\/users\/1138"}],"replies":[{"embeddable":true,"href":"https:\/\/fraynelson.com\/blog\/wp-json\/wp\/v2\/comments?post=98"}],"version-history":[{"count":0,"href":"https:\/\/fraynelson.com\/blog\/wp-json\/wp\/v2\/posts\/98\/revisions"}],"wp:attachment":[{"href":"https:\/\/fraynelson.com\/blog\/wp-json\/wp\/v2\/media?parent=98"}],"wp:term":[{"taxonomy":"category","embeddable":true,"href":"https:\/\/fraynelson.com\/blog\/wp-json\/wp\/v2\/categories?post=98"},{"taxonomy":"post_tag","embeddable":true,"href":"https:\/\/fraynelson.com\/blog\/wp-json\/wp\/v2\/tags?post=98"}],"curies":[{"name":"wp","href":"https:\/\/api.w.org\/{rel}","templated":true}]}}