{"id":96,"date":"2005-05-31T01:21:00","date_gmt":"2005-05-31T06:21:00","guid":{"rendered":"1018864632"},"modified":"2005-08-16T11:49:24","modified_gmt":"2005-08-16T11:49:24","slug":"639","status":"publish","type":"post","link":"https:\/\/fraynelson.com\/blog\/2005\/05\/31\/639\/","title":{"rendered":"El NO de los franceses"},"content":{"rendered":"<p>No voy a decir que siento pesar por el hundimiento de la Constituci\u00f3n Europea porque no lo siento. El domingo pasado Francia ha dicho &#8220;NO&#8221; y eso significa que por ahora no hay Constituci\u00f3n. Si bien, como proyecto, es de lo m\u00e1s grande e interesante que se ha gestado en Occidente en las \u00faltimas d\u00e9cadas, es claro que no es suficiente ser grande para ser bueno, as\u00ed que no har\u00e9 luto.<\/p>\n<p><!--more--><\/p>\n<p>Adem\u00e1s, el proyecto de Constituci\u00f3n cuyo destino parece ya sellado, y que con su deceso deja las cosas como estaban en el <strong>Tratado de Niza (2001)<\/strong>, ha sido criticado con fuerza por varias razones.<\/p>\n<p>En primer lugar, se trata de un documento muy largo y complejo, de dif\u00edcil lectura, lleno de t\u00e9rminos t\u00e9cnicos y precisiones de detalle que escapan a la comprensi\u00f3n del com\u00fan de los europeos. Sin embargo, se quer\u00eda que los ciudadanos la acogieran. Los espa\u00f1oles lo han hecho; los franceses no. Cosa que en s\u00ed misma suscita preguntas: \u00bffueron m\u00e1s estudiosos los espa\u00f1oles, m\u00e1s aplicados en la lectura y an\u00e1lisis de los cientos de p\u00e1ginas de la Constituci\u00f3n? Habr\u00e1 que volver luego a ese punto.<\/p>\n<p>En segundo lugar, este largo texto parec\u00eda demasiado preocupado por los asuntos econ\u00f3micos en desmedro de otras facetas de la vida, la tradici\u00f3n y el futuro de Europa. Crear un bloque inmenso es crear tambi\u00e9n apetitos inmensos de poder, y los diversos intentos de balancear ese poder tienen m\u00e1s o menos acogida de acuerdo con lo que cada quien desea. La Constituci\u00f3n trat\u00f3 a su manera de equilibrar tres lenguajes: (1) sostener una cierta igualdad entre los miembros de la Uni\u00f3n; (2) darle m\u00e1s representaci\u00f3n al que tiene m\u00e1s habitantes; (3) respetar los privilegios de los grandes, es decir, ante todo: Alemania, Francia, Italia y Reino Unido. Un texto tan econ\u00f3mico y pol\u00edtico que a la vez quiere asegurar c\u00f3mo se reparte el poder entre tantos no pod\u00eda ser ni f\u00e1cil de redactar ni f\u00e1cil de digerir.<\/p>\n<p>En tercer lugar, y relacionado con lo anterior, la Constituci\u00f3n quiso presentarse con vestido laico, o mejor laicista, hasta el punto de negar lo que es un hecho hist\u00f3rico: el papel del cristianismo en la construcci\u00f3n de lo que hoy es Europa. De esa manera pretend\u00eda <strong>Giscard d&#8217;Estaing<\/strong>, su principal arquitecto, que la religi\u00f3n no tuviera baza en el concierto de opiniones de la nueva Europa. No es maquiav\u00e9lico suponer que la masoner\u00eda sent\u00eda que por fin echaba a la Iglesia por la puerta de atr\u00e1s, reducida a pasatiempo privado de mentes atrasadas y supersticiosas.<\/p>\n<p>Las cosas no les salieron del todo bien. No porque llegara una oleada de fervor cat\u00f3lico sino porque lleg\u00f3 Turqu\u00eda y toc\u00f3 a la puerta. Y antes de ella, millones de musulmanes han tocado a la puerta. Si a los cristianos se les puede olvidar qui\u00e9n es Cristo, a estos musulmanes no se les olvida tan f\u00e1cilmente qui\u00e9n es Al\u00e1 ni qui\u00e9n es su profeta. La neutralidad religiosa de la masoner\u00eda y de Giscard d&#8217;Estaing es algo que lo entiende un cristiano pero no un musulm\u00e1n. Para ser ateo pr\u00e1ctico o agn\u00f3stico de corte mas\u00f3n, hay que haber sido cristiano, y los turcos no tienen esa tradici\u00f3n en su pasado.<\/p>\n<p>Vino as\u00ed a resultar esto: el texto propuesto hiere sin necesidad a una minor\u00eda de cristianos conscientes de su fe en Europa y a la vez deja sin resolver el tema de la integraci\u00f3n cultural con los que llegan de otras religiones, y particularmente del Islam.<\/p>\n<p>Y sin embargo no creo que la Constituci\u00f3n haya perdido en Francia debido a esas razones. El refr\u00e1n dice que uno debe pensar globalmente y actuar localmente pero la verdad es que el ciudadano de a pie piensa y obra localmente: a los franceses les interesa Francia y a Chirac le interesaba gobernar y pasar con honores a la Historia.<\/p>\n<p>La Constituci\u00f3n, dijo \u00e9l en su alocuci\u00f3n apasionada del viernes pasado, no es cosa de izquierdas o de derechas; es algo que implica &#8220;el futuro del pa\u00eds y de nuestros hijos.&#8221; Eso dijo el viernes, pero la Izquierda de su pa\u00eds no vio las cosas as\u00ed en todo el proceso anterior. La Constituci\u00f3n era un proyecto del gobierno y por eso atacar a la Constituci\u00f3n se volvi\u00f3 un sin\u00f3nimo de atacar al gobierno. El NO de la Izquierda no es un S\u00cd a una Europa m\u00e1s consciente de sus ra\u00edces y de las dimensiones supraecon\u00f3micas; es sencillamente un NO a Chirac, presupuesto ineludible para buscar espacio en el pr\u00f3ximo reparto de poder.<\/p>\n<p>Puede criticarse de miop\u00eda y parroquianismo a la Izquierda francesa, que se ha salido con la suya. O puede pensarse que es simplemente el resultado natural de las reglas de juego que el mismo Giscard d&#8217;Estaing y sus amigos han planteado: olvid\u00e9monos de la historia y saquemos a la religi\u00f3n de este tablero, han dicho ellos. El NO de la Francia muestra lo que se seguir\u00eda o se seguir\u00e1 para Europa en ese escenario: pugna de poderes, campa\u00f1a sucia, supervivencia del m\u00e1s fuerte, predominio de las emociones y ego\u00edsmos sobre la b\u00fasqueda del bien com\u00fan. De hecho, si no hay un Dios o Dios no importa, lo \u00fanico que importa es mi apetito y que cada quien se las apa\u00f1e como pueda.<\/p>\n<p>\u00bfY del S\u00cd espa\u00f1ol, qu\u00e9 decir? El tema en Espa\u00f1a <a href=\"http:\/\/www.zenit.org\/spanish\/visualizza.phtml?sid=37273\">fue abordado<\/a> por sus obispos, empezando por el anterior presidente de la Conferencia Episcopal, <strong>Monse\u00f1or Rouco Varela<\/strong>. Mi teor\u00eda, que por supuesto no puedo probar, es que en ese pa\u00eds rechazar la Constituci\u00f3n se convirti\u00f3 en un sin\u00f3nimo de apoyar a la Derecha y a la Iglesia. El momento pol\u00edtico espa\u00f1ol, con su rabiosa liberalizaci\u00f3n y ansias de vanguardia, no daba para ello. Triunf\u00f3, pues la abstenci\u00f3n; pero dentro de los que votaron, gan\u00f3 el S\u00cd.<\/p>\n<p>\u00bfY ahora qu\u00e9 sigue para Europa? Deber\u00eda seguir reflexi\u00f3n, reflexi\u00f3n serena. Y si somos creyentes, oraci\u00f3n. La fe cristiana como la conocemos no puede darle la espalda a Europa, del mismo modo que Europa no puede o no debe darle la espalda a la fe cristiana. Es tiempo para orar y orientar fuerzas, de modo que nuevos l\u00edderes ayuden a encaminar los anhelos l\u00edcitos de integraci\u00f3n europea, pero en un ambiente m\u00e1s sano y mucho m\u00e1s abierto a la vida y a la fe.<\/p>\n","protected":false},"excerpt":{"rendered":"<p>No voy a decir que siento pesar por el hundimiento de la Constituci\u00f3n Europea porque no lo siento. El domingo pasado Francia ha dicho &#8220;NO&#8221; y eso significa que por ahora no hay Constituci\u00f3n. Si bien, como proyecto, es de lo m\u00e1s grande e interesante que se ha gestado en Occidente en las \u00faltimas d\u00e9cadas, &hellip; <\/p>\n<p class=\"link-more\"><a href=\"https:\/\/fraynelson.com\/blog\/2005\/05\/31\/639\/\" class=\"more-link\">Continuar leyendo<span class=\"screen-reader-text\"> &#8220;El NO de los franceses&#8221;<\/span><\/a><\/p>\n","protected":false},"author":1138,"featured_media":0,"comment_status":"open","ping_status":"open","sticky":false,"template":"","format":"standard","meta":{"footnotes":""},"categories":[44],"tags":[],"class_list":["post-96","post","type-post","status-publish","format-standard","hentry","category-europa-y-occidente"],"jetpack_featured_media_url":"","_links":{"self":[{"href":"https:\/\/fraynelson.com\/blog\/wp-json\/wp\/v2\/posts\/96","targetHints":{"allow":["GET"]}}],"collection":[{"href":"https:\/\/fraynelson.com\/blog\/wp-json\/wp\/v2\/posts"}],"about":[{"href":"https:\/\/fraynelson.com\/blog\/wp-json\/wp\/v2\/types\/post"}],"author":[{"embeddable":true,"href":"https:\/\/fraynelson.com\/blog\/wp-json\/wp\/v2\/users\/1138"}],"replies":[{"embeddable":true,"href":"https:\/\/fraynelson.com\/blog\/wp-json\/wp\/v2\/comments?post=96"}],"version-history":[{"count":0,"href":"https:\/\/fraynelson.com\/blog\/wp-json\/wp\/v2\/posts\/96\/revisions"}],"wp:attachment":[{"href":"https:\/\/fraynelson.com\/blog\/wp-json\/wp\/v2\/media?parent=96"}],"wp:term":[{"taxonomy":"category","embeddable":true,"href":"https:\/\/fraynelson.com\/blog\/wp-json\/wp\/v2\/categories?post=96"},{"taxonomy":"post_tag","embeddable":true,"href":"https:\/\/fraynelson.com\/blog\/wp-json\/wp\/v2\/tags?post=96"}],"curies":[{"name":"wp","href":"https:\/\/api.w.org\/{rel}","templated":true}]}}