{"id":95,"date":"2005-06-01T12:30:00","date_gmt":"2005-06-01T17:30:00","guid":{"rendered":"1201743255"},"modified":"2005-08-15T15:56:36","modified_gmt":"2005-08-15T15:56:36","slug":"640","status":"publish","type":"post","link":"https:\/\/fraynelson.com\/blog\/2005\/06\/01\/640\/","title":{"rendered":"Carta a Rodr\u00edguez Zapatero"},"content":{"rendered":"<p>Respetado Se\u00f1or<\/p>\n<p><strong>Jos\u00e9 Luis Rodr\u00edguez Zapatero<\/strong><\/p>\n<p>Presidente del Gobierno de Espa\u00f1a<\/p>\n<p>\n<p>Con alt\u00edsima probabilidad usted no leer\u00e1 esta carta. Habr\u00e1 sin embargo quien quiera leerla y es sobre todo mi conciencia la que me mueve a escribirla.<\/p>\n<p>Brotan mis palabras en los ecos todav\u00eda recientes del NO de Francia al proyecto actual de Constituci\u00f3n Europea. Por iron\u00eda, un mismo nombre pol\u00edtico, la Izquierda, hizo finalmente que en Espa\u00f1a fuera posible un S\u00cd acalorado pero claro, y en Francia un NO angustioso pero indiscutible. Yo, que agradezco el don de la fe cristiana, veo en esta iron\u00eda la semilla de algo que es m\u00e1s doloroso si se quiere para Espa\u00f1a, porque ahora Espa\u00f1a pretende ser vanguardia en una cierta agenda, y resulta que se va quedando sola, de manera que ya no parece la avanzada sino la despistada.<\/p>\n<p><!--more--><\/p>\n<p>Espa\u00f1a est\u00e1 despistada cuando, primero que toda Europa y primero que todo el mundo, quiere llamar matrimonio a las uniones de homosexuales. Est\u00e1 desubicada cuando quiere amputar de su pasado todo lo que no quepa en las ideas progresistas del gobierno presente. Se pierde de su propia esencia cuando permite que el arte y las letras se burlen impunemente de los valores cristianos, a sabiendas de que esas mismas burlas ser\u00edan impensables en contra de musulmanes o jud\u00edos. Espa\u00f1a no tiene Norte si pretende dejar su propia unidad en estado de plebiscito indefinido, como si fuera un juguete de los partidos pol\u00edticos regionales de turno. Ir adelante en ese modo de hacer pol\u00edtica no es ir adelante sino muy atr\u00e1s.<\/p>\n<p>No soy espa\u00f1ol pero me duele Espa\u00f1a. Mi oficio de predicaci\u00f3n me lleva a recorrer distintos pa\u00edses y culturas. No hablo, pues, de o\u00eddas. Soy colombiano, y s\u00e9 y digo con orgullo agradecido que he recibido mis grandes tesoros de la que sigo llamando la Madre Patria: la Espa\u00f1a de Cervantes y de Santo Domingo de Guzm\u00e1n, y de tantos otros. Sobre todo de Domingo aprend\u00ed que es posible y necesario tener una visi\u00f3n, y la conciencia de una alta responsabilidad en el concierto de los pueblos y naciones. El Santo de Caleruega marc\u00f3 el destino de Europa con lo mejor de su sangre valiente, su palabra encendida, su generosidad incomparable, su tenacidad a toda prueba, su fe sin derrotas.<\/p>\n<p>Espa\u00f1a no puede hacer otra cosa sino vencer. Espa\u00f1a existe para vencer y algo de eso busca cuando quiere ser hoy vanguardia en cubrir de fotos rosadas y argumentos sof\u00edsticos las p\u00e1ginas de sus medios adiestrados en lo pol\u00edticamente correcto. Hasta en eso se nota que Espa\u00f1a no tiene otro destino sino ir adelante, con la nobleza y belleza de su alma ardiente y serena, con la palabra precisa, la mano extendida y el pecho ensanchado.<\/p>\n<p>Como suramericano que soy, conozco bien los defectos de mi Madre Patria. No idolatro a Espa\u00f1a; la venero. La amo, y duele ver al ser amado traicionar su verdad y perderse liderando la nada. De aqu\u00ed a veinte a\u00f1os, \u00bfhabr\u00e1 seguido Europa los caminos agn\u00f3sticos y pragm\u00e1ticos, o se habr\u00e1 espabilado ante el frente com\u00fan del Islam inmenso o la avanzada imparable de la China atea? Es una pregunta real y la respuesta tendr\u00e1 que ser real.<\/p>\n<p>Quiz\u00e1 esa respuesta no venga de usted, se\u00f1or presidente del gobierno espa\u00f1ol. Quiz\u00e1 venga de los que han contemplado estos a\u00f1os anodinos, este gobernar diletante. Quiz\u00e1 ellos, cansados de jugar a ser c\u00f3modos s\u00f3lo por hoy, empiecen a luchar por algo que merezca la pena, as\u00ed lo veamos s\u00f3lo pasado ma\u00f1ana.<\/p>\n<p>Mis palabras son la expresi\u00f3n de una gratitud muy grande. Espero que sus acciones y decisiones nos permitan a todos tener m\u00e1s para agradecer y menos para lamentar.<\/p>\n<p>Con todo respeto,<\/p>\n<p><strong>Fr. Nelson Medina, O.P.<\/strong><\/p>\n","protected":false},"excerpt":{"rendered":"<p>Respetado Se\u00f1or Jos\u00e9 Luis Rodr\u00edguez Zapatero Presidente del Gobierno de Espa\u00f1a Con alt\u00edsima probabilidad usted no leer\u00e1 esta carta. Habr\u00e1 sin embargo quien quiera leerla y es sobre todo mi conciencia la que me mueve a escribirla. Brotan mis palabras en los ecos todav\u00eda recientes del NO de Francia al proyecto actual de Constituci\u00f3n Europea. &hellip; <\/p>\n<p class=\"link-more\"><a href=\"https:\/\/fraynelson.com\/blog\/2005\/06\/01\/640\/\" class=\"more-link\">Continuar leyendo<span class=\"screen-reader-text\"> &#8220;Carta a Rodr\u00edguez Zapatero&#8221;<\/span><\/a><\/p>\n","protected":false},"author":1138,"featured_media":0,"comment_status":"open","ping_status":"open","sticky":false,"template":"","format":"standard","meta":{"footnotes":""},"categories":[44],"tags":[],"class_list":["post-95","post","type-post","status-publish","format-standard","hentry","category-europa-y-occidente"],"jetpack_featured_media_url":"","_links":{"self":[{"href":"https:\/\/fraynelson.com\/blog\/wp-json\/wp\/v2\/posts\/95","targetHints":{"allow":["GET"]}}],"collection":[{"href":"https:\/\/fraynelson.com\/blog\/wp-json\/wp\/v2\/posts"}],"about":[{"href":"https:\/\/fraynelson.com\/blog\/wp-json\/wp\/v2\/types\/post"}],"author":[{"embeddable":true,"href":"https:\/\/fraynelson.com\/blog\/wp-json\/wp\/v2\/users\/1138"}],"replies":[{"embeddable":true,"href":"https:\/\/fraynelson.com\/blog\/wp-json\/wp\/v2\/comments?post=95"}],"version-history":[{"count":0,"href":"https:\/\/fraynelson.com\/blog\/wp-json\/wp\/v2\/posts\/95\/revisions"}],"wp:attachment":[{"href":"https:\/\/fraynelson.com\/blog\/wp-json\/wp\/v2\/media?parent=95"}],"wp:term":[{"taxonomy":"category","embeddable":true,"href":"https:\/\/fraynelson.com\/blog\/wp-json\/wp\/v2\/categories?post=95"},{"taxonomy":"post_tag","embeddable":true,"href":"https:\/\/fraynelson.com\/blog\/wp-json\/wp\/v2\/tags?post=95"}],"curies":[{"name":"wp","href":"https:\/\/api.w.org\/{rel}","templated":true}]}}