{"id":94406,"date":"2022-03-24T18:01:23","date_gmt":"2022-03-24T23:01:23","guid":{"rendered":"https:\/\/fraynelson.com\/blog\/?p=94406"},"modified":"2022-03-24T18:01:23","modified_gmt":"2022-03-24T23:01:23","slug":"las-armas-de-dios","status":"publish","type":"post","link":"https:\/\/fraynelson.com\/blog\/2022\/03\/24\/las-armas-de-dios\/","title":{"rendered":"Las armas de Dios"},"content":{"rendered":"<p>\u00abLas armas de Dios\u00bb (Ef. 6, 11)<\/p>\n<p>En el texto antes citado de 2 Cor. 10, 4, San Pablo proclama expresamente: \u00ablas armas de nuestro combate no son carnales\u00bb, es decir, no son de orden humano o natural.<\/p>\n<p>Y el fundamento de esta afirmaci\u00f3n lo encontramos en el otro texto tambi\u00e9n citado de Ef. 6,12: la armas no pueden ser \u00abcarnales\u00bb porque la lucha \u00abno es contra la carne y la sangre\u00bb. Las armas tienen que ser adecuadas al g\u00e9nero de enemigo y de combate. Precisamente porque la lucha es \u00abcontra los Esp\u00edritus del Mal\u00bb, s\u00f3lo valen \u00ablas armas de Dios\u00bb; s\u00f3lo ellas hace posible \u00abresistir a las asechanzas del Diablo\u00bb (v. 11) y \u00abresistir en el d\u00eda malo\u00bb y mantenerse firmes despu\u00e9s de haber vencido todo (v. 13).<\/p>\n<p>Con otras palabras, es necesaria la fuerza poderosa del Se\u00f1or (Ef. 6,10). San Pablo lucha y se fatiga, pero con una energ\u00eda que no es suya: \u00abprecisamente me afano luchando con la fuerza de Cristo que act\u00faa poderosamente en m\u00ed\u00bb (Col. 1,29). Cristo ha vencido al diablo (Mt. 4,1-11), y s\u00f3lo en Cristo y con su fuerza es posible vencer.<\/p>\n<p>Por eso el ap\u00f3stol renuncia deliberadamente a apoyarse en los medios naturales humanos -la \u00abarmas carnales\u00bb- y acude a las \u00abarmas de Dios\u00bb, las \u00fanicas eficaces en el combate apost\u00f3lico y cristiano.<\/p>\n<p>Y en Ef. 6,14ss. detalla en qu\u00e9 consiste esta armadura que hace invulnerable y vencedor: vivir en la Verdad revelada por Dios; estar revestidos de la santidad en la adhesi\u00f3n a la voluntad de Dios; el celo por el Evangelio; la fe viva; la salvaci\u00f3n asimilada y vivida; la atenci\u00f3n y acogida de la Palabra de Dios; la oraci\u00f3n constante&#8230; Son en realidad las armas necesarias al cristiano; mucho m\u00e1s al ap\u00f3stol.<\/p>\n<p>Puesto que la acci\u00f3n de Satan\u00e1s utiliza como arma fundamental el enga\u00f1o y la seducci\u00f3n (2 Tes. 2,9-12), se comprende la insistencia en las armas que hacen vivir en la luz (la verdad, la fe, la Palabra de Dios&#8230;). Otras armas miran m\u00e1s a la uni\u00f3n con Dios o con Cristo (santidad, salvaci\u00f3n&#8230;), que es nuestra fortaleza. Notar que junto a las armas defensivas est\u00e1n tambi\u00e9n las ofensivas (la Palabra de Dios, el celo por la difusi\u00f3n del Evangelio&#8230;).<\/p>\n<hr \/>\n<p><em>El autor de esta obra es el sacerdote espa\u00f1ol Julio Alonso Ampuero, a quien expresamos nuestra gratitud. Aqu\u00ed la obra se publica \u00edntegra, por entregas. Lo ya publicado puede consultarse<\/em> <a href=\"http:\/\/is.gd\/espsanpablo\">aqu\u00ed<\/a>.<\/p>\n","protected":false},"excerpt":{"rendered":"<p>\u00abLas armas de Dios\u00bb (Ef. 6, 11) En el texto antes citado de 2 Cor. 10, 4, San Pablo proclama expresamente: \u00ablas armas de nuestro combate no son carnales\u00bb, es decir, no son de orden humano o natural. Y el fundamento de esta afirmaci\u00f3n lo encontramos en el otro texto tambi\u00e9n citado de Ef. 6,12: &hellip; <\/p>\n<p class=\"link-more\"><a href=\"https:\/\/fraynelson.com\/blog\/2022\/03\/24\/las-armas-de-dios\/\" class=\"more-link\">Continuar leyendo<span class=\"screen-reader-text\"> &#8220;Las armas de Dios&#8221;<\/span><\/a><\/p>\n","protected":false},"author":1138,"featured_media":0,"comment_status":"closed","ping_status":"closed","sticky":false,"template":"","format":"standard","meta":{"footnotes":""},"categories":[321,320,1390],"tags":[],"class_list":["post-94406","post","type-post","status-publish","format-standard","hentry","category-combate_espiritual","category-demonio","category-espiritualidad-de-san-pablo"],"jetpack_featured_media_url":"","_links":{"self":[{"href":"https:\/\/fraynelson.com\/blog\/wp-json\/wp\/v2\/posts\/94406","targetHints":{"allow":["GET"]}}],"collection":[{"href":"https:\/\/fraynelson.com\/blog\/wp-json\/wp\/v2\/posts"}],"about":[{"href":"https:\/\/fraynelson.com\/blog\/wp-json\/wp\/v2\/types\/post"}],"author":[{"embeddable":true,"href":"https:\/\/fraynelson.com\/blog\/wp-json\/wp\/v2\/users\/1138"}],"replies":[{"embeddable":true,"href":"https:\/\/fraynelson.com\/blog\/wp-json\/wp\/v2\/comments?post=94406"}],"version-history":[{"count":1,"href":"https:\/\/fraynelson.com\/blog\/wp-json\/wp\/v2\/posts\/94406\/revisions"}],"predecessor-version":[{"id":94407,"href":"https:\/\/fraynelson.com\/blog\/wp-json\/wp\/v2\/posts\/94406\/revisions\/94407"}],"wp:attachment":[{"href":"https:\/\/fraynelson.com\/blog\/wp-json\/wp\/v2\/media?parent=94406"}],"wp:term":[{"taxonomy":"category","embeddable":true,"href":"https:\/\/fraynelson.com\/blog\/wp-json\/wp\/v2\/categories?post=94406"},{"taxonomy":"post_tag","embeddable":true,"href":"https:\/\/fraynelson.com\/blog\/wp-json\/wp\/v2\/tags?post=94406"}],"curies":[{"name":"wp","href":"https:\/\/api.w.org\/{rel}","templated":true}]}}