{"id":94125,"date":"2022-03-10T22:07:55","date_gmt":"2022-03-11T03:07:55","guid":{"rendered":"https:\/\/fraynelson.com\/blog\/?p=94125"},"modified":"2022-03-10T22:07:55","modified_gmt":"2022-03-11T03:07:55","slug":"los-obispos-nordicos-advierten-a-los-alemanes-que-no-pueden-cambiar-la-fe","status":"publish","type":"post","link":"https:\/\/fraynelson.com\/blog\/2022\/03\/10\/los-obispos-nordicos-advierten-a-los-alemanes-que-no-pueden-cambiar-la-fe\/","title":{"rendered":"Los obispos n\u00f3rdicos advierten a los alemanes que no pueden cambiar la fe"},"content":{"rendered":"<p>&#8220;La Conferencia Episcopal de Escandinavia ha enviado una carta abierta a la Conferencia Episcopal Alemana en al que se\u00f1ala la preocupaci\u00f3n de los obispos n\u00f3rdicos por el desarrollo de la Asamblea Sinodal germana. Y les advierten que deben mantenerse en comuni\u00f3n con el resto de la Iglesia y ajustarse al dep\u00f3sito intacto de la fe recibida y las ense\u00f1anzas inmutables de la propia Iglesia&#8230;&#8221;<\/p>\n<p><a href=\"https:\/\/www.evernote.com\/shard\/s254\/sh\/966a0e1a-0ee9-43e8-a532-1e4af919b637\/a6340b7d289b86aefe313112fd31348f\" rel=\"noopener\" target=\"_blank\"><img decoding=\"async\" src=\"http:\/\/fraynelson.com\/banco_imagenes\/recomendados\/20220311.jpg\" alt=\"\" \/><\/p>\n<p>Haz clic aqu\u00ed!<\/a><\/p>\n","protected":false},"excerpt":{"rendered":"<p>&#8220;La Conferencia Episcopal de Escandinavia ha enviado una carta abierta a la Conferencia Episcopal Alemana en al que se\u00f1ala la preocupaci\u00f3n de los obispos n\u00f3rdicos por el desarrollo de la Asamblea Sinodal germana. Y les advierten que deben mantenerse en comuni\u00f3n con el resto de la Iglesia y ajustarse al dep\u00f3sito intacto de la fe &hellip; <\/p>\n<p class=\"link-more\"><a href=\"https:\/\/fraynelson.com\/blog\/2022\/03\/10\/los-obispos-nordicos-advierten-a-los-alemanes-que-no-pueden-cambiar-la-fe\/\" class=\"more-link\">Continuar leyendo<span class=\"screen-reader-text\"> &#8220;Los obispos n\u00f3rdicos advierten a los alemanes que no pueden cambiar la fe&#8221;<\/span><\/a><\/p>\n","protected":false},"author":1138,"featured_media":0,"comment_status":"closed","ping_status":"closed","sticky":false,"template":"","format":"standard","meta":{"footnotes":""},"categories":[860,620,56],"tags":[],"class_list":["post-94125","post","type-post","status-publish","format-standard","hentry","category-alemania","category-enlaces","category-la-iglesia-hoy"],"jetpack_featured_media_url":"","_links":{"self":[{"href":"https:\/\/fraynelson.com\/blog\/wp-json\/wp\/v2\/posts\/94125","targetHints":{"allow":["GET"]}}],"collection":[{"href":"https:\/\/fraynelson.com\/blog\/wp-json\/wp\/v2\/posts"}],"about":[{"href":"https:\/\/fraynelson.com\/blog\/wp-json\/wp\/v2\/types\/post"}],"author":[{"embeddable":true,"href":"https:\/\/fraynelson.com\/blog\/wp-json\/wp\/v2\/users\/1138"}],"replies":[{"embeddable":true,"href":"https:\/\/fraynelson.com\/blog\/wp-json\/wp\/v2\/comments?post=94125"}],"version-history":[{"count":1,"href":"https:\/\/fraynelson.com\/blog\/wp-json\/wp\/v2\/posts\/94125\/revisions"}],"predecessor-version":[{"id":94126,"href":"https:\/\/fraynelson.com\/blog\/wp-json\/wp\/v2\/posts\/94125\/revisions\/94126"}],"wp:attachment":[{"href":"https:\/\/fraynelson.com\/blog\/wp-json\/wp\/v2\/media?parent=94125"}],"wp:term":[{"taxonomy":"category","embeddable":true,"href":"https:\/\/fraynelson.com\/blog\/wp-json\/wp\/v2\/categories?post=94125"},{"taxonomy":"post_tag","embeddable":true,"href":"https:\/\/fraynelson.com\/blog\/wp-json\/wp\/v2\/tags?post=94125"}],"curies":[{"name":"wp","href":"https:\/\/api.w.org\/{rel}","templated":true}]}}