{"id":93487,"date":"2022-02-07T20:47:43","date_gmt":"2022-02-08T01:47:43","guid":{"rendered":"http:\/\/fraynelson.com\/blog\/?p=93487"},"modified":"2022-02-07T20:47:43","modified_gmt":"2022-02-08T01:47:43","slug":"testimonio-de-un-sacerdote-catolico-en-palestina","status":"publish","type":"post","link":"https:\/\/fraynelson.com\/blog\/2022\/02\/07\/testimonio-de-un-sacerdote-catolico-en-palestina\/","title":{"rendered":"Testimonio de un sacerdote cat\u00f3lico en Palestina"},"content":{"rendered":"<p>&#8220;No podemos pasar por alto que la secularizaci\u00f3n tambi\u00e9n est\u00e1 llegando a Oriente y que cada vez los lazos sociales se est\u00e1n debilitando m\u00e1s. Tambi\u00e9n los valores familiares se est\u00e1n perdiendo y, como consecuencia, la vida espiritual se est\u00e1 enfriando. La mentalidad materialista y consumista est\u00e1 llegando tambi\u00e9n al mundo \u00e1rabe. Es por eso que, al igual que en el resto del mundo, la primera labor que debe realizar la Iglesia es hacer que el fiel se encuentre con el amor gratuito de Dios&#8230;&#8221;<\/p>\n<p><a href=\"https:\/\/www.evernote.com\/shard\/s254\/sh\/f492cd18-1774-4d41-b4fc-e881611496b9\/20ffed3c1b941f55620061e4ff1b3ffc\" rel=\"noopener\" target=\"_blank\"><img decoding=\"async\" src=\"http:\/\/fraynelson.com\/banco_imagenes\/recomendados\/20220209.jpg\" alt=\"\" \/><\/p>\n<p>Haz clic aqu\u00ed!<\/a><\/p>\n","protected":false},"excerpt":{"rendered":"<p>&#8220;No podemos pasar por alto que la secularizaci\u00f3n tambi\u00e9n est\u00e1 llegando a Oriente y que cada vez los lazos sociales se est\u00e1n debilitando m\u00e1s. Tambi\u00e9n los valores familiares se est\u00e1n perdiendo y, como consecuencia, la vida espiritual se est\u00e1 enfriando. La mentalidad materialista y consumista est\u00e1 llegando tambi\u00e9n al mundo \u00e1rabe. Es por eso que, &hellip; <\/p>\n<p class=\"link-more\"><a href=\"https:\/\/fraynelson.com\/blog\/2022\/02\/07\/testimonio-de-un-sacerdote-catolico-en-palestina\/\" class=\"more-link\">Continuar leyendo<span class=\"screen-reader-text\"> &#8220;Testimonio de un sacerdote cat\u00f3lico en Palestina&#8221;<\/span><\/a><\/p>\n","protected":false},"author":1138,"featured_media":0,"comment_status":"closed","ping_status":"closed","sticky":false,"template":"","format":"standard","meta":{"footnotes":""},"categories":[620,56,1308],"tags":[],"class_list":["post-93487","post","type-post","status-publish","format-standard","hentry","category-enlaces","category-la-iglesia-hoy","category-palestina"],"jetpack_featured_media_url":"","_links":{"self":[{"href":"https:\/\/fraynelson.com\/blog\/wp-json\/wp\/v2\/posts\/93487","targetHints":{"allow":["GET"]}}],"collection":[{"href":"https:\/\/fraynelson.com\/blog\/wp-json\/wp\/v2\/posts"}],"about":[{"href":"https:\/\/fraynelson.com\/blog\/wp-json\/wp\/v2\/types\/post"}],"author":[{"embeddable":true,"href":"https:\/\/fraynelson.com\/blog\/wp-json\/wp\/v2\/users\/1138"}],"replies":[{"embeddable":true,"href":"https:\/\/fraynelson.com\/blog\/wp-json\/wp\/v2\/comments?post=93487"}],"version-history":[{"count":1,"href":"https:\/\/fraynelson.com\/blog\/wp-json\/wp\/v2\/posts\/93487\/revisions"}],"predecessor-version":[{"id":93488,"href":"https:\/\/fraynelson.com\/blog\/wp-json\/wp\/v2\/posts\/93487\/revisions\/93488"}],"wp:attachment":[{"href":"https:\/\/fraynelson.com\/blog\/wp-json\/wp\/v2\/media?parent=93487"}],"wp:term":[{"taxonomy":"category","embeddable":true,"href":"https:\/\/fraynelson.com\/blog\/wp-json\/wp\/v2\/categories?post=93487"},{"taxonomy":"post_tag","embeddable":true,"href":"https:\/\/fraynelson.com\/blog\/wp-json\/wp\/v2\/tags?post=93487"}],"curies":[{"name":"wp","href":"https:\/\/api.w.org\/{rel}","templated":true}]}}