{"id":93402,"date":"2022-02-02T01:43:58","date_gmt":"2022-02-02T06:43:58","guid":{"rendered":"http:\/\/fraynelson.com\/blog\/?p=93402"},"modified":"2022-02-01T22:47:15","modified_gmt":"2022-02-02T03:47:15","slug":"me-alegro-de-sufrir-por-vosotros","status":"publish","type":"post","link":"https:\/\/fraynelson.com\/blog\/2022\/02\/02\/me-alegro-de-sufrir-por-vosotros\/","title":{"rendered":"Me alegro de sufrir por vosotros"},"content":{"rendered":"<p>El cap\u00edtulo anterior nos ha hecho descubrir c\u00f3mo San Pablo se concibe a s\u00ed mismo \u00edntimamente asociado a Cristo y a su mensaje. Para \u00e9l, evangelizar no es una tarea meramente externa, sino que le implica totalmente desde dentro. El mensajero debe identificarse con el mensaje, y debe identificarse tambi\u00e9n con Aquel que le env\u00eda.<\/p>\n<p>Llegamos as\u00ed a un aspecto esencial en el conocimiento y en la experiencia que Pablo tiene del misterio de Cristo: el misterio de la cruz. Configurado con Cristo, vamos a descubrir al Ap\u00f3stol \u00abcrucificado con Cristo\u00bb (Gal. 2,19) y \u00abconfigurado a su muerte\u00bb (Fil. 3,10).<\/p>\n<p>\u00abLlevo en mi cuerpo las marcas de Jes\u00fas\u00bb (Gal. 6,17)<\/p>\n<p>Varias veces alude San Pablo en sus cartas a \u00ablas marcas de Jes\u00fas\u00bb que lleva impresas en su cuerpo. Indudablemente no se refiere a estigmas ni a ning\u00fan otro tipo de fen\u00f3meno extraordinario, sino a las cicatrices debidas a los malos tratos sufridos por Cristo (2 Cor. 4,10; 6,4-5&#8230;).<\/p>\n<p>En 2 Cor. 11,24-27 nos da incluso una lista detallada de pruebas por las que hab\u00eda tenido que pasar: \u00abCinco veces recib\u00ed de los jud\u00edos cuarenta azotes menos uno. Tres veces fui azotado con varas; una vez apedreado; tres veces naufragu\u00e9; un d\u00eda y una noche pas\u00e9 en el abismo. Viajes frecuentes; peligros de r\u00edos; peligros de salteadores; peligros de los de mi raza; peligros de los gentiles; peligros en ciudad; peligros en despoblado; peligros por mar; peligros entre falsos hermanos; trabajo y fatiga; noches sin dormir, muchas veces; hambre y sed; muchos d\u00edas sin comer; fr\u00edo y desnudez\u00bb. Y el libro de los Hechos nos certifica del realismo de todo ello: c\u00e1rceles, tribunales, latigazos, insidias, amenazas de muerte, motines&#8230; El sufrimiento f\u00edsico ha acompa\u00f1ado a cada paso al ap\u00f3stol en su existencia.<\/p>\n<p>M\u00e1s a\u00fan, en 2 Cor. 12, 10 habla de \u00abinjurias\u00bb, \u00abpersecuciones\u00bb, \u00abangustias\u00bb, \u00absufridas por Cristo\u00bb. Por tanto, junto a los sufrimientos f\u00edsicos est\u00e1 ese roce continuo de la humillaci\u00f3n, la contradicci\u00f3n, las dificultades y trabas de todo tipo; y ello por parte de los jud\u00edos, de las autoridades romanas&#8230; o de los mismos \u00abfalsos hermanos\u00bb (fue sin duda una de las espinas m\u00e1s dolorosas del ap\u00f3stol la presencia continua de los judaizantes, de los falsos ap\u00f3stoles, que pon\u00edan en tela de juicio su labor e incluso contradec\u00edan abiertamente la predicaci\u00f3n de Pablo).<\/p>\n<p>\u00c9l mismo presenta estos sufrimientos, \u00absoportados por Cristo\u00bb, como una prueba de la autenticidad de su apostolado (2 Cor. 12,12). Pablo ha sufrido de hecho en su carne por Cristo y por el Evangelio, por sus comunidades y por cada evangelizado. Y eso es se\u00f1al clara de que nada buscaba para s\u00ed. Pues ciertamente el mercenario cuando ve venir al lobo abandona las ovejas y huye, pues en realidad no le importan las ovejas (Jn. 10,12-13); en cambio, el buen pastor -el aut\u00e9ntico ap\u00f3stol- da la vida por las ovejas (Jn. 10,11).<\/p>\n<hr \/>\n<p><em>El autor de esta obra es el sacerdote espa\u00f1ol Julio Alonso Ampuero, a quien expresamos nuestra gratitud. Aqu\u00ed la obra se publica \u00edntegra, por entregas. Lo ya publicado puede consultarse<\/em> <a href=\"http:\/\/is.gd\/espsanpablo\">aqu\u00ed<\/a>.<\/p>\n","protected":false},"excerpt":{"rendered":"<p>El cap\u00edtulo anterior nos ha hecho descubrir c\u00f3mo San Pablo se concibe a s\u00ed mismo \u00edntimamente asociado a Cristo y a su mensaje. Para \u00e9l, evangelizar no es una tarea meramente externa, sino que le implica totalmente desde dentro. El mensajero debe identificarse con el mensaje, y debe identificarse tambi\u00e9n con Aquel que le env\u00eda. &hellip; <\/p>\n<p class=\"link-more\"><a href=\"https:\/\/fraynelson.com\/blog\/2022\/02\/02\/me-alegro-de-sufrir-por-vosotros\/\" class=\"more-link\">Continuar leyendo<span class=\"screen-reader-text\"> &#8220;Me alegro de sufrir por vosotros&#8221;<\/span><\/a><\/p>\n","protected":false},"author":1138,"featured_media":0,"comment_status":"closed","ping_status":"closed","sticky":false,"template":"","format":"standard","meta":{"footnotes":""},"categories":[1390,1273],"tags":[],"class_list":["post-93402","post","type-post","status-publish","format-standard","hentry","category-espiritualidad-de-san-pablo","category-sufrimiento"],"jetpack_featured_media_url":"","_links":{"self":[{"href":"https:\/\/fraynelson.com\/blog\/wp-json\/wp\/v2\/posts\/93402","targetHints":{"allow":["GET"]}}],"collection":[{"href":"https:\/\/fraynelson.com\/blog\/wp-json\/wp\/v2\/posts"}],"about":[{"href":"https:\/\/fraynelson.com\/blog\/wp-json\/wp\/v2\/types\/post"}],"author":[{"embeddable":true,"href":"https:\/\/fraynelson.com\/blog\/wp-json\/wp\/v2\/users\/1138"}],"replies":[{"embeddable":true,"href":"https:\/\/fraynelson.com\/blog\/wp-json\/wp\/v2\/comments?post=93402"}],"version-history":[{"count":1,"href":"https:\/\/fraynelson.com\/blog\/wp-json\/wp\/v2\/posts\/93402\/revisions"}],"predecessor-version":[{"id":93403,"href":"https:\/\/fraynelson.com\/blog\/wp-json\/wp\/v2\/posts\/93402\/revisions\/93403"}],"wp:attachment":[{"href":"https:\/\/fraynelson.com\/blog\/wp-json\/wp\/v2\/media?parent=93402"}],"wp:term":[{"taxonomy":"category","embeddable":true,"href":"https:\/\/fraynelson.com\/blog\/wp-json\/wp\/v2\/categories?post=93402"},{"taxonomy":"post_tag","embeddable":true,"href":"https:\/\/fraynelson.com\/blog\/wp-json\/wp\/v2\/tags?post=93402"}],"curies":[{"name":"wp","href":"https:\/\/api.w.org\/{rel}","templated":true}]}}