{"id":92084,"date":"2021-12-01T01:15:24","date_gmt":"2021-12-01T06:15:24","guid":{"rendered":"http:\/\/fraynelson.com\/blog\/?p=92084"},"modified":"2021-11-30T18:21:41","modified_gmt":"2021-11-30T23:21:41","slug":"visiones-y-revelaciones-de-san-pablo","status":"publish","type":"post","link":"https:\/\/fraynelson.com\/blog\/2021\/12\/01\/visiones-y-revelaciones-de-san-pablo\/","title":{"rendered":"Visiones y revelaciones de San Pablo"},"content":{"rendered":"<p>\u00abVisiones y revelaciones\u00bb (2 Cor. 12,1)<\/p>\n<p>La imagen de San Pablo viajero incansable y lleno de una actividad inagotable no dice ni mucho menos toda la verdad acerca de \u00e9l. Porque \u00e9l era en el fondo un contemplativo. Era un hombre de profunda oraci\u00f3n, y esta constitu\u00eda el manantial de donde extra\u00eda sus energ\u00edas para la lucha cotidiana.<\/p>\n<p>Es verdad que no hay muchos textos en este sentido, pero s\u00ed son suficientemente expresivos. En 2 Cor. 12,1-6, en contexto de pol\u00e9mica contra los falsos ap\u00f3stoles y hablando de s\u00ed mismo en tercera persona, afirma que podr\u00eda presumir de \u00abvisiones y revelaciones del Se\u00f1or\u00bb, de \u00abhaber sido arrebatado hasta el tercer cielo\u00bb, de haber o\u00eddo \u00abpalabras inefables que el hombre no puede pronunciar\u00bb&#8230; Decide no presentar esas credenciales, pues prefiere gloriarse de su debilidad, pero ah\u00ed queda como testimonio de la altura de su oraci\u00f3n.<\/p>\n<p>De hecho, tambi\u00e9n en los Hechos de los Ap\u00f3stoles se nos dice que Pablo \u00abestando en oraci\u00f3n en el templo\u00bb de Jerusal\u00e9n cayo en \u00e9xtasis (22,17), y se nos habla de visiones en que el Se\u00f1or le conforta (18,9-10) y que son decisivas para la orientaci\u00f3n posterior de su apostolado (16,9-10).<\/p>\n<p>Quiz\u00e1 a la contemplaci\u00f3n del Se\u00f1or se aluda en 2 Cor. 3,18, que parece ser una r\u00e9plica de Ex. 34,29-35: de la misma manera que Mois\u00e9s volv\u00eda de la presencia del Se\u00f1or con el rostro resplandeciente -aunque \u00e9l mismo no se daba cuenta- , Pablo tiene conciencia de reflejar como un espejo la gloria del Se\u00f1or. La intimidad y la contemplaci\u00f3n del Se\u00f1or le hacen testigo, le hacen luminoso, aun sin \u00e9l mismo percatarse de ello&#8230;<\/p>\n","protected":false},"excerpt":{"rendered":"<p>\u00abVisiones y revelaciones\u00bb (2 Cor. 12,1) La imagen de San Pablo viajero incansable y lleno de una actividad inagotable no dice ni mucho menos toda la verdad acerca de \u00e9l. Porque \u00e9l era en el fondo un contemplativo. Era un hombre de profunda oraci\u00f3n, y esta constitu\u00eda el manantial de donde extra\u00eda sus energ\u00edas para &hellip; <\/p>\n<p class=\"link-more\"><a href=\"https:\/\/fraynelson.com\/blog\/2021\/12\/01\/visiones-y-revelaciones-de-san-pablo\/\" class=\"more-link\">Continuar leyendo<span class=\"screen-reader-text\"> &#8220;Visiones y revelaciones de San Pablo&#8221;<\/span><\/a><\/p>\n","protected":false},"author":1138,"featured_media":0,"comment_status":"closed","ping_status":"closed","sticky":false,"template":"","format":"standard","meta":{"footnotes":""},"categories":[1390],"tags":[],"class_list":["post-92084","post","type-post","status-publish","format-standard","hentry","category-espiritualidad-de-san-pablo"],"jetpack_featured_media_url":"","_links":{"self":[{"href":"https:\/\/fraynelson.com\/blog\/wp-json\/wp\/v2\/posts\/92084","targetHints":{"allow":["GET"]}}],"collection":[{"href":"https:\/\/fraynelson.com\/blog\/wp-json\/wp\/v2\/posts"}],"about":[{"href":"https:\/\/fraynelson.com\/blog\/wp-json\/wp\/v2\/types\/post"}],"author":[{"embeddable":true,"href":"https:\/\/fraynelson.com\/blog\/wp-json\/wp\/v2\/users\/1138"}],"replies":[{"embeddable":true,"href":"https:\/\/fraynelson.com\/blog\/wp-json\/wp\/v2\/comments?post=92084"}],"version-history":[{"count":1,"href":"https:\/\/fraynelson.com\/blog\/wp-json\/wp\/v2\/posts\/92084\/revisions"}],"predecessor-version":[{"id":92085,"href":"https:\/\/fraynelson.com\/blog\/wp-json\/wp\/v2\/posts\/92084\/revisions\/92085"}],"wp:attachment":[{"href":"https:\/\/fraynelson.com\/blog\/wp-json\/wp\/v2\/media?parent=92084"}],"wp:term":[{"taxonomy":"category","embeddable":true,"href":"https:\/\/fraynelson.com\/blog\/wp-json\/wp\/v2\/categories?post=92084"},{"taxonomy":"post_tag","embeddable":true,"href":"https:\/\/fraynelson.com\/blog\/wp-json\/wp\/v2\/tags?post=92084"}],"curies":[{"name":"wp","href":"https:\/\/api.w.org\/{rel}","templated":true}]}}