{"id":91817,"date":"2021-11-19T12:35:29","date_gmt":"2021-11-19T17:35:29","guid":{"rendered":"https:\/\/fraynelson.com\/blog\/?p=91817"},"modified":"2021-11-18T07:37:13","modified_gmt":"2021-11-18T12:37:13","slug":"la-gracia-2021-11-21-proclamar-a-cristo-como-nuestro-rey","status":"publish","type":"post","link":"https:\/\/fraynelson.com\/blog\/2021\/11\/19\/la-gracia-2021-11-21-proclamar-a-cristo-como-nuestro-rey\/","title":{"rendered":"LA GRACIA 2021\/11\/21 Proclamar a Cristo como nuestro Rey"},"content":{"rendered":"<p>SOLEMNIDAD DE NUESTRO SE\u00d1OR JESUCRISTO REY DEL UNIVERSO, CICLO B<\/p>\n<p>El reinado de Jesucristo no se limita al \u00e1mbito privado, la fe tambi\u00e9n se manifiesta en lo p\u00fablico; Cristo es capaz de sacar bienes incluso de los males por eso no ocultemos nuestra fe y seamos sembradores de su Reino.<\/p>\n<p><iframe loading=\"lazy\" title=\"LA GRACIA 2021\/11\/21 Proclamar a Cristo como nuestro Rey\" width=\"525\" height=\"295\" src=\"https:\/\/www.youtube.com\/embed\/PucX7jH2xiY?feature=oembed\" frameborder=\"0\" allow=\"accelerometer; autoplay; clipboard-write; encrypted-media; gyroscope; picture-in-picture; web-share\" referrerpolicy=\"strict-origin-when-cross-origin\" allowfullscreen><\/iframe><\/p>\n<p>[<strong>REPRODUCCI\u00d3N PERMITIDA<\/strong> <em>en redes sociales, blogs, emisoras de radio, y otros medios<\/em>. <span style=\"color: #993300;\">Tu donaci\u00f3n hace fuerte la evangelizaci\u00f3n cat\u00f3lica. <a style=\"color: #993300;\" href=\"https:\/\/paypal.me\/fraynelsonmedina?locale.x=es_XC\" target=\"_blank\" rel=\"noopener noreferrer\">\u00a1Dona ahora<\/a>!<\/span>]<\/p>\n\n","protected":false},"excerpt":{"rendered":"<p>SOLEMNIDAD DE NUESTRO SE\u00d1OR JESUCRISTO REY DEL UNIVERSO, CICLO B El reinado de Jesucristo no se limita al \u00e1mbito privado, la fe tambi\u00e9n se manifiesta en lo p\u00fablico; Cristo es capaz de sacar bienes incluso de los males por eso no ocultemos nuestra fe y seamos sembradores de su Reino.<\/p>\n","protected":false},"author":1140,"featured_media":0,"comment_status":"closed","ping_status":"closed","sticky":false,"template":"","format":"standard","meta":{"footnotes":""},"categories":[291,314,307,841,302],"tags":[],"class_list":["post-91817","post","type-post","status-publish","format-standard","hentry","category-audio","category-cristo","category-homilias","category-micro-homilias","category-video"],"jetpack_featured_media_url":"","_links":{"self":[{"href":"https:\/\/fraynelson.com\/blog\/wp-json\/wp\/v2\/posts\/91817","targetHints":{"allow":["GET"]}}],"collection":[{"href":"https:\/\/fraynelson.com\/blog\/wp-json\/wp\/v2\/posts"}],"about":[{"href":"https:\/\/fraynelson.com\/blog\/wp-json\/wp\/v2\/types\/post"}],"author":[{"embeddable":true,"href":"https:\/\/fraynelson.com\/blog\/wp-json\/wp\/v2\/users\/1140"}],"replies":[{"embeddable":true,"href":"https:\/\/fraynelson.com\/blog\/wp-json\/wp\/v2\/comments?post=91817"}],"version-history":[{"count":1,"href":"https:\/\/fraynelson.com\/blog\/wp-json\/wp\/v2\/posts\/91817\/revisions"}],"predecessor-version":[{"id":91818,"href":"https:\/\/fraynelson.com\/blog\/wp-json\/wp\/v2\/posts\/91817\/revisions\/91818"}],"wp:attachment":[{"href":"https:\/\/fraynelson.com\/blog\/wp-json\/wp\/v2\/media?parent=91817"}],"wp:term":[{"taxonomy":"category","embeddable":true,"href":"https:\/\/fraynelson.com\/blog\/wp-json\/wp\/v2\/categories?post=91817"},{"taxonomy":"post_tag","embeddable":true,"href":"https:\/\/fraynelson.com\/blog\/wp-json\/wp\/v2\/tags?post=91817"}],"curies":[{"name":"wp","href":"https:\/\/api.w.org\/{rel}","templated":true}]}}