{"id":90,"date":"2005-06-06T01:15:00","date_gmt":"2005-06-06T06:15:00","guid":{"rendered":"1986239535"},"modified":"2005-08-15T15:54:20","modified_gmt":"2005-08-15T15:54:20","slug":"645","status":"publish","type":"post","link":"https:\/\/fraynelson.com\/blog\/2005\/06\/06\/645\/","title":{"rendered":"Entender el entendimiento (5 de 12)"},"content":{"rendered":"<p><strong>5. \u00bfEntender al cerebro es entender la inteligencia?<\/strong><\/p>\n<p>La neurolog\u00eda y dem\u00e1s ciencias asociadas han logrado notables resultados, tanto en la comprensi\u00f3n de nuestro propio cuerpo como en el diagn\u00f3stico y tratamiento de diversas dolencias. Ello sin embargo no nos ahorra la pregunta clave: \u00bfEntender al cerebro es entender la inteligencia? O puesto de otro modo: \u00bftodo lo que puede entenderse sobre la inteligencia puede ser deducido de nuestra anatom\u00eda, fisiolog\u00eda y relaci\u00f3n con el entorno?<\/p>\n<p><!--more--><\/p>\n<p><p>Hay que observar que quienes afirman que la inteligencia es reducible al cuerpo y la materia se apoyan en un principio de doble asociaci\u00f3n. En una direcci\u00f3n se enuncia as\u00ed: &#8220;cada vez que Juan ve algo se afecta tal parte del cerebro de Juan.&#8221; En la otra direcci\u00f3n se enuncia as\u00ed: &#8220;Cada vez que comprobamos que tal parte del cerebro de Juan se afecta, \u00e9l reporta que est\u00e1 viendo tal o cual cosa.&#8221; Eventualmente estas dos direcciones se funden en un producto: &#8220;Hemos logrado producir en el cerebro de Juan las interacciones el\u00e9ctricas, magn\u00e9ticas y qu\u00edmicas tales que \u00e9l afirma ver lo que nosotros queremos que vea.&#8221; C\u00e1mbiese aqu\u00ed el verbo &#8220;ver&#8221; por cualquier otro, sin excluir sentir, recordar, amar, desear, olvidar o sentir que \u00e9l es &#8220;Mar\u00eda&#8221; y no &#8220;Juan.&#8221;<\/p>\n<p>De modo m\u00e1s formal, el principio de doble asociaci\u00f3n dice que si dos fen\u00f3menos est\u00e1n vinculados de modo que no puede darse uno sin que se d\u00e9 otro, y alguno de ellos es completamente explicable, el otro debe considerarse completamente explicado. Por supuesto, lo &#8220;completamente explicable&#8221; en el caso presente es lo que vemos que sucede en el cerebro de Juan que est\u00e1 delante de nosotros; lo &#8220;vinculado&#8221; es el mundo de sensaciones, recuerdos, ideas, fantas\u00edas que Juan afirma tener. El principio de doble asociaci\u00f3n dice que una vez obtenida la explicaci\u00f3n del lado que podemos explicar no hay nada m\u00e1s que deba ni que de hecho pueda ser explicado. Por decirlo de manera casi brutal: ya no necesitamos de Juan.<\/p>\n<p>Por supuesto, las ciencias neurol\u00f3gicas no han alcanzado esas &#8220;perfectas explicaciones&#8221; pero la discusi\u00f3n no va en el sentido de los resultados obtenidos sino m\u00e1s bien en el terreno de los principios. De nuevo: \u00bfEntender al cerebro es entender la inteligencia?<\/p>\n<p>Para cient\u00edficos y pensadores como Rodolfo Llin\u00e1s no hay duda de ello. En su obra <em>El cerebro y el Mito del Yo<\/em> (ed. Norma, 2002, p. 147) afirma: &#8220;La subjetividad o el &#8216;s\u00ed mismo&#8217; se genera mediante el di\u00e1logo entre el t\u00e1lamo y la corteza o, en otras palabras, <em>los eventos unificadores recurrentes constituyen el sustrato del &#8216;s\u00ed mismo&#8217;<\/em> &#8221; (subrayado del autor). Ese &#8220;di\u00e1logo&#8221; se produce de un modo espec\u00edfico y localizable en el cerebro. Por eso anota el mismo autor: &#8220;Esta centralizaci\u00f3n de la predicci\u00f3n es la abstracci\u00f3n que llamamos el &#8216;s\u00ed mismo&#8217; &#8221; (p. 148).<\/p>\n<p>Hay que saber que para Llin\u00e1s la predicci\u00f3n es la funci\u00f3n real del cerebro, entendiendo por ella la expectativa de eventos por venir (v\u00e9ase p. 4). El cerebro, seg\u00fan este notable investigador, es un productor de im\u00e1genes sensomotoras, y la percepci\u00f3n es la &#8220;validaci\u00f3n&#8221; de estas im\u00e1genes. El cerebro est\u00e1 lanzando &#8220;predicciones&#8221; o expectativas sobre el mundo y a trav\u00e9s de los sentidos las va validando y ajustando. Hay un &#8220;centro&#8221; para esas predicciones que es precisamente el di\u00e1logo entre el t\u00e1lamo cerebral y su corteza, y a esa operaci\u00f3n continua, a ese di\u00e1logo, considerado de manera abstracta, lo llamamos el &#8220;yo.&#8221; De este modo el conocimiento exhaustivo de lo que \u00e9l llama el cableado del cerebro conducir\u00eda al conocimiento del yo y de sus vivencias. No hay nada ajeno, sobrenatural, invisible o inexplicable en todo ello. Puede ser complejo y requerir d\u00e9cadas de investigaci\u00f3n pero esencialmente todo est\u00e1 ah\u00ed.<\/p>\n<p>\u00bfQu\u00e9 quiere decir que el yo es una abstracci\u00f3n? No se trata de algo metaf\u00edsico. Llin\u00e1s lo explica as\u00ed: &#8220;El &#8216;yo,&#8217; aquello por lo que trabajamos y sufrimos, es tan s\u00f3lo un t\u00e9rmino \u00fatil, referente a un evento que es tan abstracto como lo es el concepto del T\u00edo Sam respecto de la realidad de algo que es tan complejo y heterog\u00e9neo como son los Estados Unidos&#8221; (p. 149).<\/p>\n<p>La noci\u00f3n de &#8220;t\u00e9rmino \u00fatil&#8221; nos hace recordar a Hume, en su Tratado de la Naturaleza Humana:<\/p>\n<p>\n<blockquote><p>La identidad que atribuimos al esp\u00edritu humano es tan s\u00f3lo ficticia y del mismo g\u00e9nero que la que adscribimos a los cuerpos vegetales o animales. No puede, pues, tener un origen diferente, sino que debe proceder de una actividad an\u00e1loga de la imaginaci\u00f3n dirigida a objetos an\u00e1logos (I, 1, 4).<\/p><\/blockquote>\n<p>\n<p>Un poco m\u00e1s adelante, en la misma secci\u00f3n, asegura el fil\u00f3sofo brit\u00e1nico:<\/p>\n<p>\n<blockquote><p>Nuestras impresiones dan lugar a las ideas correspondientes, y estas ideas, a su vez, producen otras impresiones. Un pensamiento persigue a otro y trae tras de s\u00ed un tercero, por el cual es expulsado a su vez. En este respecto, a nada puedo comparar el alma mejor que a una Rep\u00fablica o Estado en que los diferentes miembros se hallen unidos por los lazos rec\u00edprocos del gobierno y subordinaci\u00f3n y den la vida a otras personas que propagan la misma Rep\u00fablica, a pesar de los cambios incesantes de sus partes, y como la misma Rep\u00fablica no s\u00f3lo puede cambiar sus miembros, sino tambi\u00e9n sus leyes y constituciones, la misma persona puede del mismo modo variar su car\u00e1cter y disposici\u00f3n, lo mismo que sus impresiones e ideas, sin perder su identidad. Cualesquiera que sean los cambios que sufre, sus partes diversas siguen enlazadas aun por la relaci\u00f3n de causalidad. Desde este punto de vista, nuestra identidad con respecto a las pasiones viene a corroborar la identidad con respecto a la imaginaci\u00f3n, haciendo que nuestras percepciones distantes se influyan entre s\u00ed y d\u00e1ndonos un inter\u00e9s actual por nuestros dolores y placeres pasados o futuros.<\/p><\/blockquote>\n<p>\n<p>Desconozco si Llin\u00e1s ha le\u00eddo a Hume, pero, vistas las cosas desde fuera, hasta el ejemplo del &#8220;T\u00edo Sam&#8221; parece tener antecedentes de varios siglos.<\/p>\n","protected":false},"excerpt":{"rendered":"<p>5. \u00bfEntender al cerebro es entender la inteligencia? La neurolog\u00eda y dem\u00e1s ciencias asociadas han logrado notables resultados, tanto en la comprensi\u00f3n de nuestro propio cuerpo como en el diagn\u00f3stico y tratamiento de diversas dolencias. Ello sin embargo no nos ahorra la pregunta clave: \u00bfEntender al cerebro es entender la inteligencia? O puesto de otro &hellip; <\/p>\n<p class=\"link-more\"><a href=\"https:\/\/fraynelson.com\/blog\/2005\/06\/06\/645\/\" class=\"more-link\">Continuar leyendo<span class=\"screen-reader-text\"> &#8220;Entender el entendimiento (5 de 12)&#8221;<\/span><\/a><\/p>\n","protected":false},"author":1138,"featured_media":0,"comment_status":"open","ping_status":"open","sticky":false,"template":"","format":"standard","meta":{"footnotes":""},"categories":[47],"tags":[],"class_list":["post-90","post","type-post","status-publish","format-standard","hentry","category-filosofia-y-psicologia"],"jetpack_featured_media_url":"","_links":{"self":[{"href":"https:\/\/fraynelson.com\/blog\/wp-json\/wp\/v2\/posts\/90","targetHints":{"allow":["GET"]}}],"collection":[{"href":"https:\/\/fraynelson.com\/blog\/wp-json\/wp\/v2\/posts"}],"about":[{"href":"https:\/\/fraynelson.com\/blog\/wp-json\/wp\/v2\/types\/post"}],"author":[{"embeddable":true,"href":"https:\/\/fraynelson.com\/blog\/wp-json\/wp\/v2\/users\/1138"}],"replies":[{"embeddable":true,"href":"https:\/\/fraynelson.com\/blog\/wp-json\/wp\/v2\/comments?post=90"}],"version-history":[{"count":0,"href":"https:\/\/fraynelson.com\/blog\/wp-json\/wp\/v2\/posts\/90\/revisions"}],"wp:attachment":[{"href":"https:\/\/fraynelson.com\/blog\/wp-json\/wp\/v2\/media?parent=90"}],"wp:term":[{"taxonomy":"category","embeddable":true,"href":"https:\/\/fraynelson.com\/blog\/wp-json\/wp\/v2\/categories?post=90"},{"taxonomy":"post_tag","embeddable":true,"href":"https:\/\/fraynelson.com\/blog\/wp-json\/wp\/v2\/tags?post=90"}],"curies":[{"name":"wp","href":"https:\/\/api.w.org\/{rel}","templated":true}]}}