{"id":88263,"date":"2021-05-24T08:10:21","date_gmt":"2021-05-24T13:10:21","guid":{"rendered":"http:\/\/fraynelson.com\/blog\/?p=88263"},"modified":"2021-05-24T08:10:21","modified_gmt":"2021-05-24T13:10:21","slug":"san-jose-un-hombre-de-silencio-interior","status":"publish","type":"post","link":"https:\/\/fraynelson.com\/blog\/2021\/05\/24\/san-jose-un-hombre-de-silencio-interior\/","title":{"rendered":"San Jos\u00e9, un hombre de silencio interior"},"content":{"rendered":"<p>&#8220;San Jos\u00e9 me da una palabra que nace de su silencio interior, una palabra cargada de gracia, portadora de vida, que realmente me llega, que lo que yo buscaba \u00e9l me lo dice, y que eso que \u00e9l me dice desde fuera yo veo interiormente que s\u00ed, que realmente me toca (como lo que dice San Agust\u00edn en De Magistro, en plan plat\u00f3nico: \u201cconocer es recordar\u201d). Como es santo, me dice lo que est\u00e1 en m\u00ed no expl\u00edcito, lo que mi alma busca sin saberlo. Dicen que San Juan de \u00c1vila cuando predicaba tocaba a la gente de tal manera que algunos sal\u00edan gritando. Les llegaba al interior,porque rezaba, porque ayunaba y porque era un hombre santo, y, por eso mismo, la palabra de verdad del Esp\u00edritu Santo le era conocida&#8230;&#8221;<\/p>\n<p><a href=\"https:\/\/www.evernote.com\/shard\/s254\/sh\/86d37071-6b87-4583-be32-6e361944bcfa\/e040d1171426abf4c7a9a692ea0f139c\" rel=\"noopener\" target=\"_blank\"><img decoding=\"async\" src=\"http:\/\/fraynelson.com\/banco_imagenes\/recomendados\/20210525.jpg\" alt=\"\" \/><\/p>\n<p>Haz clic aqu\u00ed!<\/a><\/p>\n","protected":false},"excerpt":{"rendered":"<p>&#8220;San Jos\u00e9 me da una palabra que nace de su silencio interior, una palabra cargada de gracia, portadora de vida, que realmente me llega, que lo que yo buscaba \u00e9l me lo dice, y que eso que \u00e9l me dice desde fuera yo veo interiormente que s\u00ed, que realmente me toca (como lo que dice &hellip; <\/p>\n<p class=\"link-more\"><a href=\"https:\/\/fraynelson.com\/blog\/2021\/05\/24\/san-jose-un-hombre-de-silencio-interior\/\" class=\"more-link\">Continuar leyendo<span class=\"screen-reader-text\"> &#8220;San Jos\u00e9, un hombre de silencio interior&#8221;<\/span><\/a><\/p>\n","protected":false},"author":1138,"featured_media":0,"comment_status":"closed","ping_status":"closed","sticky":false,"template":"","format":"standard","meta":{"footnotes":""},"categories":[370,620,647],"tags":[],"class_list":["post-88263","post","type-post","status-publish","format-standard","hentry","category-crecimiento_espiritual","category-enlaces","category-san_jose"],"jetpack_featured_media_url":"","_links":{"self":[{"href":"https:\/\/fraynelson.com\/blog\/wp-json\/wp\/v2\/posts\/88263","targetHints":{"allow":["GET"]}}],"collection":[{"href":"https:\/\/fraynelson.com\/blog\/wp-json\/wp\/v2\/posts"}],"about":[{"href":"https:\/\/fraynelson.com\/blog\/wp-json\/wp\/v2\/types\/post"}],"author":[{"embeddable":true,"href":"https:\/\/fraynelson.com\/blog\/wp-json\/wp\/v2\/users\/1138"}],"replies":[{"embeddable":true,"href":"https:\/\/fraynelson.com\/blog\/wp-json\/wp\/v2\/comments?post=88263"}],"version-history":[{"count":1,"href":"https:\/\/fraynelson.com\/blog\/wp-json\/wp\/v2\/posts\/88263\/revisions"}],"predecessor-version":[{"id":88264,"href":"https:\/\/fraynelson.com\/blog\/wp-json\/wp\/v2\/posts\/88263\/revisions\/88264"}],"wp:attachment":[{"href":"https:\/\/fraynelson.com\/blog\/wp-json\/wp\/v2\/media?parent=88263"}],"wp:term":[{"taxonomy":"category","embeddable":true,"href":"https:\/\/fraynelson.com\/blog\/wp-json\/wp\/v2\/categories?post=88263"},{"taxonomy":"post_tag","embeddable":true,"href":"https:\/\/fraynelson.com\/blog\/wp-json\/wp\/v2\/tags?post=88263"}],"curies":[{"name":"wp","href":"https:\/\/api.w.org\/{rel}","templated":true}]}}