{"id":87894,"date":"2021-05-09T01:38:09","date_gmt":"2021-05-09T06:38:09","guid":{"rendered":"http:\/\/fraynelson.com\/blog\/?p=87894"},"modified":"2021-05-08T20:45:02","modified_gmt":"2021-05-09T01:45:02","slug":"el-rostro-de-la-genuina-caridad","status":"publish","type":"post","link":"https:\/\/fraynelson.com\/blog\/2021\/05\/09\/el-rostro-de-la-genuina-caridad\/","title":{"rendered":"El rostro de la genuina caridad"},"content":{"rendered":"<p>Ama y practica la caridad, sin l\u00edmites y sin discriminaciones, porque es la virtud que nos caracteriza a los disc\u00edpulos del Maestro. -Sin embargo, esa caridad no puede llevarte -dejar\u00eda de ser virtud- a amortiguar la fe, a quitar las aristas que la definen, a dulcificarla hasta convertirla, como algunos pretenden, en algo amorfo que no tiene la fuerza y el poder de Dios.<\/p>\n<p><a href=\"https:\/\/fraynelson.com\/blog\/categorias\/personas\/san-josemaria-escriva\/\">M\u00e1s pensamientos de San Josemar\u00eda<\/a>.<\/p>\n","protected":false},"excerpt":{"rendered":"<p>Ama y practica la caridad, sin l\u00edmites y sin discriminaciones, porque es la virtud que nos caracteriza a los disc\u00edpulos del Maestro. -Sin embargo, esa caridad no puede llevarte -dejar\u00eda de ser virtud- a amortiguar la fe, a quitar las aristas que la definen, a dulcificarla hasta convertirla, como algunos pretenden, en algo amorfo que &hellip; <\/p>\n<p class=\"link-more\"><a href=\"https:\/\/fraynelson.com\/blog\/2021\/05\/09\/el-rostro-de-la-genuina-caridad\/\" class=\"more-link\">Continuar leyendo<span class=\"screen-reader-text\"> &#8220;El rostro de la genuina caridad&#8221;<\/span><\/a><\/p>\n","protected":false},"author":1138,"featured_media":0,"comment_status":"closed","ping_status":"closed","sticky":false,"template":"","format":"standard","meta":{"footnotes":""},"categories":[405,953,443],"tags":[],"class_list":["post-87894","post","type-post","status-publish","format-standard","hentry","category-amor","category-camino-surco-forja","category-caridad"],"jetpack_featured_media_url":"","_links":{"self":[{"href":"https:\/\/fraynelson.com\/blog\/wp-json\/wp\/v2\/posts\/87894","targetHints":{"allow":["GET"]}}],"collection":[{"href":"https:\/\/fraynelson.com\/blog\/wp-json\/wp\/v2\/posts"}],"about":[{"href":"https:\/\/fraynelson.com\/blog\/wp-json\/wp\/v2\/types\/post"}],"author":[{"embeddable":true,"href":"https:\/\/fraynelson.com\/blog\/wp-json\/wp\/v2\/users\/1138"}],"replies":[{"embeddable":true,"href":"https:\/\/fraynelson.com\/blog\/wp-json\/wp\/v2\/comments?post=87894"}],"version-history":[{"count":1,"href":"https:\/\/fraynelson.com\/blog\/wp-json\/wp\/v2\/posts\/87894\/revisions"}],"predecessor-version":[{"id":87895,"href":"https:\/\/fraynelson.com\/blog\/wp-json\/wp\/v2\/posts\/87894\/revisions\/87895"}],"wp:attachment":[{"href":"https:\/\/fraynelson.com\/blog\/wp-json\/wp\/v2\/media?parent=87894"}],"wp:term":[{"taxonomy":"category","embeddable":true,"href":"https:\/\/fraynelson.com\/blog\/wp-json\/wp\/v2\/categories?post=87894"},{"taxonomy":"post_tag","embeddable":true,"href":"https:\/\/fraynelson.com\/blog\/wp-json\/wp\/v2\/tags?post=87894"}],"curies":[{"name":"wp","href":"https:\/\/api.w.org\/{rel}","templated":true}]}}