{"id":87888,"date":"2021-05-08T01:46:18","date_gmt":"2021-05-08T06:46:18","guid":{"rendered":"http:\/\/fraynelson.com\/blog\/?p=87888"},"modified":"2021-05-07T22:50:55","modified_gmt":"2021-05-08T03:50:55","slug":"estamos-con-nuestros-obispos","status":"publish","type":"post","link":"https:\/\/fraynelson.com\/blog\/2021\/05\/08\/estamos-con-nuestros-obispos\/","title":{"rendered":"\u00a1Estamos con nuestros obispos!"},"content":{"rendered":"<p>Los obispos colombianos preocupados por la situaci\u00f3n de agitaci\u00f3n social que se est\u00e1 presentando en diversas ciudades del pa\u00eds, convocaron una Jornada de Oraci\u00f3n, este viernes 7 de mayo,  en todas las parroquias del pa\u00eds para que se detenga la violencia, las agresiones, el abuso de la fuerza y la muerte, mientras recuerdan que si bien la protesta pac\u00edfica es un derecho, se debe ejercer en el respeto de las disposiciones establecidas ante la grave emergencia sanitaria que vive el pa\u00eds a causa de la pandemia de Covid-19.<\/p>\n<p>La Conferencia Episcopal de Colombia (CEC) expresa en un comunicado su postura ante las protestas que desde el primero de mayo se han desencadenado en todo el pa\u00eds. Si bien reconocen el derecho a la protesta como alternativa para obtener reivindicaciones sociales, rechazan el uso de la violencia y el irrespeto de las normas de seguridad sanitaria fundamentales en este momento de emergencia pand\u00e9mica.<\/p>\n<p>\u201cRechazamos decididamente, sea cual fuere su proveniencia, las violaciones a los derechos humanos, los actos de violencia vand\u00e1lica, los bloqueos a la movilidad y al abastecimiento de alimentos, la desaparici\u00f3n de personas, los atentados contra la integridad f\u00edsica de cualquier persona, los destrozos causados a los bienes p\u00fablicos y privados\u201d, puntualiza la CEC.<\/p>\n","protected":false},"excerpt":{"rendered":"<p>Los obispos colombianos preocupados por la situaci\u00f3n de agitaci\u00f3n social que se est\u00e1 presentando en diversas ciudades del pa\u00eds, convocaron una Jornada de Oraci\u00f3n, este viernes 7 de mayo, en todas las parroquias del pa\u00eds para que se detenga la violencia, las agresiones, el abuso de la fuerza y la muerte, mientras recuerdan que si &hellip; <\/p>\n<p class=\"link-more\"><a href=\"https:\/\/fraynelson.com\/blog\/2021\/05\/08\/estamos-con-nuestros-obispos\/\" class=\"more-link\">Continuar leyendo<span class=\"screen-reader-text\"> &#8220;\u00a1Estamos con nuestros obispos!&#8221;<\/span><\/a><\/p>\n","protected":false},"author":1138,"featured_media":0,"comment_status":"closed","ping_status":"closed","sticky":false,"template":"","format":"standard","meta":{"footnotes":""},"categories":[536,406],"tags":[],"class_list":["post-87888","post","type-post","status-publish","format-standard","hentry","category-colombia","category-paz"],"jetpack_featured_media_url":"","_links":{"self":[{"href":"https:\/\/fraynelson.com\/blog\/wp-json\/wp\/v2\/posts\/87888","targetHints":{"allow":["GET"]}}],"collection":[{"href":"https:\/\/fraynelson.com\/blog\/wp-json\/wp\/v2\/posts"}],"about":[{"href":"https:\/\/fraynelson.com\/blog\/wp-json\/wp\/v2\/types\/post"}],"author":[{"embeddable":true,"href":"https:\/\/fraynelson.com\/blog\/wp-json\/wp\/v2\/users\/1138"}],"replies":[{"embeddable":true,"href":"https:\/\/fraynelson.com\/blog\/wp-json\/wp\/v2\/comments?post=87888"}],"version-history":[{"count":1,"href":"https:\/\/fraynelson.com\/blog\/wp-json\/wp\/v2\/posts\/87888\/revisions"}],"predecessor-version":[{"id":87889,"href":"https:\/\/fraynelson.com\/blog\/wp-json\/wp\/v2\/posts\/87888\/revisions\/87889"}],"wp:attachment":[{"href":"https:\/\/fraynelson.com\/blog\/wp-json\/wp\/v2\/media?parent=87888"}],"wp:term":[{"taxonomy":"category","embeddable":true,"href":"https:\/\/fraynelson.com\/blog\/wp-json\/wp\/v2\/categories?post=87888"},{"taxonomy":"post_tag","embeddable":true,"href":"https:\/\/fraynelson.com\/blog\/wp-json\/wp\/v2\/tags?post=87888"}],"curies":[{"name":"wp","href":"https:\/\/api.w.org\/{rel}","templated":true}]}}