{"id":87728,"date":"2021-05-01T01:52:05","date_gmt":"2021-05-01T06:52:05","guid":{"rendered":"http:\/\/fraynelson.com\/blog\/?p=87728"},"modified":"2021-04-30T22:54:00","modified_gmt":"2021-05-01T03:54:00","slug":"la-exaltacion-de-la-santa-cruz-se-celebra-el-3-de-mayo-en-colombia-y-otros-paises","status":"publish","type":"post","link":"https:\/\/fraynelson.com\/blog\/2021\/05\/01\/la-exaltacion-de-la-santa-cruz-se-celebra-el-3-de-mayo-en-colombia-y-otros-paises\/","title":{"rendered":"La Exaltaci\u00f3n de la Santa Cruz &#8211; Se celebra el 3 de Mayo en Colombia y otros pa\u00edses"},"content":{"rendered":"<p>Brille la cruz del Verbo luminosa,<br \/>\nBrille como la carne sacrat\u00edsima<br \/>\nDe aquel Jes\u00fas nacido de la Virgen<br \/>\nQue en la gloria del Padre vive y brilla.<\/p>\n<p>Gem\u00eda Ad\u00e1n, doliente y conturbado,<br \/>\nL\u00e1grimas Eva junto a Ad\u00e1n vert\u00eda;<br \/>\nBrillen sus rostros por la cruz gloriosa,<br \/>\nCruz que se enciende cu\u00e1ndo el Verbo expira.<\/p>\n<p>\u00a1 Salve cruz de los montes y caminos,<br \/>\njunto al enfermo suave medicina,<br \/>\nregio trono de Cristo en las familias,<br \/>\ncruz de nuestra fe, salve, cruz bendita!<\/p>\n<p>Reine el Se\u00f1or crucificado,<br \/>\nLevantando la cruz donde mor\u00eda;<br \/>\nNuestros enfermos ojos buscan luz,<br \/>\nNuestros labios, el r\u00edo de la vida.<\/p>\n<p>Te adoramos, oh cruz que fabricamos,<br \/>\nPecadores, con manos deicidas;<br \/>\nTe adoramos, ornato del Se\u00f1or,<br \/>\nSacramento de nuestra eterna dicha.<\/p>\n<p>Am\u00e9n<\/p>\n","protected":false},"excerpt":{"rendered":"<p>Brille la cruz del Verbo luminosa, Brille como la carne sacrat\u00edsima De aquel Jes\u00fas nacido de la Virgen Que en la gloria del Padre vive y brilla. Gem\u00eda Ad\u00e1n, doliente y conturbado, L\u00e1grimas Eva junto a Ad\u00e1n vert\u00eda; Brillen sus rostros por la cruz gloriosa, Cruz que se enciende cu\u00e1ndo el Verbo expira. \u00a1 Salve &hellip; <\/p>\n<p class=\"link-more\"><a href=\"https:\/\/fraynelson.com\/blog\/2021\/05\/01\/la-exaltacion-de-la-santa-cruz-se-celebra-el-3-de-mayo-en-colombia-y-otros-paises\/\" class=\"more-link\">Continuar leyendo<span class=\"screen-reader-text\"> &#8220;La Exaltaci\u00f3n de la Santa Cruz &#8211; Se celebra el 3 de Mayo en Colombia y otros pa\u00edses&#8221;<\/span><\/a><\/p>\n","protected":false},"author":1138,"featured_media":0,"comment_status":"closed","ping_status":"closed","sticky":false,"template":"","format":"standard","meta":{"footnotes":""},"categories":[316,14],"tags":[],"class_list":["post-87728","post","type-post","status-publish","format-standard","hentry","category-cruz","category-oraciones-y-poesias"],"jetpack_featured_media_url":"","_links":{"self":[{"href":"https:\/\/fraynelson.com\/blog\/wp-json\/wp\/v2\/posts\/87728","targetHints":{"allow":["GET"]}}],"collection":[{"href":"https:\/\/fraynelson.com\/blog\/wp-json\/wp\/v2\/posts"}],"about":[{"href":"https:\/\/fraynelson.com\/blog\/wp-json\/wp\/v2\/types\/post"}],"author":[{"embeddable":true,"href":"https:\/\/fraynelson.com\/blog\/wp-json\/wp\/v2\/users\/1138"}],"replies":[{"embeddable":true,"href":"https:\/\/fraynelson.com\/blog\/wp-json\/wp\/v2\/comments?post=87728"}],"version-history":[{"count":1,"href":"https:\/\/fraynelson.com\/blog\/wp-json\/wp\/v2\/posts\/87728\/revisions"}],"predecessor-version":[{"id":87729,"href":"https:\/\/fraynelson.com\/blog\/wp-json\/wp\/v2\/posts\/87728\/revisions\/87729"}],"wp:attachment":[{"href":"https:\/\/fraynelson.com\/blog\/wp-json\/wp\/v2\/media?parent=87728"}],"wp:term":[{"taxonomy":"category","embeddable":true,"href":"https:\/\/fraynelson.com\/blog\/wp-json\/wp\/v2\/categories?post=87728"},{"taxonomy":"post_tag","embeddable":true,"href":"https:\/\/fraynelson.com\/blog\/wp-json\/wp\/v2\/tags?post=87728"}],"curies":[{"name":"wp","href":"https:\/\/api.w.org\/{rel}","templated":true}]}}