{"id":87612,"date":"2021-04-27T01:32:59","date_gmt":"2021-04-27T06:32:59","guid":{"rendered":"http:\/\/fraynelson.com\/blog\/?p=87612"},"modified":"2021-04-26T21:28:46","modified_gmt":"2021-04-27T02:28:46","slug":"como-se-puede-obtener-la-indulgencia-en-este-ano-de-san-jose","status":"publish","type":"post","link":"https:\/\/fraynelson.com\/blog\/2021\/04\/27\/como-se-puede-obtener-la-indulgencia-en-este-ano-de-san-jose\/","title":{"rendered":"\u00bfC\u00f3mo se puede obtener la indulgencia en este A\u00f1o de San Jos\u00e9?"},"content":{"rendered":"<p>Pregunta motivada por una encuesta realizada en nuestra p\u00e1gina web (<a href=\"http:\/\/fraynelson.com\/banco_imagenes\/encuestas\/fraynelson_encuesta_20210419.jpg\" rel=\"noopener\" target=\"_blank\">los resultados est\u00e1n en este enlace<\/a>): \u00bfC\u00f3mo obtener la indulgencia en este A\u00f1o de San Jos\u00e9? Lo que sigue es la informaci\u00f3n oficial del Vaticano:<\/p>\n<p>San Jos\u00e9, un &#8220;tesoro&#8221; que la Iglesia sigue descubriendo. Es la bella imagen contenida en el Decreto de la Penitenciar\u00eda Apost\u00f3lica, firmado por el Cardenal Mauro Piacenza, en el que se perfila la figura del &#8220;custodio de Jes\u00fas&#8221;. El Papa Francisco le dedic\u00f3 un a\u00f1o especial, 150 a\u00f1os despu\u00e9s de su proclamaci\u00f3n como Patrono de la Iglesia universal. De ah\u00ed la decisi\u00f3n de la Penitenciar\u00eda, de acuerdo con la voluntad del Papa, de conceder la Indulgencia Plenaria hasta el 8 de diciembre de 2021 en las condiciones habituales: confesi\u00f3n sacramental, comuni\u00f3n eucar\u00edstica y oraci\u00f3n seg\u00fan las intenciones del Papa.<\/p>\n<p>Meditar sobre San Jos\u00e9<\/p>\n<p>Los fieles, al participar en el A\u00f1o de San Jos\u00e9 &#8220;con un alma despojada de todo pecado&#8221;, podr\u00e1n obtener la Indulgencia a trav\u00e9s de diversos m\u00e9todos que la Penitenciar\u00eda enumera en el Decreto.<\/p>\n<p>Quien medite &#8220;por lo menos 30 minutos la oraci\u00f3n del Padre Nuestro&#8221;, o participe en un retiro espiritual incluso por un d\u00eda &#8220;que prevea una meditaci\u00f3n sobre San Jos\u00e9&#8221; podr\u00e1 beneficiarse de este don especial. &#8220;San Jos\u00e9, aut\u00e9ntico hombre de fe, nos invita \u2013 se lee en el decreto \u2013 a redescubrir nuestra relaci\u00f3n filial con el Padre, a renovar la fidelidad a la oraci\u00f3n, a ponerse en escucha y a corresponder con profundo discernimiento a la voluntad de Dios.<\/p>\n<p>Misericordia en el nombre del &#8220;hombre justo&#8221;<\/p>\n<p>La indulgencia podr\u00e1 obtenerse realizando &#8220;una obra de misericordia corporal o espiritual&#8221;, siguiendo el ejemplo de San Jos\u00e9, &#8220;depositario del misterio de Dios&#8221;, que &#8220;nos impulsa a redescubrir el valor del silencio, la prudencia y la lealtad en el cumplimiento de nuestros deberes&#8221;. La virtud de la justicia, practicada por Jos\u00e9, es &#8220;ley de misericordia&#8221; y es &#8220;la misericordia de Dios que lleva a cumplimiento la verdadera justicia&#8221;.<\/p>\n<p>Oraci\u00f3n en familia<\/p>\n<p>Recitar el Rosario en familia y entre novios es una de las formas de obtener este don. San Jos\u00e9 fue el esposo de Mar\u00eda, padre de Jes\u00fas y custodio de la familia de Nazaret, donde floreci\u00f3 su vocaci\u00f3n. De ah\u00ed la invitaci\u00f3n de la Penitenciar\u00eda Apost\u00f3lica a las familias cristianas a recrear &#8220;el mismo ambiente de \u00edntima comuni\u00f3n, de amor y de oraci\u00f3n que se viv\u00eda en la Sagrada Familia&#8221;.<\/p>\n<p>Por un trabajo digno<\/p>\n<p>Quien mire con confianza al &#8220;artesano de Nazaret&#8221; para encontrar un trabajo y para que este sea digno para todos, podr\u00e1 obtener la Indulgencia Plenaria, extendida tambi\u00e9n a quien &#8220;confiar\u00e1 cotidianamente la propia actividad a la protecci\u00f3n de San Jos\u00e9&#8221;. Precisamente el 1 de mayo de 1955, P\u00edo XII hab\u00eda instituido la fiesta del santo &#8220;con la intenci\u00f3n de que la dignidad del trabajo sea reconocida por todos, y que esta inspire la vida social y las leyes, fundadas en el reparto equitativo de los derechos y deberes&#8221;.<\/p>\n<p>Una oraci\u00f3n por la Iglesia que sufre<\/p>\n<p>El Decreto de la Penitenciar\u00eda Apost\u00f3lica prev\u00e9 la indulgencia &#8220;a los fieles que recitar\u00e1n las Letan\u00edas a San Jos\u00e9 (para la tradici\u00f3n latina), o el Akathistos a San Jos\u00e9, en su totalidad o al menos en parte (para la tradici\u00f3n bizantina), o alguna otra oraci\u00f3n a San Jos\u00e9, propia de las otras tradiciones lit\u00fargicas&#8221;. Oraciones que est\u00e9n as\u00ed a favor &#8220;de la Iglesia perseguida ad intra y ad extra y para el alivio de todos los cristianos que padecen toda forma de persecuci\u00f3n&#8221; porque, se lee en el texto, &#8220;la huida de la Sagrada Familia a Egipto nos muestra que Dios est\u00e1 all\u00ed donde el hombre est\u00e1 en peligro, all\u00ed donde el hombre sufre, all\u00ed donde escapa, donde experimenta el rechazo y el abandono&#8221;.<\/p>\n<p>Un santo universal<\/p>\n<p>Otras ocasiones para obtener la Indulgencia Plenaria son &#8220;cualquier oraci\u00f3n o acto de piedad leg\u00edtimamente aprobado en honor de San Jos\u00e9&#8221; como por ejemplo, explica la Penitenciaria, &#8220;A ti, oh Bienaventurado Jos\u00e9&#8221;, especialmente &#8220;en las fiestas del 19 de marzo y del 1 de mayo, en la fiesta de la Sagrada Familia de Jes\u00fas, Mar\u00eda y Jos\u00e9, en el domingo de San Jos\u00e9 (seg\u00fan la tradici\u00f3n bizantina), el 19 de cada mes, y cada mi\u00e9rcoles, d\u00eda dedicado a la memoria del Santo seg\u00fan la tradici\u00f3n latina&#8221;.<\/p>\n<p>En el decreto se recuerda la universalidad del patronato de Jos\u00e9 en la Iglesia, reportando las palabras de Santa Teresa de \u00c1vila que lo consideraba, m\u00e1s que otros santos, capaz de socorrer en muchas necesidades. &#8220;Una renovada actualidad para la Iglesia de nuestro tiempo, en relaci\u00f3n al nuevo milenio cristiano&#8221; es lo que San Juan Pablo II evidenciaba sobre la figura de Jos\u00e9.<\/p>\n<p>Consuelo en pandemia<\/p>\n<p>Es particular la atenci\u00f3n a los que sufren en esta emergencia causada por el coronavirus. El Decreto establece que &#8220;el don de la Indulgencia Plenaria se extiende particularmente a los ancianos, los enfermos, los agonizantes y todos aquellos que por leg\u00edtimos motivos no pueden salir de su casa&#8221;. Los que reciten &#8220;un acto de piedad en honor a San Jos\u00e9 ofreciendo con confianza a Dios las penas y las dificultades de su vida&#8221; podr\u00e1n recibir este don &#8220;con un \u00e1nimo desprendido de todo pecado y con la intenci\u00f3n de cumplir, lo antes posible, las tres condiciones habituales, en su propia casa o dondequiera que el impedimento les retenga&#8221;.<\/p>\n","protected":false},"excerpt":{"rendered":"<p>Pregunta motivada por una encuesta realizada en nuestra p\u00e1gina web (los resultados est\u00e1n en este enlace): \u00bfC\u00f3mo obtener la indulgencia en este A\u00f1o de San Jos\u00e9? Lo que sigue es la informaci\u00f3n oficial del Vaticano: San Jos\u00e9, un &#8220;tesoro&#8221; que la Iglesia sigue descubriendo. Es la bella imagen contenida en el Decreto de la Penitenciar\u00eda &hellip; <\/p>\n<p class=\"link-more\"><a href=\"https:\/\/fraynelson.com\/blog\/2021\/04\/27\/como-se-puede-obtener-la-indulgencia-en-este-ano-de-san-jose\/\" class=\"more-link\">Continuar leyendo<span class=\"screen-reader-text\"> &#8220;\u00bfC\u00f3mo se puede obtener la indulgencia en este A\u00f1o de San Jos\u00e9?&#8221;<\/span><\/a><\/p>\n","protected":false},"author":1138,"featured_media":0,"comment_status":"closed","ping_status":"closed","sticky":false,"template":"","format":"standard","meta":{"footnotes":""},"categories":[647],"tags":[],"class_list":["post-87612","post","type-post","status-publish","format-standard","hentry","category-san_jose"],"jetpack_featured_media_url":"","_links":{"self":[{"href":"https:\/\/fraynelson.com\/blog\/wp-json\/wp\/v2\/posts\/87612","targetHints":{"allow":["GET"]}}],"collection":[{"href":"https:\/\/fraynelson.com\/blog\/wp-json\/wp\/v2\/posts"}],"about":[{"href":"https:\/\/fraynelson.com\/blog\/wp-json\/wp\/v2\/types\/post"}],"author":[{"embeddable":true,"href":"https:\/\/fraynelson.com\/blog\/wp-json\/wp\/v2\/users\/1138"}],"replies":[{"embeddable":true,"href":"https:\/\/fraynelson.com\/blog\/wp-json\/wp\/v2\/comments?post=87612"}],"version-history":[{"count":1,"href":"https:\/\/fraynelson.com\/blog\/wp-json\/wp\/v2\/posts\/87612\/revisions"}],"predecessor-version":[{"id":87613,"href":"https:\/\/fraynelson.com\/blog\/wp-json\/wp\/v2\/posts\/87612\/revisions\/87613"}],"wp:attachment":[{"href":"https:\/\/fraynelson.com\/blog\/wp-json\/wp\/v2\/media?parent=87612"}],"wp:term":[{"taxonomy":"category","embeddable":true,"href":"https:\/\/fraynelson.com\/blog\/wp-json\/wp\/v2\/categories?post=87612"},{"taxonomy":"post_tag","embeddable":true,"href":"https:\/\/fraynelson.com\/blog\/wp-json\/wp\/v2\/tags?post=87612"}],"curies":[{"name":"wp","href":"https:\/\/api.w.org\/{rel}","templated":true}]}}