{"id":84425,"date":"2020-11-23T07:51:02","date_gmt":"2020-11-23T12:51:02","guid":{"rendered":"http:\/\/fraynelson.com\/blog\/?p=84425"},"modified":"2020-11-22T18:53:30","modified_gmt":"2020-11-22T23:53:30","slug":"cuidados-paliativos-y-ley-de-eutanasia","status":"publish","type":"post","link":"https:\/\/fraynelson.com\/blog\/2020\/11\/23\/cuidados-paliativos-y-ley-de-eutanasia\/","title":{"rendered":"Cuidados paliativos y Ley de Eutanasia"},"content":{"rendered":"<p>&#8220;Toda Espa\u00f1a estuvo y est\u00e1 escandalizada por el trato que han recibido nuestros mayores durante el confinamiento. La presidenta del C\u00edrculo Empresarial de Atenci\u00f3n a Personas (CEAP), Cinta Pascual, no duda en calificar aquellos d\u00edas como un aut\u00e9ntico infierno. Durante el confinamiento, algunas de estas residencias no tuvieron suficientes m\u00e9dicos ni enfermeros, o bastante material de protecci\u00f3n, test, respiradores, ni demasiadas posibilidades de derivaci\u00f3n de pacientes a hospitales&#8230;&#8221;<\/p>\n<p><a href=\"https:\/\/www.evernote.com\/shard\/s254\/sh\/3ac9763a-ad6f-4f4e-b14c-9775ace22477\/abef8380ce9a0df4ad3c9e8d595d8ded\" rel=\"noopener noreferrer\" target=\"_blank\"><img decoding=\"async\" src=\"http:\/\/fraynelson.com\/banco_imagenes\/recomendados\/20201125.jpg\" alt=\"\" \/><\/p>\n<p>Haz clic aqu\u00ed!<\/a><\/p>\n","protected":false},"excerpt":{"rendered":"<p>&#8220;Toda Espa\u00f1a estuvo y est\u00e1 escandalizada por el trato que han recibido nuestros mayores durante el confinamiento. La presidenta del C\u00edrculo Empresarial de Atenci\u00f3n a Personas (CEAP), Cinta Pascual, no duda en calificar aquellos d\u00edas como un aut\u00e9ntico infierno. Durante el confinamiento, algunas de estas residencias no tuvieron suficientes m\u00e9dicos ni enfermeros, o bastante material &hellip; <\/p>\n<p class=\"link-more\"><a href=\"https:\/\/fraynelson.com\/blog\/2020\/11\/23\/cuidados-paliativos-y-ley-de-eutanasia\/\" class=\"more-link\">Continuar leyendo<span class=\"screen-reader-text\"> &#8220;Cuidados paliativos y Ley de Eutanasia&#8221;<\/span><\/a><\/p>\n","protected":false},"author":1138,"featured_media":0,"comment_status":"closed","ping_status":"closed","sticky":false,"template":"","format":"standard","meta":{"footnotes":""},"categories":[620,518,739],"tags":[],"class_list":["post-84425","post","type-post","status-publish","format-standard","hentry","category-enlaces","category-espana","category-eutanasia"],"jetpack_featured_media_url":"","_links":{"self":[{"href":"https:\/\/fraynelson.com\/blog\/wp-json\/wp\/v2\/posts\/84425","targetHints":{"allow":["GET"]}}],"collection":[{"href":"https:\/\/fraynelson.com\/blog\/wp-json\/wp\/v2\/posts"}],"about":[{"href":"https:\/\/fraynelson.com\/blog\/wp-json\/wp\/v2\/types\/post"}],"author":[{"embeddable":true,"href":"https:\/\/fraynelson.com\/blog\/wp-json\/wp\/v2\/users\/1138"}],"replies":[{"embeddable":true,"href":"https:\/\/fraynelson.com\/blog\/wp-json\/wp\/v2\/comments?post=84425"}],"version-history":[{"count":1,"href":"https:\/\/fraynelson.com\/blog\/wp-json\/wp\/v2\/posts\/84425\/revisions"}],"predecessor-version":[{"id":84426,"href":"https:\/\/fraynelson.com\/blog\/wp-json\/wp\/v2\/posts\/84425\/revisions\/84426"}],"wp:attachment":[{"href":"https:\/\/fraynelson.com\/blog\/wp-json\/wp\/v2\/media?parent=84425"}],"wp:term":[{"taxonomy":"category","embeddable":true,"href":"https:\/\/fraynelson.com\/blog\/wp-json\/wp\/v2\/categories?post=84425"},{"taxonomy":"post_tag","embeddable":true,"href":"https:\/\/fraynelson.com\/blog\/wp-json\/wp\/v2\/tags?post=84425"}],"curies":[{"name":"wp","href":"https:\/\/api.w.org\/{rel}","templated":true}]}}