{"id":84035,"date":"2020-11-07T07:41:01","date_gmt":"2020-11-07T12:41:01","guid":{"rendered":"http:\/\/fraynelson.com\/blog\/?p=84035"},"modified":"2020-11-06T10:43:39","modified_gmt":"2020-11-06T15:43:39","slug":"oraciones-para-la-adoracion-eucaristica","status":"publish","type":"post","link":"https:\/\/fraynelson.com\/blog\/2020\/11\/07\/oraciones-para-la-adoracion-eucaristica\/","title":{"rendered":"Oraciones para la Adoraci\u00f3n Eucar\u00edstica"},"content":{"rendered":"<p>&#8220;En tiempos de tribulaci\u00f3n, de oscuridad, de pecado, a la vista de un mundo que se precipita a su ruina y de nuestra dolorosa infidelidad como Iglesia de Cristo, los medios humanos y naturales no son proporcionados. De rodillas ante la presencia real y substancial de Jes\u00fas en la Eucarist\u00eda, en el Coraz\u00f3n Inmaculado de la Virgen Mar\u00eda, es donde se da el verdadero y gran combate&#8230;&#8221;<\/p>\n<p><a href=\"https:\/\/www.evernote.com\/shard\/s254\/sh\/c296b6f9-c4ed-46a7-b579-63966bc4d9a0\/5240e434dbd0e237677257f28267d993\" rel=\"noopener noreferrer\" target=\"_blank\"><img decoding=\"async\" src=\"http:\/\/fraynelson.com\/banco_imagenes\/recomendados\/20201109.jpg\" alt=\"\" \/><\/p>\n<p>Haz clic aqu\u00ed!<\/a><\/p>\n","protected":false},"excerpt":{"rendered":"<p>&#8220;En tiempos de tribulaci\u00f3n, de oscuridad, de pecado, a la vista de un mundo que se precipita a su ruina y de nuestra dolorosa infidelidad como Iglesia de Cristo, los medios humanos y naturales no son proporcionados. De rodillas ante la presencia real y substancial de Jes\u00fas en la Eucarist\u00eda, en el Coraz\u00f3n Inmaculado de &hellip; <\/p>\n<p class=\"link-more\"><a href=\"https:\/\/fraynelson.com\/blog\/2020\/11\/07\/oraciones-para-la-adoracion-eucaristica\/\" class=\"more-link\">Continuar leyendo<span class=\"screen-reader-text\"> &#8220;Oraciones para la Adoraci\u00f3n Eucar\u00edstica&#8221;<\/span><\/a><\/p>\n","protected":false},"author":1138,"featured_media":0,"comment_status":"closed","ping_status":"closed","sticky":false,"template":"","format":"standard","meta":{"footnotes":""},"categories":[411,620,469,14],"tags":[],"class_list":["post-84035","post","type-post","status-publish","format-standard","hentry","category-adoracion","category-enlaces","category-eucaristia","category-oraciones-y-poesias"],"jetpack_featured_media_url":"","_links":{"self":[{"href":"https:\/\/fraynelson.com\/blog\/wp-json\/wp\/v2\/posts\/84035","targetHints":{"allow":["GET"]}}],"collection":[{"href":"https:\/\/fraynelson.com\/blog\/wp-json\/wp\/v2\/posts"}],"about":[{"href":"https:\/\/fraynelson.com\/blog\/wp-json\/wp\/v2\/types\/post"}],"author":[{"embeddable":true,"href":"https:\/\/fraynelson.com\/blog\/wp-json\/wp\/v2\/users\/1138"}],"replies":[{"embeddable":true,"href":"https:\/\/fraynelson.com\/blog\/wp-json\/wp\/v2\/comments?post=84035"}],"version-history":[{"count":1,"href":"https:\/\/fraynelson.com\/blog\/wp-json\/wp\/v2\/posts\/84035\/revisions"}],"predecessor-version":[{"id":84036,"href":"https:\/\/fraynelson.com\/blog\/wp-json\/wp\/v2\/posts\/84035\/revisions\/84036"}],"wp:attachment":[{"href":"https:\/\/fraynelson.com\/blog\/wp-json\/wp\/v2\/media?parent=84035"}],"wp:term":[{"taxonomy":"category","embeddable":true,"href":"https:\/\/fraynelson.com\/blog\/wp-json\/wp\/v2\/categories?post=84035"},{"taxonomy":"post_tag","embeddable":true,"href":"https:\/\/fraynelson.com\/blog\/wp-json\/wp\/v2\/tags?post=84035"}],"curies":[{"name":"wp","href":"https:\/\/api.w.org\/{rel}","templated":true}]}}