{"id":83952,"date":"2020-11-02T07:08:41","date_gmt":"2020-11-02T12:08:41","guid":{"rendered":"http:\/\/fraynelson.com\/blog\/?p=83952"},"modified":"2020-11-01T17:12:38","modified_gmt":"2020-11-01T22:12:38","slug":"tribunal-civil-prohibe-a-catolicas-por-el-derecho-a-decidir-llamarse-catolicas","status":"publish","type":"post","link":"https:\/\/fraynelson.com\/blog\/2020\/11\/02\/tribunal-civil-prohibe-a-catolicas-por-el-derecho-a-decidir-llamarse-catolicas\/","title":{"rendered":"Tribunal civil proh\u00edbe a &#8220;Cat\u00f3licas por el Derecho a Decidir&#8221; llamarse cat\u00f3licas"},"content":{"rendered":"<p>&#8220;El Tribunal de Justicia de Sao Paulo (Brasil) dictamin\u00f3 que la ONG abortista \u201cCat\u00f3licas por el Derecho a Decidir\u201d ya no podr\u00e1 utilizar el t\u00e9rmino \u201ccat\u00f3lico&#8221; en su nombre, por considerar que la asociaci\u00f3n es incompatible con los valores de la Iglesia Cat\u00f3lica&#8230;&#8221;<\/p>\n<p><a href=\"https:\/\/www.evernote.com\/shard\/s254\/sh\/aaf83c3f-69da-4449-95a0-4b7e61b5bd84\/6d50ad6b45857a7b0cfc10bc3f22ae71\" rel=\"noopener noreferrer\" target=\"_blank\"><img decoding=\"async\" src=\"http:\/\/fraynelson.com\/banco_imagenes\/recomendados\/20201104.jpg\" alt=\"\" \/><\/p>\n<p>Haz clic aqu\u00ed!<\/a><\/p>\n","protected":false},"excerpt":{"rendered":"<p>&#8220;El Tribunal de Justicia de Sao Paulo (Brasil) dictamin\u00f3 que la ONG abortista \u201cCat\u00f3licas por el Derecho a Decidir\u201d ya no podr\u00e1 utilizar el t\u00e9rmino \u201ccat\u00f3lico&#8221; en su nombre, por considerar que la asociaci\u00f3n es incompatible con los valores de la Iglesia Cat\u00f3lica&#8230;&#8221; Haz clic aqu\u00ed!<\/p>\n","protected":false},"author":1138,"featured_media":0,"comment_status":"closed","ping_status":"closed","sticky":false,"template":"","format":"standard","meta":{"footnotes":""},"categories":[559,1371,558,620],"tags":[],"class_list":["post-83952","post","type-post","status-publish","format-standard","hentry","category-aborto","category-brasil","category-defensa_de_la_vida","category-enlaces"],"jetpack_featured_media_url":"","_links":{"self":[{"href":"https:\/\/fraynelson.com\/blog\/wp-json\/wp\/v2\/posts\/83952","targetHints":{"allow":["GET"]}}],"collection":[{"href":"https:\/\/fraynelson.com\/blog\/wp-json\/wp\/v2\/posts"}],"about":[{"href":"https:\/\/fraynelson.com\/blog\/wp-json\/wp\/v2\/types\/post"}],"author":[{"embeddable":true,"href":"https:\/\/fraynelson.com\/blog\/wp-json\/wp\/v2\/users\/1138"}],"replies":[{"embeddable":true,"href":"https:\/\/fraynelson.com\/blog\/wp-json\/wp\/v2\/comments?post=83952"}],"version-history":[{"count":1,"href":"https:\/\/fraynelson.com\/blog\/wp-json\/wp\/v2\/posts\/83952\/revisions"}],"predecessor-version":[{"id":83953,"href":"https:\/\/fraynelson.com\/blog\/wp-json\/wp\/v2\/posts\/83952\/revisions\/83953"}],"wp:attachment":[{"href":"https:\/\/fraynelson.com\/blog\/wp-json\/wp\/v2\/media?parent=83952"}],"wp:term":[{"taxonomy":"category","embeddable":true,"href":"https:\/\/fraynelson.com\/blog\/wp-json\/wp\/v2\/categories?post=83952"},{"taxonomy":"post_tag","embeddable":true,"href":"https:\/\/fraynelson.com\/blog\/wp-json\/wp\/v2\/tags?post=83952"}],"curies":[{"name":"wp","href":"https:\/\/api.w.org\/{rel}","templated":true}]}}