{"id":80360,"date":"2020-05-31T19:05:02","date_gmt":"2020-06-01T00:05:02","guid":{"rendered":"http:\/\/fraynelson.com\/blog\/?p=80360"},"modified":"2020-05-31T19:05:02","modified_gmt":"2020-06-01T00:05:02","slug":"la-tradicion-apostolica-y-la-sucesion-apostolica","status":"publish","type":"post","link":"https:\/\/fraynelson.com\/blog\/2020\/05\/31\/la-tradicion-apostolica-y-la-sucesion-apostolica\/","title":{"rendered":"La Tradici\u00f3n apost\u00f3lica y la sucesi\u00f3n apost\u00f3lica"},"content":{"rendered":"<p>&#8220;Dios &#8220;quiere que todos los hombres se salven y lleguen al conocimiento de la verdad&#8221; ( 1 Tim 2,4), es decir, al conocimiento de Cristo Jes\u00fas (cf. Jn 14,6). Es preciso, pues, que Cristo sea anunciado a todos los pueblos y a todos los hombres y que as\u00ed la Revelaci\u00f3n llegue hasta los confines del mundo&#8230;&#8221;<\/p>\n<p><a href=\"https:\/\/www.evernote.com\/shard\/s254\/sh\/ae943a55-ac44-4629-8591-e75e335071b4\/13789a35388cc0ab8dbe51227eb23b1b\" rel=\"noopener noreferrer\" target=\"_blank\"><img decoding=\"async\" src=\"http:\/\/fraynelson.com\/banco_imagenes\/recomendados\/20200602.jpg\" alt=\"\" \/><\/p>\n<p>Haz clic aqu\u00ed!<\/a><\/p>\n","protected":false},"excerpt":{"rendered":"<p>&#8220;Dios &#8220;quiere que todos los hombres se salven y lleguen al conocimiento de la verdad&#8221; ( 1 Tim 2,4), es decir, al conocimiento de Cristo Jes\u00fas (cf. Jn 14,6). Es preciso, pues, que Cristo sea anunciado a todos los pueblos y a todos los hombres y que as\u00ed la Revelaci\u00f3n llegue hasta los confines del &hellip; <\/p>\n<p class=\"link-more\"><a href=\"https:\/\/fraynelson.com\/blog\/2020\/05\/31\/la-tradicion-apostolica-y-la-sucesion-apostolica\/\" class=\"more-link\">Continuar leyendo<span class=\"screen-reader-text\"> &#8220;La Tradici\u00f3n apost\u00f3lica y la sucesi\u00f3n apost\u00f3lica&#8221;<\/span><\/a><\/p>\n","protected":false},"author":1138,"featured_media":0,"comment_status":"closed","ping_status":"closed","sticky":false,"template":"","format":"standard","meta":{"footnotes":""},"categories":[1336,620],"tags":[],"class_list":["post-80360","post","type-post","status-publish","format-standard","hentry","category-catecismo-de-la-iglesia","category-enlaces"],"jetpack_featured_media_url":"","_links":{"self":[{"href":"https:\/\/fraynelson.com\/blog\/wp-json\/wp\/v2\/posts\/80360","targetHints":{"allow":["GET"]}}],"collection":[{"href":"https:\/\/fraynelson.com\/blog\/wp-json\/wp\/v2\/posts"}],"about":[{"href":"https:\/\/fraynelson.com\/blog\/wp-json\/wp\/v2\/types\/post"}],"author":[{"embeddable":true,"href":"https:\/\/fraynelson.com\/blog\/wp-json\/wp\/v2\/users\/1138"}],"replies":[{"embeddable":true,"href":"https:\/\/fraynelson.com\/blog\/wp-json\/wp\/v2\/comments?post=80360"}],"version-history":[{"count":1,"href":"https:\/\/fraynelson.com\/blog\/wp-json\/wp\/v2\/posts\/80360\/revisions"}],"predecessor-version":[{"id":80361,"href":"https:\/\/fraynelson.com\/blog\/wp-json\/wp\/v2\/posts\/80360\/revisions\/80361"}],"wp:attachment":[{"href":"https:\/\/fraynelson.com\/blog\/wp-json\/wp\/v2\/media?parent=80360"}],"wp:term":[{"taxonomy":"category","embeddable":true,"href":"https:\/\/fraynelson.com\/blog\/wp-json\/wp\/v2\/categories?post=80360"},{"taxonomy":"post_tag","embeddable":true,"href":"https:\/\/fraynelson.com\/blog\/wp-json\/wp\/v2\/tags?post=80360"}],"curies":[{"name":"wp","href":"https:\/\/api.w.org\/{rel}","templated":true}]}}