{"id":79680,"date":"2020-05-03T18:00:43","date_gmt":"2020-05-03T23:00:43","guid":{"rendered":"http:\/\/fraynelson.com\/blog\/?p=79680"},"modified":"2020-05-03T18:01:43","modified_gmt":"2020-05-03T23:01:43","slug":"alimento-2020-05-03","status":"publish","type":"post","link":"https:\/\/fraynelson.com\/blog\/2020\/05\/03\/alimento-2020-05-03\/","title":{"rendered":"ALIMENTO 2020\/05\/03"},"content":{"rendered":"<div align=\"center\">\n<p><b>[<\/b> <a href=\"https:\/\/fraynelson.com\/blog\/2020\/05\/01\/alimento-20200503\/\" target=\"_blank\" rel=\"noopener noreferrer\">Ver en la WEB<\/a> <b>] [<\/b> <a href=\"http:\/\/fraynelson.com\/suscripciones.html\" target=\"_blank\" rel=\"noopener noreferrer\">Suscribirse \/ Darse de baja<\/a> <b>]<\/b><\/p>\n<\/div>\n<p><!--more--><\/p>\n<table border=\"0\" width=\"80%\" cellspacing=\"2\" cellpadding=\"2\" align=\"center\" bgcolor=\"#ffffcc\">\n<tbody>\n<tr>\n<td>\n<div align=\"center\">\n<table border=\"0\" cellspacing=\"0\" cellpadding=\"0\" align=\"center\" bgcolor=\"#ffffff\">\n<tbody>\n<tr>\n<td colspan=\"2\" bgcolor=\"#ffffcc\">\n<div align=\"center\"><img decoding=\"async\" src=\"http:\/\/fraynelson.com\/banco_imagenes\/casita.jpg\" height=\"115\" \/><\/div>\n<\/td>\n<\/tr>\n<tr>\n<td colspan=\"2\" bgcolor=\"#ffffff\" height=\"1\">\n<div align=\"center\"><span style=\"color: #ffffff; font-family: Arial, Helvetica, sans-serif; font-size: xx-small;\"><img decoding=\"async\" src=\"http:\/\/fraynelson.com\/_blnk.gif\" height=\"1\" vspace=\"1\" \/><\/span><\/div>\n<\/td>\n<\/tr>\n<tr>\n<td colspan=\"2\" bgcolor=\"#ffffff\" height=\"1\">\n<div align=\"center\">\n<table border=\"0\" width=\"98%\" cellspacing=\"0\" cellpadding=\"0\" align=\"center\" bgcolor=\"#590b00\">\n<tbody>\n<tr>\n<td width=\"5\" height=\"45\"><\/td>\n<td>\n<div align=\"center\">\n<p><span class=\"resaltado\"><span style=\"color: #ffffcc; font-family: Arial, Helvetica, sans-serif; font-size: medium;\"><strong>Alimento del Alma<\/strong><\/span><strong><br \/>\n<span style=\"color: #ffffcc; font-family: Arial, Helvetica, sans-serif; font-size: small;\">Domingo 03 de mayo de 2020<\/span><\/strong><\/span><br \/>\n<span style=\"color: #ffffcc; font-family: Arial, Helvetica, sans-serif; font-size: xx-small;\"><span class=\"cierre\">Convento de Santo Domingo, Bogot\u00e1, COLOMBIA.<br \/>\nTel. +57 (1) 249-3385<\/span><\/span><\/p>\n<\/div>\n<\/td>\n<td bgcolor=\"#ffcc99\">\n<div align=\"center\"><span style=\"color: #590b00; font-family: Arial, Helvetica, sans-serif; font-size: small;\"><strong>No. 10304<\/strong><\/span><\/div>\n<\/td>\n<\/tr>\n<\/tbody>\n<\/table>\n<\/div>\n<\/td>\n<\/tr>\n<tr>\n<td colspan=\"2\">\n<table border=\"0\" cellspacing=\"2\" cellpadding=\"2\" align=\"center\">\n<tbody>\n<tr>\n<td valign=\"top\" bgcolor=\"#ffffdd\" height=\"2989\">\n<table border=\"0\" width=\"98%\" align=\"center\">\n<tbody>\n<tr>\n<td colspan=\"2\" bgcolor=\"#ffcc99\">\n<div align=\"center\"><span style=\"color: #590b00; font-family: Verdana, Arial, Helvetica, sans-serif; font-size: small;\"><strong>Cada d\u00eda tiene su gracia&#8230;<\/strong><\/span><\/div>\n<\/td>\n<\/tr>\n<tr bgcolor=\"#ffffff\">\n<td>\n<p align=\"center\"><a href=\"http:\/\/is.gd\/fraynelson20200503\" target=\"_blank\" rel=\"noopener noreferrer\"><img decoding=\"async\" src=\"http:\/\/fraynelson.com\/banco_imagenes\/b_lagracia.png\" border=\"0\" \/><\/a><\/p>\n<\/td>\n<\/tr>\n<tr>\n<td colspan=\"2\" bgcolor=\"#ffcc99\"><\/td>\n<\/tr>\n<\/tbody>\n<\/table>\n<p>&nbsp;<\/p>\n<p align=\"center\"><a href=\"http:\/\/www.vatican.va\" target=\"_blank\" rel=\"noopener noreferrer\"><img decoding=\"async\" src=\"http:\/\/fraynelson.com\/banco_imagenes\/boletin_izq_013.jpg\" border=\"0\" \/><\/a><\/p>\n<p>&nbsp;<\/p>\n<table border=\"0\" width=\"98%\" align=\"center\">\n<tbody>\n<tr>\n<td colspan=\"2\" bgcolor=\"#ffcc99\">\n<div align=\"center\"><span style=\"color: #590b00; font-family: Verdana, Arial, Helvetica, sans-serif; font-size: small;\"><strong>A\u00fan m\u00e1s contenido,<br \/>\nen FRAYNELSON.COM y FRAYNELSON.NET:<\/strong><\/span><\/div>\n<\/td>\n<\/tr>\n<tr bgcolor=\"#ffffff\">\n<td>\n<div align=\"center\"><span style=\"color: #590b00; font-size: large;\">\u2022<\/span><\/div>\n<\/td>\n<td><a href=\"http:\/\/fraynelson.com\"><span style=\"color: #000066; font-family: Arial, Helvetica, sans-serif; font-size: small;\"><strong>Inicio<\/strong><\/span><\/a><\/td>\n<\/tr>\n<tr bgcolor=\"#ffffff\">\n<td>\n<div align=\"center\"><span style=\"color: #590b00; font-size: large;\">\u2022<\/span><\/div>\n<\/td>\n<td><a href=\"http:\/\/fraynelson.net\"><span style=\"color: #000066; font-family: Arial, Helvetica, sans-serif; font-size: small;\"><strong>AMIGOS EN LA FE<\/strong><\/span><\/a><\/td>\n<\/tr>\n<tr bgcolor=\"#ffffff\">\n<td>\n<div align=\"center\"><span style=\"color: #590b00; font-size: large;\">\u2022<\/span><\/div>\n<\/td>\n<td><a href=\"http:\/\/fraynelson.com\/calendario.php\"><span style=\"color: #000066; font-family: Arial, Helvetica, sans-serif; font-size: small;\"><strong>Calendario<\/strong><\/span><\/a><\/td>\n<\/tr>\n<tr bgcolor=\"#ffffff\">\n<td>\n<div align=\"center\"><span style=\"color: #590b00; font-size: large;\">\u2022<\/span><\/div>\n<\/td>\n<td><a href=\"https:\/\/fraynelson.com\/blog\/categorias\/audio\"><span style=\"color: #000066; font-family: Arial, Helvetica, sans-serif; font-size: small;\"><strong>Predicaci\u00f3n de viva voz<\/strong><\/span><\/a><\/td>\n<\/tr>\n<tr bgcolor=\"#ffffff\">\n<td>\n<div align=\"center\"><span style=\"color: #590b00; font-size: large;\">\u2022<\/span><\/div>\n<\/td>\n<td><a href=\"http:\/\/fraynelson.com\/homilias.html\"><span style=\"color: #000066; font-family: Arial, Helvetica, sans-serif; font-size: small;\"><strong>Homil\u00edas<\/strong><\/span><\/a><\/td>\n<\/tr>\n<tr bgcolor=\"#ffffff\">\n<td>\n<div align=\"center\"><span style=\"color: #590b00; font-size: large;\">\u2022<\/span><\/div>\n<\/td>\n<td><a href=\"http:\/\/fraynelson.com\/preguntas.php\"><span style=\"color: #000066; font-family: Arial, Helvetica, sans-serif; font-size: small;\"><strong>Preguntas y Respuestas<\/strong><\/span><\/a><\/td>\n<\/tr>\n<tr bgcolor=\"#ffffff\">\n<td>\n<div align=\"center\"><span style=\"color: #590b00; font-size: large;\">\u2022<\/span><\/div>\n<\/td>\n<td><a href=\"http:\/\/fraynelson.com\/imprenta.html\"><span style=\"color: #000066; font-family: Arial, Helvetica, sans-serif; font-size: small;\"><strong>Imprenta (PDF)<\/strong><\/span><\/a><\/td>\n<\/tr>\n<tr bgcolor=\"#ffffff\">\n<td>\n<div align=\"center\"><span style=\"color: #590b00; font-size: large;\">\u2022<\/span><\/div>\n<\/td>\n<td><a href=\"http:\/\/fraynelson.com\/wiki2\"><span style=\"color: #000066; font-family: Arial, Helvetica, sans-serif; font-size: small;\"><strong>Wiki (transcripciones)<\/strong><\/span><\/a><\/td>\n<\/tr>\n<tr bgcolor=\"#ffffff\">\n<td>\n<div align=\"center\"><span style=\"color: #590b00; font-size: large;\">\u2022<\/span><\/div>\n<\/td>\n<td><a href=\"https:\/\/fraynelson.com\/blog\"><span style=\"color: #000066; font-family: Arial, Helvetica, sans-serif; font-size: small;\"><strong>Diario (Weblog)<\/strong><\/span><\/a><\/td>\n<\/tr>\n<tr bgcolor=\"#ffffff\">\n<td>\n<div align=\"center\"><span style=\"color: #590b00; font-size: large;\">\u2022<\/span><\/div>\n<\/td>\n<td><a href=\"http:\/\/fraynelson.com\/comunidad\/\"><span style=\"color: #000066; font-family: Arial, Helvetica, sans-serif; font-size: small;\"><strong>Oraci\u00f3n Compartida<\/strong><\/span><\/a><\/td>\n<\/tr>\n<tr bgcolor=\"#ffffff\">\n<td>\n<div align=\"center\"><span style=\"color: #590b00; font-size: large;\">\u2022<\/span><\/div>\n<\/td>\n<td><a href=\"http:\/\/www.htmlgear.tripod.com\/guest\/control.guest?u=fraynelson0&amp;i=1&amp;a=view\"><span style=\"color: #000066; font-family: Arial, Helvetica, sans-serif; font-size: small;\"><strong>Testimonios<\/strong><\/span><\/a><\/td>\n<\/tr>\n<tr bgcolor=\"#ffffff\">\n<td>\n<div align=\"center\"><span style=\"color: #590b00; font-size: large;\">\u2022<\/span><\/div>\n<\/td>\n<td><a href=\"http:\/\/fraynelson.com\/ayuda.html\"><span style=\"color: #000066; font-family: Arial, Helvetica, sans-serif; font-size: small;\"><strong>C\u00f3mo ayudar<\/strong><\/span><\/a><\/td>\n<\/tr>\n<tr bgcolor=\"#ffffff\">\n<td colspan=\"2\" bgcolor=\"#ffcc99\"><\/td>\n<\/tr>\n<\/tbody>\n<\/table>\n<p>&nbsp;<\/p>\n<p align=\"center\"><a href=\"http:\/\/www.opcolombia.org\" target=\"_blank\" rel=\"noopener noreferrer\"><img decoding=\"async\" src=\"http:\/\/fraynelson.com\/banco_imagenes\/boletin_izq_02.jpg\" border=\"0\" \/><\/a><\/p>\n<p>&nbsp;<\/p>\n<table border=\"0\" width=\"98%\" align=\"center\">\n<tbody>\n<tr>\n<td colspan=\"2\" bgcolor=\"#ffcc99\">\n<div align=\"center\"><span style=\"color: #590b00; font-family: Verdana, Arial, Helvetica, sans-serif; font-size: small;\"><strong>\u00a1 PONTE AL D\u00cdA !<br \/>\nEstas son nuestras series:<\/strong><\/span><\/div>\n<\/td>\n<\/tr>\n<tr bgcolor=\"#ffffff\">\n<td>\n<div align=\"center\"><span style=\"color: #590b00; font-size: large;\">\u2022<\/span><\/div>\n<\/td>\n<td><a href=\"https:\/\/fraynelson.com\/blog\/categorias\/iglesia-catolica\/biblioteca-pontificia\/\"><span style=\"color: #000066; font-family: Arial, Helvetica, sans-serif; font-size: small;\"><strong>Biblioteca Pontificia<\/strong><\/span><\/a><\/td>\n<\/tr>\n<tr bgcolor=\"#ffffff\">\n<td>\n<div align=\"center\"><span style=\"color: #590b00; font-size: large;\">\u2022<\/span><\/div>\n<\/td>\n<td><a href=\"https:\/\/fraynelson.com\/blog\/categorias\/teologia-espiritual\/las-palabras-del-angel\/\"><span style=\"color: #000066; font-family: Arial, Helvetica, sans-serif; font-size: small;\"><strong>Las Palabras del Angel<\/strong><\/span><\/a><\/td>\n<\/tr>\n<tr bgcolor=\"#ffffff\">\n<td>\n<div align=\"center\"><span style=\"color: #590b00; font-size: large;\">\u2022<\/span><\/div>\n<\/td>\n<td><a href=\"https:\/\/fraynelson.com\/blog\/categorias\/teologia-espiritual\/conoce-tu-dios\/\"><span style=\"color: #000066; font-family: Arial, Helvetica, sans-serif; font-size: small;\"><strong>Conoce a tu Dios (P. Jaime Forero, q.e.p.d)<\/strong><\/span><\/a><\/td>\n<\/tr>\n<tr bgcolor=\"#ffffff\">\n<td>\n<div align=\"center\"><span style=\"color: #590b00; font-size: large;\">\u2022<\/span><\/div>\n<\/td>\n<td><a href=\"https:\/\/fraynelson.com\/blog\/?s=ejercicios+perdon\"><span style=\"color: #000066; font-family: Arial, Helvetica, sans-serif; font-size: small;\"><strong>Ejercicios para el Perd\u00f3n (P. Jaime Forero, q.e.p.d)<\/strong><\/span><\/a><\/td>\n<\/tr>\n<tr bgcolor=\"#ffffff\">\n<td>\n<div align=\"center\"><span style=\"color: #590b00; font-size: large;\">\u2022<\/span><\/div>\n<\/td>\n<td><a href=\"http:\/\/fraynelson.com\/preguntas.php\"><span style=\"color: #000066; font-family: Arial, Helvetica, sans-serif; font-size: small;\"><strong>Preguntas &amp; Respuestas<\/strong><\/span><\/a><\/td>\n<\/tr>\n<tr bgcolor=\"#ffffff\">\n<td>\n<div align=\"center\"><span style=\"color: #590b00; font-size: large;\">\u2022<\/span><\/div>\n<\/td>\n<td><a href=\"http:\/\/www.youtube.com\/view_play_list?p=7155E7B865615CCF&amp;hl=es\"><span style=\"color: #000066; font-family: Arial, Helvetica, sans-serif; font-size: small;\"><strong>Videos publicados en el Bolet\u00edn<\/strong><\/span><\/a><\/td>\n<\/tr>\n<tr bgcolor=\"#ffffff\">\n<td>\n<div align=\"center\"><span style=\"color: #590b00; font-size: large;\">\u2022<\/span><\/div>\n<\/td>\n<td><a href=\"http:\/\/www.youtube.com\/view_play_list?p=E680DA141F25BCF5&amp;hl=es\"><span style=\"color: #000066; font-family: Arial, Helvetica, sans-serif; font-size: small;\"><strong>Cantos publicados en el Bolet\u00edn<\/strong><\/span><\/a><\/td>\n<\/tr>\n<tr bgcolor=\"#ffffff\">\n<td>\n<div align=\"center\"><span style=\"color: #590b00; font-size: large;\">\u2022<\/span><\/div>\n<\/td>\n<td><a href=\"http:\/\/fraynelson.com\/ayuda.html\"><span style=\"color: #000066; font-family: Arial, Helvetica, sans-serif; font-size: small;\"><strong>C\u00f3mo ayudar<\/strong><\/span><\/a><\/td>\n<\/tr>\n<tr bgcolor=\"#ffffff\">\n<td colspan=\"2\" bgcolor=\"#ffcc99\"><\/td>\n<\/tr>\n<\/tbody>\n<\/table>\n<p>&nbsp;<\/p>\n<div align=\"center\">\n<p><span class=\"resaltado\"><span style=\"font-family: Arial, Helvetica, sans-serif; font-size: small;\"><strong>Inscribe tu e-mail en:<br \/>\n<span style=\"color: red;\"><a href=\"http:\/\/www.fraynelson.com\">www.fraynelson.com<\/a><\/span><\/strong><\/span><\/span><\/p>\n<p>&nbsp;<\/p>\n<p align=\"center\"><a href=\"http:\/\/fraynelson.com\/ayuda.html\"><img decoding=\"async\" src=\"http:\/\/fraynelson.com\/banco_imagenes\/boletin_izq_03.jpg\" border=\"0\" \/><\/a><\/p>\n<p><span class=\"resaltado\"><span style=\"font-family: Arial, Helvetica, sans-serif; font-size: small;\"><strong>Una canci\u00f3n <em>gratis<\/em><br \/>\npara este d\u00eda:<br \/>\n<a href=\"http:\/\/fraynelson.com\/cantos\/0505_ante_la_luz.rm\"><span style=\"font-size: x-large;\">Ante La Luz<\/span><\/a><\/strong><\/span><\/span><\/p>\n<p>&nbsp;<\/p>\n<\/div>\n<\/td>\n<td valign=\"top\">\n<div align=\"center\">\n<table border=\"0\" width=\"100%\" cellspacing=\"2\" cellpadding=\"0\" bgcolor=\"#ffffff\">\n<tbody>\n<tr>\n<td>\n<div align=\"left\"><span class=\"titulo1\"><span style=\"color: #590b00; font-family: Arial, Helvetica, sans-serif; font-size: small;\"><strong><em>* Para el DOMINGO: Biblioteca Tomista 170 *<\/em><\/strong><\/span><\/span><\/div>\n<\/td>\n<\/tr>\n<\/tbody>\n<\/table>\n<\/div>\n<table border=\"0\" width=\"100%\" cellspacing=\"0\" cellpadding=\"0\" bgcolor=\"#ffcd88\">\n<tbody>\n<tr>\n<td valign=\"center\" width=\"55%\"><a id=\"1\" name=\"1\"><\/a><\/p>\n<div align=\"left\"><a id=\"1\" name=\"1\"><\/a><img loading=\"lazy\" decoding=\"async\" src=\"http:\/\/fraynelson.com\/banco_imagenes\/arrow.gif\" width=\"16\" height=\"15\" \/><a name=\"1\"><\/a><\/div>\n<\/td>\n<td>\n<div align=\"right\"><span class=\"titulo1\"><span style=\"color: #590b00; font-family: Arial, Helvetica, sans-serif; font-size: x-large;\">\u00bfPor qu\u00e9 la sabidur\u00eda es considerada don del Esp\u00edritu Santo? <\/span><\/span><\/div>\n<\/td>\n<\/tr>\n<tr>\n<td colspan=\"2\" valign=\"bottom\" bgcolor=\"#ffffcc\"><img loading=\"lazy\" decoding=\"async\" src=\"http:\/\/fraynelson.com\/banco_imagenes\/transparente.gif\" width=\"8\" height=\"8\" \/><\/td>\n<\/tr>\n<tr>\n<td colspan=\"2\" valign=\"top\" bgcolor=\"#ffffcc\">\n<div align=\"justify\">\n<p><span style=\"color: #000000; font-family: Arial, Helvetica, sans-serif; font-size: small;\">Seg\u00fan el Fil\u00f3sofo, en el comienzo de los Metaf\u00edsicas, incumbe al sabio considerar la causa suprema por la cual juzga ciert\u00edsimamente de todo, y todo debe ordenarse seg\u00fan ella. Ahora bien, la causa suprema se puede tomar en doble sentido: absolutamente y en un determinado g\u00e9nero. Por tanto, quien conoce la causa suprema en un determinado g\u00e9nero, y puede, gracias a ella, juzgar y ordenar cuanto pertenece a ese g\u00e9nero, se dice de \u00e9l que es sabio en ese g\u00e9nero; es el caso, por ejemplo, de la medicina o de la arquitectura, conforme a lo que escribe el Ap\u00f3stol: Como sabio arquitecto, puse los cimientos (1 Cor 3,10). Mas quien conoce de manera absoluta la causa, que es Dios, se considera sabio en absoluto, por cuanto puede juzgar y ordenar todo por las reglas divinas. Pues bien, el hombre alcanza ese tipo de juicio por el Esp\u00edritu Santo, a tenor de lo que escribe el Ap\u00f3stol: El espiritual lo juzga todo (1 Cor 2,15), porque, como afirma all\u00ed mismo (v.10), El Esp\u00edritu lo escudri\u00f1a todo, incluso las profundidades de Dios. Resulta, pues, evidente que la sabidur\u00eda es don del Esp\u00edritu Santo. (<em>S. Th., II-II, q.45, a.1, resp.<\/em>)<\/span><\/p>\n<hr \/>\n<p>[Estos fragmentos han sido tomados de la <em>Suma Teol\u00f3gica<\/em> de Santo Tom\u00e1s, en la segunda secci\u00f3n de la segunda parte. Pueden leerse en orden los fragmentos publicados haciendo clic <a href=\"https:\/\/fraynelson.com\/blog\/categorias\/santo_tomas\/suma-teologica-fragmentos\/?order=ASC\">aqu\u00ed<\/a>.]<\/p>\n<p><span style=\"color: #000000; font-family: Arial, Helvetica, sans-serif; font-size: small;\"><strong>Fr. Nelson M.<br \/>\n[<a href=\"https:\/\/fraynelson.com\/blog\/categorias\/biblia\/365-dias-para-la-biblia\/?order=ASC\" target=\"_blank\" rel=\"noopener noreferrer\">\u00bfQuieres leer la Biblia en 365 d\u00edas?<\/a>]<\/strong><\/span><\/p>\n<\/div>\n<\/td>\n<\/tr>\n<tr bgcolor=\"#ffffcc\">\n<td colspan=\"2\" valign=\"bottom\"><img loading=\"lazy\" decoding=\"async\" src=\"http:\/\/fraynelson.com\/banco_imagenes\/transparente.gif\" width=\"8\" height=\"8\" \/><a class=\"linksmenu\" href=\"http:\/\/fraynelson.com\/sistema\/boletin\/mactboletin3.php#a\"><span style=\"color: #000066; font-family: Arial, Helvetica, sans-serif; font-size: xx-small;\"><strong>[arriba]<\/strong><\/span><\/a><\/td>\n<\/tr>\n<\/tbody>\n<\/table>\n<table border=\"0\" width=\"100%\" cellspacing=\"0\" cellpadding=\"0\" bgcolor=\"#ffcd88\">\n<tbody>\n<tr>\n<td valign=\"center\" width=\"55%\"><a id=\"2\" name=\"2\"><\/a><\/p>\n<div align=\"left\"><a id=\"2\" name=\"2\"><\/a><img loading=\"lazy\" decoding=\"async\" src=\"http:\/\/fraynelson.com\/banco_imagenes\/arrow.gif\" width=\"16\" height=\"15\" \/><\/div>\n<\/td>\n<td>\n<div align=\"right\"><span class=\"titulo1\"><span style=\"color: #590b00; font-family: Arial, Helvetica, sans-serif; font-size: medium;\"><strong>La Foto de Hoy<\/strong><\/span><\/span><\/div>\n<\/td>\n<\/tr>\n<tr>\n<td colspan=\"2\" valign=\"bottom\" bgcolor=\"#ffffcc\"><img loading=\"lazy\" decoding=\"async\" src=\"http:\/\/fraynelson.com\/banco_imagenes\/transparente.gif\" width=\"8\" height=\"8\" \/><\/td>\n<\/tr>\n<tr>\n<td colspan=\"2\" valign=\"top\" bgcolor=\"#ffffcc\">\n<div align=\"center\">\n<p><span style=\"color: #000000; font-family: Arial, Helvetica, sans-serif; font-size: xx-small;\"><a href=\"http:\/\/fraynelson.com\/fotodeldia.php\"><img decoding=\"async\" src=\"http:\/\/fraynelson.com\/banco_imagenes\/diario\/20200503.jpg\" width=\"320\" border=\"0\" \/><\/a><br \/>\n<em>Solo la cruz entra en el cielo.<\/em><\/span><\/p>\n<\/div>\n<\/td>\n<\/tr>\n<tr bgcolor=\"#ffffcc\">\n<td colspan=\"2\" valign=\"bottom\"><img loading=\"lazy\" decoding=\"async\" src=\"http:\/\/fraynelson.com\/banco_imagenes\/transparente.gif\" width=\"8\" height=\"8\" \/><a class=\"linksmenu\" href=\"http:\/\/fraynelson.com\/sistema\/boletin\/mactboletin3.php#a\"><span style=\"color: #000066; font-family: Arial, Helvetica, sans-serif; font-size: xx-small;\"><strong>[arriba]<\/strong><\/span><\/a><\/td>\n<\/tr>\n<\/tbody>\n<\/table>\n<table border=\"0\" width=\"100%\" cellspacing=\"0\" cellpadding=\"0\" bgcolor=\"#ffcd88\">\n<tbody>\n<tr>\n<td valign=\"center\" width=\"55%\"><a id=\"3a\" name=\"3a\"><\/a><\/p>\n<div align=\"left\"><a id=\"3a\" name=\"3a\"><\/a><img loading=\"lazy\" decoding=\"async\" src=\"http:\/\/fraynelson.com\/banco_imagenes\/arrow.gif\" width=\"16\" height=\"15\" \/><\/div>\n<\/td>\n<td>\n<div align=\"right\"><span class=\"titulo1\"><span style=\"color: #590b00; font-family: Arial, Helvetica, sans-serif; font-size: medium;\"><strong>Santo del D\u00eda<\/strong><\/span><\/span><\/div>\n<\/td>\n<\/tr>\n<tr>\n<td colspan=\"2\" valign=\"bottom\" bgcolor=\"#ffffcc\"><img loading=\"lazy\" decoding=\"async\" src=\"http:\/\/fraynelson.com\/banco_imagenes\/transparente.gif\" width=\"8\" height=\"8\" \/><\/td>\n<\/tr>\n<tr>\n<td colspan=\"2\" valign=\"top\" bgcolor=\"#ffffcc\">\n<div align=\"left\">\n<p><span style=\"color: #000000; font-family: Arial, Helvetica, sans-serif; font-size: small;\"><b>Santos Timoteo y Maura, M\u00e1rtires<\/b>.- <\/span><\/p>\n<p><span style=\"color: #000000; font-family: Arial, Helvetica, sans-serif; font-size: small;\">Los j\u00f3venes esposos Timoteo y Maura, fueron v\u00edctimas de las crueles persecuciones de Diocesano, en el Alto Egipto.<\/span><\/p>\n<p>Timoteo era lector en la Iglesia de Perapeis, cerca de Antinoe. Y tanto \u00e9l como su esposa, se dedicaban con ardor al estudio de las Sagradas Escrituras.<\/p>\n<p>El gobernador le orden\u00f3 que le entregase los Libros Sagrados para quemarlos p\u00fablicamente. Timoteo se opuso firmemente a esta orden, y con \u00e1nimo de hacerle flaquear en su resoluci\u00f3n, fue sometido a severas torturas.<\/p>\n<p>En un \u00faltimo intento llamaron a Maura para disuadirlo. Pero, ella agreg\u00f3 que estaba dispuesta a morir con su esposo.<\/p>\n<p>Los M\u00e1rtires estuvieron clavados nueve d\u00edas antes de morir.<\/p>\n<\/div>\n<\/td>\n<\/tr>\n<tr bgcolor=\"#ffffcc\">\n<td colspan=\"2\" valign=\"bottom\"><img loading=\"lazy\" decoding=\"async\" src=\"http:\/\/fraynelson.com\/banco_imagenes\/transparente.gif\" width=\"8\" height=\"8\" \/><a class=\"linksmenu\" href=\"http:\/\/fraynelson.com\/sistema\/boletin\/mactboletin3.php#a\"><span style=\"color: #000066; font-family: Arial, Helvetica, sans-serif; font-size: xx-small;\"><strong>[arriba]<\/strong><\/span><\/a><\/td>\n<\/tr>\n<\/tbody>\n<\/table>\n<table border=\"0\" width=\"100%\" cellspacing=\"0\" cellpadding=\"0\" bgcolor=\"#ffcd88\">\n<tbody>\n<tr>\n<td valign=\"center\" width=\"55%\"><a id=\"3b\" name=\"3b\"><\/a><\/p>\n<div align=\"left\"><a id=\"3b\" name=\"3b\"><\/a><img loading=\"lazy\" decoding=\"async\" src=\"http:\/\/fraynelson.com\/banco_imagenes\/arrow.gif\" width=\"16\" height=\"15\" \/><\/div>\n<\/td>\n<td>\n<div align=\"right\"><span class=\"titulo1\"><span style=\"color: #590b00; font-family: Arial, Helvetica, sans-serif; font-size: medium;\"><strong>Cumplea\u00f1os<\/strong><\/span><\/span><\/div>\n<\/td>\n<\/tr>\n<tr>\n<td colspan=\"2\" valign=\"bottom\" bgcolor=\"#ffffcc\"><img loading=\"lazy\" decoding=\"async\" src=\"http:\/\/fraynelson.com\/banco_imagenes\/transparente.gif\" width=\"8\" height=\"8\" \/><\/td>\n<\/tr>\n<tr>\n<td colspan=\"2\" valign=\"top\" bgcolor=\"#ffffcc\">\n<div align=\"left\">\n<p><span style=\"color: #000000; font-family: Arial, Helvetica, sans-serif; font-size: small;\"><img decoding=\"async\" src=\"http:\/\/fraynelson.com\/banco_imagenes\/cumple.gif\" border=\"0\" \/> <b>Eutimio L\u00f2pez Torre<\/b>.- Burgos, Espa\u00f1a (1933)<\/span><\/p>\n<p><span style=\"color: #000000; font-family: Arial, Helvetica, sans-serif; font-size: small;\"><img decoding=\"async\" src=\"http:\/\/fraynelson.com\/banco_imagenes\/cumple.gif\" border=\"0\" \/> <b>Padre Jes\u00fas Alberto Pinz\u00f3n Calder\u00f3n<\/b>.- Bogot\u00e1, Colombia<\/span><\/p>\n<p><span style=\"color: #000000; font-family: Arial, Helvetica, sans-serif; font-size: small;\"><img decoding=\"async\" src=\"http:\/\/fraynelson.com\/banco_imagenes\/cumple.gif\" border=\"0\" \/> <b>Yessica Dominguez<\/b>.- <\/span><\/p>\n<p><span style=\"color: #000000; font-family: Arial, Helvetica, sans-serif; font-size: small;\"><img decoding=\"async\" src=\"http:\/\/fraynelson.com\/banco_imagenes\/cumple.gif\" border=\"0\" \/> <b>Juan Andres Rengifo<\/b>.- Ibagu\u00e9, Colombia<\/span><\/p>\n<p><span style=\"color: #000000; font-family: Arial, Helvetica, sans-serif; font-size: small;\"><img decoding=\"async\" src=\"http:\/\/fraynelson.com\/banco_imagenes\/cumple.gif\" border=\"0\" \/> <b>Henry G\u00f3mez Uribe<\/b>.- Gir\u00f3n Santander- Colombia<\/span><\/p>\n<p><span style=\"color: #000000; font-family: Arial, Helvetica, sans-serif; font-size: small;\"><img decoding=\"async\" src=\"http:\/\/fraynelson.com\/banco_imagenes\/cumple.gif\" border=\"0\" \/> <b>Claudia Camargo<\/b>.- Miami, FL, USA<\/span><\/p>\n<p><span style=\"color: #000000; font-family: Arial, Helvetica, sans-serif; font-size: small;\"><img decoding=\"async\" src=\"http:\/\/fraynelson.com\/banco_imagenes\/cumple.gif\" border=\"0\" \/> <b>Daniel Correal<\/b>.- Qu\u00e9bec, Canad\u00e0 (1976) &#8211; Felicidades esposo, que Dios bendiga cada d\u00eca de tu vida y te conceda siempre vivir en tranquilidad y amor.<\/span><\/p>\n<p><span style=\"color: #000000; font-family: Arial, Helvetica, sans-serif; font-size: small;\"><img decoding=\"async\" src=\"http:\/\/fraynelson.com\/banco_imagenes\/cumple.gif\" border=\"0\" \/> <b>Hna Mayerly Garc\u00eda Esteban<\/b>.- Envigado, Colombia &#8211; Que el Se\u00f1or y la Sant\u00edsima Virgen Mar\u00eda la bendigan y le concedan much\u00edsimos a\u00f1os m\u00e1s de Vida en el servicio y amor a la comunidad, con mucha salud, paz y amor.<\/span><\/p>\n<p><span style=\"color: #000000; font-family: Arial, Helvetica, sans-serif; font-size: small;\"><img decoding=\"async\" src=\"http:\/\/fraynelson.com\/banco_imagenes\/cumple.gif\" border=\"0\" \/> <b>Diana Carolina Maestre Guerra<\/b>.- Valledupar, Colombia<\/span><\/p>\n<p><span style=\"color: #000000; font-family: Arial, Helvetica, sans-serif; font-size: small;\">[<a href=\"http:\/\/fraynelson.com\/calendario.php\">A\u00f1ade otro cumplea\u00f1os<\/a>]<\/span><\/p>\n<\/div>\n<\/td>\n<\/tr>\n<tr bgcolor=\"#ffffcc\">\n<td colspan=\"2\" valign=\"bottom\"><img loading=\"lazy\" decoding=\"async\" src=\"http:\/\/fraynelson.com\/banco_imagenes\/transparente.gif\" width=\"8\" height=\"8\" \/><a class=\"linksmenu\" href=\"http:\/\/fraynelson.com\/sistema\/boletin\/mactboletin3.php#a\"><span style=\"color: #000066; font-family: Arial, Helvetica, sans-serif; font-size: xx-small;\"><strong>[arriba]<\/strong><\/span><\/a><\/td>\n<\/tr>\n<\/tbody>\n<\/table>\n<table border=\"0\" width=\"100%\" cellspacing=\"0\" cellpadding=\"0\" bgcolor=\"#ffcd88\">\n<tbody>\n<tr>\n<td valign=\"center\" width=\"55%\"><a id=\"3c\" name=\"3c\"><\/a><\/p>\n<div align=\"left\"><a id=\"3c\" name=\"3c\"><\/a><img loading=\"lazy\" decoding=\"async\" src=\"http:\/\/fraynelson.com\/banco_imagenes\/arrow.gif\" width=\"16\" height=\"15\" \/><\/div>\n<\/td>\n<td>\n<div align=\"right\"><span class=\"titulo1\"><span style=\"color: #590b00; font-family: Arial, Helvetica, sans-serif; font-size: medium;\"><strong>Bautismos<\/strong><\/span><\/span><\/div>\n<\/td>\n<\/tr>\n<tr>\n<td colspan=\"2\" valign=\"bottom\" bgcolor=\"#ffffcc\"><img loading=\"lazy\" decoding=\"async\" src=\"http:\/\/fraynelson.com\/banco_imagenes\/transparente.gif\" width=\"8\" height=\"8\" \/><\/td>\n<\/tr>\n<tr>\n<td colspan=\"2\" valign=\"top\" bgcolor=\"#ffffcc\">\n<div align=\"left\">\n<p><span style=\"color: #000000; font-family: Arial, Helvetica, sans-serif; font-size: small;\">[<a href=\"http:\/\/fraynelson.com\/calendario.php\">A\u00f1ade otro aniversario de bautismo<\/a>]<\/span><\/p>\n<\/div>\n<\/td>\n<\/tr>\n<tr bgcolor=\"#ffffcc\">\n<td colspan=\"2\" valign=\"bottom\"><img loading=\"lazy\" decoding=\"async\" src=\"http:\/\/fraynelson.com\/banco_imagenes\/transparente.gif\" width=\"8\" height=\"8\" \/><a class=\"linksmenu\" href=\"http:\/\/fraynelson.com\/sistema\/boletin\/mactboletin3.php#a\"><span style=\"color: #000066; font-family: Arial, Helvetica, sans-serif; font-size: xx-small;\"><strong>[arriba]<\/strong><\/span><\/a><\/td>\n<\/tr>\n<\/tbody>\n<\/table>\n<table border=\"0\" width=\"100%\" cellspacing=\"0\" cellpadding=\"0\" bgcolor=\"#ffcd88\">\n<tbody>\n<tr>\n<td valign=\"center\" width=\"55%\"><a id=\"3d\" name=\"3d\"><\/a><\/p>\n<div align=\"left\"><a id=\"3d\" name=\"3d\"><\/a><img loading=\"lazy\" decoding=\"async\" src=\"http:\/\/fraynelson.com\/banco_imagenes\/arrow.gif\" width=\"16\" height=\"15\" \/><\/div>\n<\/td>\n<td>\n<div align=\"right\"><span class=\"titulo1\"><span style=\"color: #590b00; font-family: Arial, Helvetica, sans-serif; font-size: medium;\"><strong>Aniversario de Ordenaci\u00f3n Sacerdotal<\/strong><\/span><\/span><\/div>\n<\/td>\n<\/tr>\n<tr>\n<td colspan=\"2\" valign=\"bottom\" bgcolor=\"#ffffcc\"><img loading=\"lazy\" decoding=\"async\" src=\"http:\/\/fraynelson.com\/banco_imagenes\/transparente.gif\" width=\"8\" height=\"8\" \/><\/td>\n<\/tr>\n<tr>\n<td colspan=\"2\" valign=\"top\" bgcolor=\"#ffffcc\">\n<div align=\"left\">\n<p><span style=\"color: #000000; font-family: Arial, Helvetica, sans-serif; font-size: small;\"><img decoding=\"async\" src=\"http:\/\/fraynelson.com\/banco_imagenes\/orden.gif\" border=\"0\" \/> <b>Padre Carlos Miri<\/b>.- w<\/span><\/p>\n<p><span style=\"color: #000000; font-family: Arial, Helvetica, sans-serif; font-size: small;\">[<a href=\"http:\/\/fraynelson.com\/calendario.php\">A\u00f1ade otro aniversario de ordenaci\u00f3n<\/a>]<\/span><\/p>\n<\/div>\n<\/td>\n<\/tr>\n<tr bgcolor=\"#ffffcc\">\n<td colspan=\"2\" valign=\"bottom\"><img loading=\"lazy\" decoding=\"async\" src=\"http:\/\/fraynelson.com\/banco_imagenes\/transparente.gif\" width=\"8\" height=\"8\" \/><a class=\"linksmenu\" href=\"http:\/\/fraynelson.com\/sistema\/boletin\/mactboletin3.php#a\"><span style=\"color: #000066; font-family: Arial, Helvetica, sans-serif; font-size: xx-small;\"><strong>[arriba]<\/strong><\/span><\/a><\/td>\n<\/tr>\n<\/tbody>\n<\/table>\n<table border=\"0\" width=\"100%\" cellspacing=\"0\" cellpadding=\"0\" bgcolor=\"#ffcd88\">\n<tbody>\n<tr>\n<td valign=\"center\" width=\"55%\"><a id=\"3e\" name=\"3e\"><\/a><\/p>\n<div align=\"left\"><a id=\"3e\" name=\"3e\"><\/a><img loading=\"lazy\" decoding=\"async\" src=\"http:\/\/fraynelson.com\/banco_imagenes\/arrow.gif\" width=\"16\" height=\"15\" \/><\/div>\n<\/td>\n<td>\n<div align=\"right\"><span class=\"titulo1\"><span style=\"color: #590b00; font-family: Arial, Helvetica, sans-serif; font-size: medium;\"><strong>Aniversario de Matrimonio<\/strong><\/span><\/span><\/div>\n<\/td>\n<\/tr>\n<tr>\n<td colspan=\"2\" valign=\"bottom\" bgcolor=\"#ffffcc\"><img loading=\"lazy\" decoding=\"async\" src=\"http:\/\/fraynelson.com\/banco_imagenes\/transparente.gif\" width=\"8\" height=\"8\" \/><\/td>\n<\/tr>\n<tr>\n<td colspan=\"2\" valign=\"top\" bgcolor=\"#ffffcc\">\n<div align=\"left\">\n<p><span style=\"color: #000000; font-family: Arial, Helvetica, sans-serif; font-size: small;\"><img decoding=\"async\" src=\"http:\/\/fraynelson.com\/banco_imagenes\/matri.gif\" border=\"0\" \/> <b>Juan Carlos Mu\u00f1oz y Adriana Legu\u00edzamo<\/b>.- Bogot\u00e1, Colombia (1997) &#8211; Jes\u00fas nos une en su Santa Cruz para que amemos con el, sin limites.<\/span><\/p>\n<p><span style=\"color: #000000; font-family: Arial, Helvetica, sans-serif; font-size: small;\"><img decoding=\"async\" src=\"http:\/\/fraynelson.com\/banco_imagenes\/matri.gif\" border=\"0\" \/> <b>Frank y Nohora Bowers<\/b>.- Virginia, Estados Unidos &#8211; God bless everyday of your life, your family and kitty&#8217;s and all the special moments you share each day may the Holy Spirit be between you both Amen.<\/span><\/p>\n<p><span style=\"color: #000000; font-family: Arial, Helvetica, sans-serif; font-size: small;\"><img decoding=\"async\" src=\"http:\/\/fraynelson.com\/banco_imagenes\/matri.gif\" border=\"0\" \/> <b>Martha Liliana Sarmiento Pico y Saulo Reyes<\/b>.- Bogot\u00e1, Colombia (1986) &#8211; Nuestras bodas de Plata; colmados de bendiciones, solo vivo d\u00e1ndo gracias a Dios por los frutos de nuestro Amor: Una Fe fortalecida en el Se\u00f1or de la Misericordia, nuestros dos hijos y una Comunidad donde vivimos nuestra identidad.<\/span><\/p>\n<p><span style=\"color: #000000; font-family: Arial, Helvetica, sans-serif; font-size: small;\">[<a href=\"http:\/\/fraynelson.com\/calendario.php\">A\u00f1ade otro aniversario de matrimonio<\/a>]<\/span><\/p>\n<\/div>\n<\/td>\n<\/tr>\n<tr bgcolor=\"#ffffcc\">\n<td colspan=\"2\" valign=\"bottom\"><img loading=\"lazy\" decoding=\"async\" src=\"http:\/\/fraynelson.com\/banco_imagenes\/transparente.gif\" width=\"8\" height=\"8\" \/><a class=\"linksmenu\" href=\"http:\/\/fraynelson.com\/sistema\/boletin\/mactboletin3.php#a\"><span style=\"color: #000066; font-family: Arial, Helvetica, sans-serif; font-size: xx-small;\"><strong>[arriba]<\/strong><\/span><\/a><\/td>\n<\/tr>\n<\/tbody>\n<\/table>\n<table border=\"0\" width=\"100%\" cellspacing=\"0\" cellpadding=\"0\" bgcolor=\"#ffcd88\">\n<tbody>\n<tr>\n<td valign=\"center\" width=\"55%\"><a id=\"3f\" name=\"3f\"><\/a><\/p>\n<div align=\"left\"><a id=\"3f\" name=\"3f\"><\/a><img loading=\"lazy\" decoding=\"async\" src=\"http:\/\/fraynelson.com\/banco_imagenes\/arrow.gif\" width=\"16\" height=\"15\" \/><\/div>\n<\/td>\n<td>\n<div align=\"right\"><span class=\"titulo1\"><span style=\"color: #590b00; font-family: Arial, Helvetica, sans-serif; font-size: medium;\"><strong>Grupos, Comunidades, Congregaciones&#8230;<\/strong><\/span><\/span><\/div>\n<\/td>\n<\/tr>\n<tr>\n<td colspan=\"2\" valign=\"bottom\" bgcolor=\"#ffffcc\"><img loading=\"lazy\" decoding=\"async\" src=\"http:\/\/fraynelson.com\/banco_imagenes\/transparente.gif\" width=\"8\" height=\"8\" \/><\/td>\n<\/tr>\n<tr>\n<td colspan=\"2\" valign=\"top\" bgcolor=\"#ffffcc\">\n<div align=\"left\">\n<p><span style=\"color: #000000; font-family: Arial, Helvetica, sans-serif; font-size: small;\"><img decoding=\"async\" src=\"http:\/\/fraynelson.com\/banco_imagenes\/grupo.gif\" border=\"0\" \/> <b>Movimiento Cat\u00f3lico Sanctus<\/b>.- Bogot\u00e1 &#8211; Ibagu\u00e9, Colombia<\/span><\/p>\n<p><span style=\"color: #000000; font-family: Arial, Helvetica, sans-serif; font-size: small;\">[<a href=\"http:\/\/fraynelson.com\/calendario.php\">A\u00f1ade otro aniversario de un grupo<\/a>]<\/span><\/p>\n<\/div>\n<\/td>\n<\/tr>\n<tr bgcolor=\"#ffffcc\">\n<td colspan=\"2\" valign=\"bottom\"><img loading=\"lazy\" decoding=\"async\" src=\"http:\/\/fraynelson.com\/banco_imagenes\/transparente.gif\" width=\"8\" height=\"8\" \/><a class=\"linksmenu\" href=\"http:\/\/fraynelson.com\/sistema\/boletin\/mactboletin3.php#a\"><span style=\"color: #000066; font-family: Arial, Helvetica, sans-serif; font-size: xx-small;\"><strong>[arriba]<\/strong><\/span><\/a><\/td>\n<\/tr>\n<\/tbody>\n<\/table>\n<table border=\"0\" width=\"100%\" cellspacing=\"0\" cellpadding=\"0\" bgcolor=\"#ffcd88\">\n<tbody>\n<tr>\n<td valign=\"center\" width=\"55%\"><a id=\"3g\" name=\"3g\"><\/a><\/p>\n<div align=\"left\"><a id=\"3g\" name=\"3g\"><\/a><img loading=\"lazy\" decoding=\"async\" src=\"http:\/\/fraynelson.com\/banco_imagenes\/arrow.gif\" width=\"16\" height=\"15\" \/><\/div>\n<\/td>\n<td>\n<div align=\"right\"><span class=\"titulo1\"><span style=\"color: #590b00; font-family: Arial, Helvetica, sans-serif; font-size: medium;\"><strong>Evangelizaci\u00f3n Viva para hoy y los pr\u00f3ximos d\u00edas<\/strong><\/span><\/span><\/div>\n<\/td>\n<\/tr>\n<tr>\n<td colspan=\"2\" valign=\"bottom\" bgcolor=\"#ffffcc\"><img loading=\"lazy\" decoding=\"async\" src=\"http:\/\/fraynelson.com\/banco_imagenes\/transparente.gif\" width=\"8\" height=\"8\" \/><\/td>\n<\/tr>\n<tr>\n<td colspan=\"2\" valign=\"top\" bgcolor=\"#ffffcc\">\n<div align=\"left\">\n<p><span style=\"color: #000000; font-family: Arial, Helvetica, sans-serif; font-size: small;\">[<a href=\"http:\/\/fraynelson.com\/calendario.php\">A\u00f1ade otro evento de evangelizaci\u00f3n<\/a>: Son bienvenidas fechas futuras, por ejemplo si deseas dar a conocer alg\u00fan congreso, concierto, retiro, o similares]<\/span><\/p>\n<\/div>\n<\/td>\n<\/tr>\n<tr bgcolor=\"#ffffcc\">\n<td colspan=\"2\" valign=\"bottom\"><img loading=\"lazy\" decoding=\"async\" src=\"http:\/\/fraynelson.com\/banco_imagenes\/transparente.gif\" width=\"8\" height=\"8\" \/><a class=\"linksmenu\" href=\"http:\/\/fraynelson.com\/sistema\/boletin\/mactboletin3.php#a\"><span style=\"color: #000066; font-family: Arial, Helvetica, sans-serif; font-size: xx-small;\"><strong>[arriba]<\/strong><\/span><\/a><\/td>\n<\/tr>\n<\/tbody>\n<\/table>\n<table border=\"0\" width=\"100%\" cellspacing=\"0\" cellpadding=\"0\" bgcolor=\"#ffcd88\">\n<tbody>\n<tr>\n<td valign=\"center\" width=\"55%\"><a id=\"3h\" name=\"3h\"><\/a><\/p>\n<div align=\"left\"><a id=\"3h\" name=\"3h\"><\/a><img loading=\"lazy\" decoding=\"async\" src=\"http:\/\/fraynelson.com\/banco_imagenes\/arrow.gif\" width=\"16\" height=\"15\" \/><\/div>\n<\/td>\n<td>\n<div align=\"right\"><span class=\"titulo1\"><span style=\"color: #590b00; font-family: Arial, Helvetica, sans-serif; font-size: medium;\"><strong>Otras fechas importantes para ti<\/strong><\/span><\/span><\/div>\n<\/td>\n<\/tr>\n<tr>\n<td colspan=\"2\" valign=\"bottom\" bgcolor=\"#ffffcc\"><img loading=\"lazy\" decoding=\"async\" src=\"http:\/\/fraynelson.com\/banco_imagenes\/transparente.gif\" width=\"8\" height=\"8\" \/><\/td>\n<\/tr>\n<tr>\n<td colspan=\"2\" valign=\"top\" bgcolor=\"#ffffcc\">\n<div align=\"left\">\n<p><span style=\"color: #000000; font-family: Arial, Helvetica, sans-serif; font-size: small;\"><img decoding=\"async\" src=\"http:\/\/fraynelson.com\/banco_imagenes\/otros_aniversarios.gif\" border=\"0\" \/> <b>\u00c1ngel Santos y Verania Elizabeth<\/b>.- Panam\u00e1, Panam\u00e1 (2009)- Hace a\u00f1os un Domingo dedicado al Buen Pastor, se inicio una historia que ha tenido como centro y columna de apoyo a nuestro amado Se\u00f1or. El tiempo ha transcurrido, y siempre nuestro Se\u00f1or en medio de esta relaci\u00f3n, en octubre de 2010, deciden unir sus vidas ante el altar del Se\u00f1or, pero siguen recordando y conmemorando el inicio de esta historia, su noviazgo! Gracias Se\u00f1or por tu Amor!<\/span><\/p>\n<p><span style=\"color: #000000; font-family: Arial, Helvetica, sans-serif; font-size: small;\"><img decoding=\"async\" src=\"http:\/\/fraynelson.com\/banco_imagenes\/otros_aniversarios.gif\" border=\"0\" \/> <b>Movimiento Cat\u00f3lico SANCTUS<\/b>.- Comunidad en torno a la Cruz.<\/span><\/p>\n<p><span style=\"color: #000000; font-family: Arial, Helvetica, sans-serif; font-size: small;\">[<a href=\"http:\/\/fraynelson.com\/calendario.php\">A\u00f1ade otros aniversarios de personas o parejas<\/a>]<\/span><\/p>\n<\/div>\n<\/td>\n<\/tr>\n<tr bgcolor=\"#ffffcc\">\n<td colspan=\"2\" valign=\"bottom\"><img loading=\"lazy\" decoding=\"async\" src=\"http:\/\/fraynelson.com\/banco_imagenes\/transparente.gif\" width=\"8\" height=\"8\" \/><a class=\"linksmenu\" href=\"http:\/\/fraynelson.com\/sistema\/boletin\/mactboletin3.php#a\"><span style=\"color: #000066; font-family: Arial, Helvetica, sans-serif; font-size: xx-small;\"><strong>[arriba]<\/strong><\/span><\/a><\/td>\n<\/tr>\n<\/tbody>\n<\/table>\n<table border=\"0\" width=\"100%\" cellspacing=\"0\" cellpadding=\"0\" bgcolor=\"#ffcd88\">\n<tbody>\n<tr>\n<td valign=\"center\" width=\"55%\"><a id=\"3i\" name=\"3i\"><\/a><\/p>\n<div align=\"left\"><a id=\"3i\" name=\"3i\"><\/a><img loading=\"lazy\" decoding=\"async\" src=\"http:\/\/fraynelson.com\/banco_imagenes\/arrow.gif\" width=\"16\" height=\"15\" \/><\/div>\n<\/td>\n<td>\n<div align=\"right\"><span class=\"titulo1\"><span style=\"color: #590b00; font-family: Arial, Helvetica, sans-serif; font-size: medium;\"><strong>Fallecieron en un d\u00eda como hoy&#8230;<\/strong><\/span><\/span><\/div>\n<\/td>\n<\/tr>\n<tr>\n<td colspan=\"2\" valign=\"bottom\" bgcolor=\"#ffffcc\"><img loading=\"lazy\" decoding=\"async\" src=\"http:\/\/fraynelson.com\/banco_imagenes\/transparente.gif\" width=\"8\" height=\"8\" \/><\/td>\n<\/tr>\n<tr>\n<td colspan=\"2\" valign=\"top\" bgcolor=\"#ffffcc\">\n<div align=\"left\">\n<p><span style=\"color: #000000; font-family: Arial, Helvetica, sans-serif; font-size: small;\"><img decoding=\"async\" src=\"http:\/\/fraynelson.com\/banco_imagenes\/difuntos.gif\" border=\"0\" \/> <b>Aurelio Olivares P\u00e9rez<\/b>.- M\u00e9xico D.F., M\u00e9xico (2010) &#8211; Papito, en este d\u00eda de tu partida a la Casa del Padre, d\u00eda de la Santa Cruz, te quiero decir cu\u00e1nto te agradecemos por los buenos ejemplos que nos diste, sobre todo el ejemplo de tu amor al Se\u00f1or y tu devoci\u00f3n a la Santisima Virgen. Te vamos a extra\u00f1ar mucho, pero sabemos que en el cielo tu intercederas por nosotros. te amamos tu esposa, tus hijos, nietos y bisnietos.<\/span><\/p>\n<p><span style=\"color: #000000; font-family: Arial, Helvetica, sans-serif; font-size: small;\">[<a href=\"http:\/\/fraynelson.com\/calendario.php\">A\u00f1ade el nombre de personas fallecidas por las que quieres que oremos<\/a>]<\/span><\/p>\n<\/div>\n<\/td>\n<\/tr>\n<tr bgcolor=\"#ffffcc\">\n<td colspan=\"2\" valign=\"bottom\"><img loading=\"lazy\" decoding=\"async\" src=\"http:\/\/fraynelson.com\/banco_imagenes\/transparente.gif\" width=\"8\" height=\"8\" \/><a class=\"linksmenu\" href=\"http:\/\/fraynelson.com\/sistema\/boletin\/mactboletin3.php#a\"><span style=\"color: #000066; font-family: Arial, Helvetica, sans-serif; font-size: xx-small;\"><strong>[arriba]<\/strong><\/span><\/a><\/td>\n<\/tr>\n<\/tbody>\n<\/table>\n<table border=\"0\" width=\"100%\" cellspacing=\"0\" cellpadding=\"0\" bgcolor=\"#ffcd88\">\n<tbody>\n<tr>\n<td valign=\"center\" width=\"55%\"><a id=\"4\" name=\"4\"><\/a><\/p>\n<div align=\"left\"><a id=\"4\" name=\"4\"><\/a><img loading=\"lazy\" decoding=\"async\" src=\"http:\/\/fraynelson.com\/banco_imagenes\/arrow.gif\" width=\"16\" height=\"15\" \/><\/div>\n<\/td>\n<td>\n<div align=\"right\"><span class=\"titulo1\"><span style=\"color: #590b00; font-family: Arial, Helvetica, sans-serif; font-size: medium;\"><strong>Enlace recomendado para este d\u00eda<\/strong><\/span><\/span><\/div>\n<\/td>\n<\/tr>\n<tr>\n<td colspan=\"2\" valign=\"bottom\" bgcolor=\"#ffffcc\"><img loading=\"lazy\" decoding=\"async\" src=\"http:\/\/fraynelson.com\/banco_imagenes\/transparente.gif\" width=\"8\" height=\"8\" \/><\/td>\n<\/tr>\n<tr>\n<td colspan=\"2\" valign=\"top\" bgcolor=\"#ffffcc\">\n<div align=\"center\">\n<p><span style=\"color: #000000; font-family: Arial, Helvetica, sans-serif; font-size: xx-small;\"><b>Para mejor hablar de afecto y sexo con los hijos<\/b><\/span><\/p>\n<p><center><span style=\"color: #000000; font-family: Arial, Helvetica, sans-serif; font-size: xx-small;\"><a href=\"https:\/\/www.evernote.com\/shard\/s254\/sh\/420a536c-1053-4452-bd2d-c59c4d671b16\/26fcbac4912ac6f84b0aaacd452d3207\" target=\"_blank\" rel=\"noopener noreferrer\"><img decoding=\"async\" src=\"http:\/\/fraynelson.com\/banco_imagenes\/recomendados\/20200503.jpg\" alt=\"\" width=\"320\" border=\"0\" \/><\/a><\/span><\/p>\n<div align=\"left\">\n<p><em>&#8220;Eduardo Navarro, experto en educaci\u00f3n afectivo-sexual, habla de algunos fallos que cometen los padres al afrontar estos temas con sus hijos&#8230;&#8221; Haz click <a href=\"https:\/\/www.evernote.com\/shard\/s254\/sh\/420a536c-1053-4452-bd2d-c59c4d671b16\/26fcbac4912ac6f84b0aaacd452d3207\" target=\"_blank\" rel=\"noopener noreferrer\">AQU\u00cd<\/a>.<\/em><\/p>\n<\/div>\n<p><\/center><\/div>\n<\/td>\n<\/tr>\n<tr bgcolor=\"#ffffcc\">\n<td colspan=\"2\" valign=\"bottom\"><img loading=\"lazy\" decoding=\"async\" src=\"http:\/\/fraynelson.com\/banco_imagenes\/transparente.gif\" width=\"8\" height=\"8\" \/><a class=\"linksmenu\" href=\"http:\/\/fraynelson.com\/sistema\/boletin\/mactboletin3.php#a\"><span style=\"color: #000066; font-family: Arial, Helvetica, sans-serif; font-size: xx-small;\"><strong>[arriba]<\/strong><\/span><\/a><\/td>\n<\/tr>\n<\/tbody>\n<\/table>\n<table border=\"0\" width=\"100%\" cellspacing=\"0\" cellpadding=\"0\" bgcolor=\"#ffcd88\">\n<tbody>\n<tr>\n<td valign=\"center\" width=\"55%\"><a id=\"5\" name=\"5\"><\/a><\/p>\n<div align=\"left\"><a id=\"5\" name=\"5\"><\/a><img loading=\"lazy\" decoding=\"async\" src=\"http:\/\/fraynelson.com\/banco_imagenes\/arrow.gif\" width=\"16\" height=\"15\" \/><\/div>\n<\/td>\n<td>\n<div align=\"right\"><span class=\"titulo1\"><span style=\"color: #590b00; font-family: Arial, Helvetica, sans-serif; font-size: medium;\"><strong>Un poco de <span style=\"color: red;\"><em>Humor&#8230;<\/em><\/span><\/strong><\/span><\/span><\/div>\n<\/td>\n<\/tr>\n<tr>\n<td colspan=\"2\" valign=\"bottom\" bgcolor=\"#ffffcc\"><img loading=\"lazy\" decoding=\"async\" src=\"http:\/\/fraynelson.com\/banco_imagenes\/transparente.gif\" width=\"8\" height=\"8\" \/><\/td>\n<\/tr>\n<tr>\n<td colspan=\"2\" valign=\"top\" bgcolor=\"#ffffcc\">\n<div align=\"center\">\n<p><span style=\"color: #000000; font-family: Arial, Helvetica, sans-serif; font-size: xx-small;\"><b>Ahorro extremo<\/b><\/span><\/p>\n<div align=\"left\">\n<p><span style=\"color: #000000; font-family: Arial, Helvetica, sans-serif; font-size: xx-small;\">Jaimito llega a la casa despu\u00e9s de su \u00faltimo d\u00eda de clases y le dice a su pap\u00e1:<br \/>\n&#8211; Pap\u00e1, \u00bfte acuerdas que a principio de a\u00f1o me dijiste que me pagar\u00edas 500 d\u00f3lares si pasaba el a\u00f1o?<br \/>\nEl pap\u00e1 le responde:<br \/>\n&#8211; S\u00ed, hijito, \u00bfpor qu\u00e9? No me digas que&#8230;<br \/>\nJaimito lo interrumpe y le dice:<br \/>\n&#8211; \u00a1S\u00ed pap\u00e1! \u00a1Es un hecho! \u00a1Te ahorr\u00e9 ese gasto!<\/span><\/p>\n<\/div>\n<\/div>\n<\/td>\n<\/tr>\n<tr bgcolor=\"#ffffcc\">\n<td colspan=\"2\" valign=\"bottom\"><img loading=\"lazy\" decoding=\"async\" src=\"http:\/\/fraynelson.com\/banco_imagenes\/transparente.gif\" width=\"8\" height=\"8\" \/><a class=\"linksmenu\" href=\"http:\/\/fraynelson.com\/sistema\/boletin\/mactboletin3.php#a\"><span style=\"color: #000066; font-family: Arial, Helvetica, sans-serif; font-size: xx-small;\"><strong>[arriba]<\/strong><\/span><\/a><\/td>\n<\/tr>\n<\/tbody>\n<\/table>\n<hr \/>\n<hr \/>\n<p><center><\/p>\n<h2>Palabra de Dios<br \/>\npara alimentar tu d\u00eda<\/h2>\n<p><\/center>Para esta fecha hay <b>2 posibles celebraciones lit\u00fargicas<\/b>,<br \/>\naqu\u00ed numeradas como esquemas.<\/p>\n<hr \/>\n<hr \/>\n<table border=\"0\" width=\"100%\" cellspacing=\"0\" cellpadding=\"0\" bgcolor=\"#ffcd88\">\n<tbody>\n<tr>\n<td colspan=\"2\" valign=\"top\" bgcolor=\"#ffffff\">\n<div align=\"center\">\n<p><span style=\"color: #000000; font-family: Arial, Helvetica, sans-serif; font-size: small;\"><b>Esquema 1:<\/b> Ciclo A, Tiempo de Pascua,<br \/>\nDomingo de la Semana No. 4<\/span><\/p>\n<\/div>\n<\/td>\n<\/tr>\n<\/tbody>\n<\/table>\n<hr \/>\n<table border=\"0\" width=\"100%\" cellspacing=\"0\" cellpadding=\"0\" bgcolor=\"#ffcd88\">\n<tbody>\n<tr>\n<td valign=\"center\" width=\"55%\"><a id=\"6\" name=\"6\"><\/a><\/p>\n<div align=\"left\"><a id=\"6\" name=\"6\"><\/a><img loading=\"lazy\" decoding=\"async\" src=\"http:\/\/fraynelson.com\/banco_imagenes\/arrow.gif\" width=\"16\" height=\"15\" \/><\/div>\n<\/td>\n<td>\n<div align=\"right\"><span class=\"titulo1\"><span style=\"color: #590b00; font-family: Arial, Helvetica, sans-serif; font-size: medium;\"><strong>Lecturas de la S. Biblia<\/strong><\/span><\/span><\/div>\n<\/td>\n<\/tr>\n<tr>\n<td colspan=\"2\" valign=\"bottom\" bgcolor=\"#ffffcc\"><img loading=\"lazy\" decoding=\"async\" src=\"http:\/\/fraynelson.com\/banco_imagenes\/transparente.gif\" width=\"8\" height=\"8\" \/><\/td>\n<\/tr>\n<tr>\n<td colspan=\"2\" valign=\"top\" bgcolor=\"#ffffcc\">\n<div align=\"justify\">\n<p><span style=\"color: #000000; font-family: Arial, Helvetica, sans-serif; font-size: small;\"><b>Temas de las lecturas: <\/b>Dios lo ha constituido Se\u00f1or y Mes\u00edas * El Se\u00f1or es mi pastor, nada me falta. * Hab\u00e9is vuelto al pastor de vuestras vidas * Yo soy la puerta de las ovejas<\/span><\/p>\n<p><span style=\"color: #000000; font-family: Arial, Helvetica, sans-serif; font-size: small;\"><b>Textos para este d\u00eda: <\/b><\/span><\/p>\n<p><span style=\"color: #000000; font-family: Arial, Helvetica, sans-serif; font-size: small;\"><b>Hechos 2,14a.36-41<\/b>: <\/span><\/p>\n<p><span style=\"color: #000000; font-family: Arial, Helvetica, sans-serif; font-size: small;\">El d\u00eda de Pentecost\u00e9s, Pedro, de pie con los Once, pidi\u00f3 atenci\u00f3n y les dirigi\u00f3 la palabra: &#8220;Todo Israel est\u00e9 cierto de que al mismo Jes\u00fas, a quien vosotros crucificasteis, Dios lo ha constituido Se\u00f1or y Mes\u00edas.&#8221; Estas palabras les traspasaron el coraz\u00f3n, y preguntaron a Pedro y a los dem\u00e1s ap\u00f3stoles: &#8220;\u00bfQu\u00e9 tenemos que hacer, hermanos?&#8221; Pedro les contest\u00f3: &#8220;Convert\u00edos y bautizaos todos en nombre de Jesucristo para que se os perdonen los pecados, y recibir\u00e9is el don del Esp\u00edritu Santo. Porque la promesa vale para vosotros y para vuestros hijos y, adem\u00e1s, para todos los que llame el Se\u00f1or, Dios nuestro, aunque est\u00e9n lejos.&#8221; Con estas y otras muchas razones les urg\u00eda, y los exhortaba diciendo: &#8220;Escapad de esta generaci\u00f3n perversa.&#8221; Los que aceptaron sus palabras se bautizaron, y aquel d\u00eda se les agregaron unos tres mil.<\/span><\/p>\n<p><span style=\"color: #000000; font-family: Arial, Helvetica, sans-serif; font-size: small;\"><b>Salmo 22<\/b>: <\/span><\/p>\n<p><span style=\"color: #000000; font-family: Arial, Helvetica, sans-serif; font-size: small;\">El Se\u00f1or es mi pastor, nada me falta: \/ en verdes praderas me hace recostar, \/ me conduce hacia fuentes tranquilas \/ y repara mis fuerzas. R. <\/span><\/p>\n<p><span style=\"color: #000000; font-family: Arial, Helvetica, sans-serif; font-size: small;\">Me gu\u00eda por el sendero justo, \/ por el honor de su nombre. \/ Aunque camine por ca\u00f1adas oscuras, \/ nada temo, porque t\u00fa vas conmigo: \/ tu vara y tu cayado me sosiegan. R. <\/span><\/p>\n<p><span style=\"color: #000000; font-family: Arial, Helvetica, sans-serif; font-size: small;\">Preparas una mesa ante m\u00ed, \/ enfrente de mis enemigos; \/ me unges la cabeza con perfume, \/ y mi copa rebosa. R. <\/span><\/p>\n<p><span style=\"color: #000000; font-family: Arial, Helvetica, sans-serif; font-size: small;\">Tu bondad y tu misericordia me acompa\u00f1an \/ todos los d\u00edas de mi vida, \/ y habitar\u00e9 en la casa del Se\u00f1or \/ por a\u00f1os sin t\u00e9rmino. R.<\/span><\/p>\n<p><span style=\"color: #000000; font-family: Arial, Helvetica, sans-serif; font-size: small;\"><b>1 Pedro 2,20b-25<\/b>: <\/span><\/p>\n<p><span style=\"color: #000000; font-family: Arial, Helvetica, sans-serif; font-size: small;\">Queridos hermanos: Si, obrando el bien, soport\u00e1is el sufrimiento, hac\u00e9is una cosa hermosa ante Dios. Pues para esto hab\u00e9is sido llamados, ya que tambi\u00e9n Cristo padeci\u00f3 su pasi\u00f3n por vosotros, dej\u00e1ndoos un ejemplo para que sig\u00e1is sus huellas. \u00c9l no cometi\u00f3 pecado ni encontraron enga\u00f1o en su boca; cuando lo insultaban, no devolv\u00eda el insulto; en su pasi\u00f3n no profer\u00eda amenazas; al contrario, se pon\u00eda en manos del que juzga justamente. Cargado con nuestros pecados subi\u00f3 al le\u00f1o, para que, muertos al pecado, vivamos para la justicia. Sus heridas os han curado. Andabais descarriados como ovejas, pero ahora hab\u00e9is vuelto al pastor y guardi\u00e1n de vuestras vidas.<\/span><\/p>\n<p><span style=\"color: #000000; font-family: Arial, Helvetica, sans-serif; font-size: small;\"><b>Juan 10,1-10<\/b>: <\/span><\/p>\n<p><span style=\"color: #000000; font-family: Arial, Helvetica, sans-serif; font-size: small;\">En aquel tiempo, dijo Jes\u00fas &#8220;Os aseguro que el que no entra por la puerta en el aprisco de las ovejas, sino que salta por otra parte, \u00e9se es ladr\u00f3n y bandido; pero el que entra por la puerta es pastor de las ovejas. A \u00e9ste le abre el guarda, y las ovejas atienden a sus voz, y \u00e9l va llamando por el nombre a sus ovejas y las saca fuera. Cuando ha sacado todas las suyas, camina delante de ellas, y las ovejas lo siguen, porque conocen su voz; a un extra\u00f1o no lo seguir\u00e1n, sino que huir\u00e1n de \u00e9l, porque no conocen la voz de los extra\u00f1os.&#8221; Jes\u00fas les puso esta comparaci\u00f3n, pero ellos no entendieron de qu\u00e9 les hablaba. Por eso a\u00f1adi\u00f3 Jes\u00fas: &#8220;Os aseguro que yo soy la puerta de las ovejas. Todos los que han venido antes de m\u00ed son ladrones y bandidos; pero las ovejas no los escucharon. Yo soy la puerta: quien entre por m\u00ed se salvar\u00e1 y podr\u00e1 entrar y salir, y encontrar\u00e1 pastos. El ladr\u00f3n no entra sino para robar y matar y hacer estrago; yo he venido para que tengan vida y la tengan abundante.&#8221;<\/span><\/p>\n<\/div>\n<\/td>\n<\/tr>\n<tr bgcolor=\"#ffffcc\">\n<td colspan=\"2\" valign=\"bottom\"><img loading=\"lazy\" decoding=\"async\" src=\"http:\/\/fraynelson.com\/banco_imagenes\/transparente.gif\" width=\"8\" height=\"8\" \/><a class=\"linksmenu\" href=\"http:\/\/fraynelson.com\/sistema\/boletin\/mactboletin3.php#a\"><span style=\"color: #000066; font-family: Arial, Helvetica, sans-serif; font-size: xx-small;\"><strong>[arriba]<\/strong><\/span><\/a><\/td>\n<\/tr>\n<\/tbody>\n<\/table>\n<table border=\"0\" width=\"100%\" cellspacing=\"0\" cellpadding=\"0\" bgcolor=\"#ffcd88\">\n<tbody>\n<tr>\n<td valign=\"center\" width=\"55%\"><a id=\"7\" name=\"7\"><\/a><\/p>\n<div align=\"left\"><a id=\"7\" name=\"7\"><\/a><img loading=\"lazy\" decoding=\"async\" src=\"http:\/\/fraynelson.com\/banco_imagenes\/arrow.gif\" width=\"16\" height=\"15\" \/><\/div>\n<\/td>\n<td>\n<div align=\"right\"><span class=\"titulo1\"><span style=\"color: #590b00; font-family: Arial, Helvetica, sans-serif; font-size: medium;\"><strong>Homil\u00edas para escuchar<\/strong><\/span><\/span><\/div>\n<\/td>\n<\/tr>\n<tr>\n<td colspan=\"2\" valign=\"bottom\" bgcolor=\"#ffffcc\"><img loading=\"lazy\" decoding=\"async\" src=\"http:\/\/fraynelson.com\/banco_imagenes\/transparente.gif\" width=\"8\" height=\"8\" \/><\/td>\n<\/tr>\n<tr>\n<td colspan=\"2\" valign=\"top\" bgcolor=\"#ffffcc\">\n<div align=\"center\">\n<table border=\"2\" width=\"80%\" cellspacing=\"2\" cellpadding=\"2\">\n<tbody>\n<tr>\n<th valign=\"center\" bgcolor=\"#ffcc99\">\n<h4>Versi\u00f3n<\/h4>\n<\/th>\n<th valign=\"center\" bgcolor=\"#ffcc99\">\n<h4>Fecha<\/h4>\n<\/th>\n<th valign=\"center\" bgcolor=\"#ffcc99\">\n<h4>Escuchar<\/h4>\n<\/th>\n<th valign=\"center\" bgcolor=\"#ffcc99\">\n<h4>M\u00e1s&#8230;<\/h4>\n<\/th>\n<\/tr>\n<tr>\n<td bgcolor=\"#FFFFBD\">\n<p align=\"center\">1<\/p>\n<\/td>\n<td bgcolor=\"#FFFFBD\">1996\/04\/28<\/td>\n<td bgcolor=\"#FFFFBD\"><a href=\"http:\/\/fraynelson.com\/homilias.php?year=2020&amp;mon=05&amp;mday=03#1ap04001amp3\"><img decoding=\"async\" title=\"Haz click para escuchar o grabar una versi\u00f3n en MP3\" src=\"http:\/\/fraynelson.com\/banco_imagenes\/mp3_icon.gif\" alt=\"Haz click para escuchar o grabar una versi\u00f3n en MP3\" border=\"0\" \/><\/a><br \/>\n<span style=\"color: brown;\"><i>Qu\u00e9 es, qu\u00e9 significa y qui\u00e9n es un pastor dentro de la Iglesia.<\/i><\/span><br \/>\n<b><\/b><\/td>\n<td bgcolor=\"#FFFFBD\">\n<p align=\"center\"><a href=\"http:\/\/fraynelson.com\/wiki2\/index.php?title=ap04001a\"><img decoding=\"async\" title=\"Click normal para ir a la transcripci\u00f3n\" src=\"http:\/\/fraynelson.com\/banco_imagenes\/text_icon.gif\" alt=\"Click normal para ir a la transcripci\u00f3n\" border=\"0\" \/><\/a><\/p>\n<\/td>\n<\/tr>\n<tr>\n<td bgcolor=\"#FFFFBD\">\n<p align=\"center\">2<\/p>\n<\/td>\n<td bgcolor=\"#FFFFBD\">1999\/04\/25<\/td>\n<td bgcolor=\"#FFFFBD\"><a href=\"http:\/\/fraynelson.com\/homilias.php?year=2020&amp;mon=05&amp;mday=03#2ap04002amp3\"><img decoding=\"async\" title=\"Haz click para escuchar o grabar una versi\u00f3n en MP3\" src=\"http:\/\/fraynelson.com\/banco_imagenes\/mp3_icon.gif\" alt=\"Haz click para escuchar o grabar una versi\u00f3n en MP3\" border=\"0\" \/><\/a><br \/>\n<span style=\"color: brown;\"><i>La buena oveja reconoce la voz del Pastor.<\/i><\/span><br \/>\n<b><\/b><\/td>\n<td bgcolor=\"#FFFFBD\">\n<p align=\"center\"><a href=\"http:\/\/fraynelson.com\/wiki2\/index.php?title=ap04002a\"><img decoding=\"async\" title=\"Click normal para ir a la transcripci\u00f3n\" src=\"http:\/\/fraynelson.com\/banco_imagenes\/text_icon.gif\" alt=\"Click normal para ir a la transcripci\u00f3n\" border=\"0\" \/><\/a><\/p>\n<\/td>\n<\/tr>\n<tr>\n<td bgcolor=\"#FFFFBD\">\n<p align=\"center\">3<\/p>\n<\/td>\n<td bgcolor=\"#FFFFBD\">2002\/04\/21<\/td>\n<td bgcolor=\"#FFFFBD\"><a href=\"http:\/\/fraynelson.com\/homilias.php?year=2020&amp;mon=05&amp;mday=03#3ap04003amp3\"><img decoding=\"async\" title=\"Haz click para escuchar o grabar una versi\u00f3n en MP3\" src=\"http:\/\/fraynelson.com\/banco_imagenes\/mp3_icon.gif\" alt=\"Haz click para escuchar o grabar una versi\u00f3n en MP3\" border=\"0\" \/><\/a><br \/>\n<span style=\"color: brown;\"><i>Jesucristo nos ofrece el verdadero sabor del amor.<\/i><\/span><br \/>\n<b><\/b><\/td>\n<td bgcolor=\"#FFFFBD\">\n<p align=\"center\"><a href=\"http:\/\/fraynelson.com\/wiki2\/index.php?title=ap04003a\"><img decoding=\"async\" title=\"Click normal para ir a la transcripci\u00f3n\" src=\"http:\/\/fraynelson.com\/banco_imagenes\/text_icon.gif\" alt=\"Click normal para ir a la transcripci\u00f3n\" border=\"0\" \/><\/a><\/p>\n<\/td>\n<\/tr>\n<tr>\n<td bgcolor=\"#FFFFBD\">\n<p align=\"center\">4<\/p>\n<\/td>\n<td bgcolor=\"#FFFFBD\">2008\/04\/13<\/td>\n<td bgcolor=\"#FFFFBD\"><a href=\"http:\/\/fraynelson.com\/homilias.php?year=2020&amp;mon=05&amp;mday=03#4ap04004amp3\"><img decoding=\"async\" title=\"Haz click para escuchar o grabar una versi\u00f3n en MP3\" src=\"http:\/\/fraynelson.com\/banco_imagenes\/mp3_icon.gif\" alt=\"Haz click para escuchar o grabar una versi\u00f3n en MP3\" border=\"0\" \/><\/a><br \/>\n<i><\/i><br \/>\n<b><\/b><\/td>\n<td bgcolor=\"#FFFFBD\">\n<p align=\"center\"><a href=\"http:\/\/fraynelson.com\/wiki2\/index.php?title=ap04004a\"><img decoding=\"async\" title=\"Click normal para ir a la transcripci\u00f3n\" src=\"http:\/\/fraynelson.com\/banco_imagenes\/text_icon.gif\" alt=\"Click normal para ir a la transcripci\u00f3n\" border=\"0\" \/><\/a><\/p>\n<\/td>\n<\/tr>\n<tr>\n<td bgcolor=\"#FFFFBD\">\n<p align=\"center\">5<\/p>\n<\/td>\n<td bgcolor=\"#FFFFBD\">2011\/05\/15<\/td>\n<td bgcolor=\"#FFFFBD\"><a href=\"http:\/\/fraynelson.com\/homilias.php?year=2020&amp;mon=05&amp;mday=03#5ap04005amp3\"><img decoding=\"async\" title=\"Haz click para escuchar o grabar una versi\u00f3n en MP3\" src=\"http:\/\/fraynelson.com\/banco_imagenes\/mp3_icon.gif\" alt=\"Haz click para escuchar o grabar una versi\u00f3n en MP3\" border=\"0\" \/><\/a><br \/>\n<span style=\"color: brown;\"><i>En Pascua contemplamos a Cristo en su victoria sobre el pecado y la muerte, y por eso tambi\u00e9n como nuestro verdadero y buen pastor, en quien se halla toda autoridad y m\u00e9rito para que le proclamemos como nuestro modelo y l\u00edder.<\/i><\/span><br \/>\n<b><\/b><\/td>\n<td bgcolor=\"#FFFFBD\">\n<p align=\"center\"><a href=\"http:\/\/fraynelson.com\/wiki2\/index.php?title=ap04005a\"><img decoding=\"async\" title=\"Click normal para ir a la transcripci\u00f3n\" src=\"http:\/\/fraynelson.com\/banco_imagenes\/text_icon.gif\" alt=\"Click normal para ir a la transcripci\u00f3n\" border=\"0\" \/><\/a><\/p>\n<\/td>\n<\/tr>\n<tr>\n<td bgcolor=\"#FFFFBD\">\n<p align=\"center\">6<\/p>\n<\/td>\n<td bgcolor=\"#FFFFBD\">2014\/05\/11<\/td>\n<td bgcolor=\"#FFFFBD\"><a href=\"http:\/\/fraynelson.com\/homilias.php?year=2020&amp;mon=05&amp;mday=03#6ap04006amp3\"><img decoding=\"async\" title=\"Haz click para escuchar o grabar una versi\u00f3n en MP3\" src=\"http:\/\/fraynelson.com\/banco_imagenes\/mp3_icon.gif\" alt=\"Haz click para escuchar o grabar una versi\u00f3n en MP3\" border=\"0\" \/><\/a><br \/>\n<span style=\"color: brown;\"><i>El Buen Pastor no s\u00f3lo da vida sino que da la vida por sus ovejas.<\/i><\/span><br \/>\n<b><\/b><\/td>\n<td bgcolor=\"#FFFFBD\">\n<p align=\"center\"><a href=\"http:\/\/fraynelson.com\/wiki2\/index.php?title=ap04006a\"><img decoding=\"async\" title=\"Click normal para ir a la transcripci\u00f3n\" src=\"http:\/\/fraynelson.com\/banco_imagenes\/text_icon.gif\" alt=\"Click normal para ir a la transcripci\u00f3n\" border=\"0\" \/><\/a><\/p>\n<\/td>\n<\/tr>\n<tr>\n<td bgcolor=\"#FFFFBD\">\n<p align=\"center\">7<\/p>\n<\/td>\n<td bgcolor=\"#FFFFBD\">2014\/05\/11<\/td>\n<td bgcolor=\"#FFFFBD\"><a href=\"http:\/\/fraynelson.com\/homilias.php?year=2020&amp;mon=05&amp;mday=03#7ap04007amp3\"><img decoding=\"async\" title=\"Haz click para escuchar o grabar una versi\u00f3n en MP3\" src=\"http:\/\/fraynelson.com\/banco_imagenes\/mp3_icon.gif\" alt=\"Haz click para escuchar o grabar una versi\u00f3n en MP3\" border=\"0\" \/><\/a><br \/>\n<span style=\"color: brown;\"><i>Lectio Divina sobre aquel texto: los que no entran por la puerta son salteadores.<\/i><\/span><br \/>\n<b><\/b><\/td>\n<td bgcolor=\"#FFFFBD\">\n<p align=\"center\"><a href=\"http:\/\/fraynelson.com\/wiki2\/index.php?title=ap04007a\"><img decoding=\"async\" title=\"Click normal para ir a la transcripci\u00f3n\" src=\"http:\/\/fraynelson.com\/banco_imagenes\/text_icon.gif\" alt=\"Click normal para ir a la transcripci\u00f3n\" border=\"0\" \/><\/a><\/p>\n<\/td>\n<\/tr>\n<tr>\n<td bgcolor=\"#FFFFBD\">\n<p align=\"center\">8<\/p>\n<\/td>\n<td bgcolor=\"#FFFFBD\">2017\/05\/07<\/td>\n<td bgcolor=\"#FFFFBD\"><a href=\"http:\/\/fraynelson.com\/homilias.php?year=2020&amp;mon=05&amp;mday=03#8ap04008amp3\"><img decoding=\"async\" title=\"Haz click para escuchar o grabar una versi\u00f3n en MP3\" src=\"http:\/\/fraynelson.com\/banco_imagenes\/mp3_icon.gif\" alt=\"Haz click para escuchar o grabar una versi\u00f3n en MP3\" border=\"0\" \/><\/a><br \/>\n<span style=\"color: brown;\"><i>No importa cu\u00e1l sea nuestra responsabilidad en la Iglesia, que no se nos olvide ser siempre verdaderas ovejas de Jes\u00fas capaces de escuchar y reconocer su voz.<\/i><\/span><br \/>\n<b><\/b><\/td>\n<td bgcolor=\"#FFFFBD\">\n<p align=\"center\"><a href=\"http:\/\/fraynelson.com\/wiki2\/index.php?title=ap04008a\"><img decoding=\"async\" title=\"Click normal para ir a la transcripci\u00f3n\" src=\"http:\/\/fraynelson.com\/banco_imagenes\/text_icon.gif\" alt=\"Click normal para ir a la transcripci\u00f3n\" border=\"0\" \/><\/a><\/p>\n<\/td>\n<\/tr>\n<tr>\n<td bgcolor=\"#FFFFBD\">\n<p align=\"center\">9<\/p>\n<\/td>\n<td bgcolor=\"#FFFFBD\">2017\/05\/07<\/td>\n<td bgcolor=\"#FFFFBD\"><a href=\"http:\/\/fraynelson.com\/homilias.php?year=2020&amp;mon=05&amp;mday=03#9ap04009amp3\"><img decoding=\"async\" title=\"Haz click para escuchar o grabar una versi\u00f3n en MP3\" src=\"http:\/\/fraynelson.com\/banco_imagenes\/mp3_icon.gif\" alt=\"Haz click para escuchar o grabar una versi\u00f3n en MP3\" border=\"0\" \/><\/a><br \/>\n<span style=\"color: brown;\"><i>No se puede tener vida en Cristo si uno no ha entrado por Cristo. Y entrar por Cristo es reflejar en nosotros el camino que \u00c9l sigui\u00f3: \u00c9l sufri\u00f3 la Pasi\u00f3n; nosotros nos dolemos de nuestros pecados; \u00c9l muri\u00f3 en la Cruz; nosotros nos unimos a la muerte sepult\u00e1ndonos en las aguas del bautismo; \u00c9l fue traspasado por la lanza del soldado; nosotros somos traspasados por la predicaci\u00f3n de Pedro en Pentecost\u00e9s, y la de toda la Iglesia; \u00c9l resucit\u00f3 glorioso; nosotros entramos en vida nueva.<\/i><\/span><br \/>\n<b><\/b><\/td>\n<td bgcolor=\"#FFFFBD\">\n<p align=\"center\"><a href=\"http:\/\/fraynelson.com\/wiki2\/index.php?title=ap04009a\"><img decoding=\"async\" title=\"Click normal para ir a la transcripci\u00f3n\" src=\"http:\/\/fraynelson.com\/banco_imagenes\/text_icon.gif\" alt=\"Click normal para ir a la transcripci\u00f3n\" border=\"0\" \/><\/a><\/p>\n<\/td>\n<\/tr>\n<tr>\n<td bgcolor=\"#FFFFBD\">\n<p align=\"center\">10<\/p>\n<\/td>\n<td bgcolor=\"#FFFFBD\">2020\/05\/03<\/td>\n<td bgcolor=\"#FFFFBD\"><a href=\"http:\/\/fraynelson.com\/homilias.php?year=2020&amp;mon=05&amp;mday=03#10ap04010amp3\"><img decoding=\"async\" title=\"Haz click para escuchar o grabar una versi\u00f3n en MP3\" src=\"http:\/\/fraynelson.com\/banco_imagenes\/mp3_icon.gif\" alt=\"Haz click para escuchar o grabar una versi\u00f3n en MP3\" border=\"0\" \/><\/a><br \/>\n<span style=\"color: brown;\"><i>Por tu propio bien es necesario que todo pase por Cristo.<\/i><\/span><br \/>\n<b><\/b><\/td>\n<td bgcolor=\"#FFFFBD\">\n<p align=\"center\"><a href=\"http:\/\/fraynelson.com\/wiki2\/index.php?title=ap04010a\"><img decoding=\"async\" title=\"Click normal para ir a la transcripci\u00f3n\" src=\"http:\/\/fraynelson.com\/banco_imagenes\/text_icon.gif\" alt=\"Click normal para ir a la transcripci\u00f3n\" border=\"0\" \/><\/a><\/p>\n<\/td>\n<\/tr>\n<tr>\n<td bgcolor=\"#FFFFBD\">\n<p align=\"center\">11<\/p>\n<\/td>\n<td bgcolor=\"#FFFFBD\">2020\/05\/03<\/td>\n<td bgcolor=\"#FFFFBD\"><a href=\"http:\/\/fraynelson.com\/homilias.php?year=2020&amp;mon=05&amp;mday=03#11ap04011amp3\"><img decoding=\"async\" title=\"Haz click para escuchar o grabar una versi\u00f3n en MP3\" src=\"http:\/\/fraynelson.com\/banco_imagenes\/mp3_icon.gif\" alt=\"Haz click para escuchar o grabar una versi\u00f3n en MP3\" border=\"0\" \/><\/a><br \/>\n<span style=\"color: brown;\"><i>Aquellos que vinieron antes de que Cristo reinara en nuestros corazones en realidad robaron tesoros de nuestro tiempo y de nuestra vida; otro tanto desean los que quieren llegar a nuestro coraz\u00f3n por una doctrina que no es concorde con la que Cristo nos dej\u00f3.<\/i><\/span><br \/>\n<b><\/b><\/td>\n<td bgcolor=\"#FFFFBD\">\n<p align=\"center\"><a href=\"http:\/\/fraynelson.com\/wiki2\/index.php?title=ap04011a\"><img decoding=\"async\" title=\"Click normal para ir a la transcripci\u00f3n\" src=\"http:\/\/fraynelson.com\/banco_imagenes\/text_icon.gif\" alt=\"Click normal para ir a la transcripci\u00f3n\" border=\"0\" \/><\/a><\/p>\n<\/td>\n<\/tr>\n<\/tbody>\n<\/table>\n<\/div>\n<\/td>\n<\/tr>\n<tr bgcolor=\"#fffff0\">\n<td colspan=\"2\">\n<p align=\"center\"><span style=\"color: #000000; font-family: Arial, Helvetica, sans-serif; font-size: small;\">M\u00e1s informaci\u00f3n sobre este d\u00eda <a href=\"http:\/\/fraynelson.com\/homilias.php?year=2020&amp;mon=05&amp;mday=03\">aqu\u00ed<\/a><\/span><\/p>\n<\/td>\n<\/tr>\n<tr bgcolor=\"#ffffcc\">\n<td colspan=\"2\" valign=\"bottom\"><img loading=\"lazy\" decoding=\"async\" src=\"http:\/\/fraynelson.com\/banco_imagenes\/transparente.gif\" width=\"8\" height=\"8\" \/><a class=\"linksmenu\" href=\"http:\/\/fraynelson.com\/sistema\/boletin\/mactboletin3.php#a\"><span style=\"color: #000066; font-family: Arial, Helvetica, sans-serif; font-size: xx-small;\"><strong>[arriba]<\/strong><\/span><\/a><\/td>\n<\/tr>\n<\/tbody>\n<\/table>\n<table border=\"0\" width=\"100%\" cellspacing=\"0\" cellpadding=\"0\" bgcolor=\"#ffcd88\">\n<tbody>\n<tr>\n<td valign=\"center\" width=\"55%\">\n<div align=\"left\"><img loading=\"lazy\" decoding=\"async\" src=\"http:\/\/fraynelson.com\/banco_imagenes\/arrow.gif\" width=\"16\" height=\"15\" \/><\/div>\n<\/td>\n<td>\n<div align=\"right\"><span class=\"titulo1\"><span style=\"color: #590b00; font-family: Arial, Helvetica, sans-serif; font-size: medium;\"><strong>Homil\u00eda para leer<\/strong><\/span><\/span><\/div>\n<\/td>\n<\/tr>\n<tr>\n<td colspan=\"2\" valign=\"bottom\" bgcolor=\"#ffffcc\"><img loading=\"lazy\" decoding=\"async\" src=\"http:\/\/fraynelson.com\/banco_imagenes\/transparente.gif\" width=\"8\" height=\"8\" \/><\/td>\n<\/tr>\n<tr>\n<td colspan=\"2\" valign=\"top\" bgcolor=\"#ffffcc\">\n<div align=\"justify\">\n<p><span style=\"color: #000000; font-family: Arial, Helvetica, sans-serif; font-size: small;\"><b>Temas de las lecturas: <\/b>Dios lo ha constituido Se\u00f1or y Mes\u00edas * El Se\u00f1or es mi pastor, nada me falta. * Hab\u00e9is vuelto al pastor de vuestras vidas * Yo soy la puerta de las ovejas<\/span><\/p>\n<h4><span style=\"color: #000000; font-family: Arial, Helvetica, sans-serif; font-size: small;\">1. Ovejas y Pastores<\/span><\/h4>\n<p>1.1 Recuerdo haber visitado una p\u00e1gina web de un hombre que se manifestaba ateo. Un tipo muy inteligente y muy versado en asuntos de ciencia, filosof\u00eda e historia. Parec\u00eda tener un arsenal inagotable de recursos de todo tipo para demostrar cu\u00e1n absurda y perniciosa es la idea de creer en un Dios. Como conclusi\u00f3n de todas sus invectivas terminaba diciendo: &#8220;s\u00f3lo necesita un pastor el que se cree oveja.&#8221; Seg\u00fan su opini\u00f3n, ah\u00ed estaba el resumen de la religi\u00f3n: las limitaciones de nuestro ser humano nos hacen proclives a buscar un consuelo y una explicaci\u00f3n afuera de nosotros, o, como dec\u00eda Feuerbach: &#8220;no es Dios el que ha creado al hombre, sino el hombre el que ha creado a Dios.&#8221;<\/p>\n<p>1.2 Las historias y posturas de estos ateos sirven de punto de reflexi\u00f3n sobre lo que significa tener un pastor. Aquel hombre de la p\u00e1gina web publica lo suyo y quiere que algunos est\u00e9n de acuerdo con \u00e9l, pues de otro modo no gastar\u00eda tiempo en decir nada. Quiere guiar a otros; quiere ser pastor de otros.<\/p>\n<p>1.3 Por otra parte, ese mismo hombre sigue lo que \u00e9l considera que es una luz, una luz grande, una luz definitiva. Para \u00e9l, la ciencia moderna es su gran luz. Est\u00e1 convencido de que las respuestas est\u00e1n ah\u00ed, incluso las respuestas para las preguntas que no nos hemos hecho todav\u00eda. \u00c9l piensa que todas las preguntas ya fueron hechas o que las que no se han hecho se podr\u00e1n responder de la mejor manera siguiendo esa luz de la raz\u00f3n cient\u00edfica. Es un acto de confianza que se parece mucho a la oveja que sigue a su pastor, porque en efecto se refiere no a las certezas que uno tiene sino a las que uno supone que tendr\u00e1.<\/p>\n<p>1.4 Leyendo cosas como la de este ateo cibern\u00e9tico o las de Feuerbach veo cu\u00e1nto acierto hay en la perspectiva que nos presenta Pedro en la segunda lectura de este domingo: ovejas somos, as\u00ed nos descarriemos. Al fin y al cabo, una oveja descarriada sigue siendo oveja, s\u00f3lo que esta vez se trata de una oveja atra\u00edda por alg\u00fan pasto sabroso, o un paisaje ameno, o un arroyo fresco, o tal vez por el ejemplo de otra oveja.<\/p>\n<p>1.5 El mensaje cristiano, entonces, puede escribirse as\u00ed: &#8220;Como ser humano, ir\u00e1s detr\u00e1s de alguna luz, alg\u00fan apetito, alg\u00fan pastor. Todo radica en que escojas al pastor correcto, que no sea uno que te destruya y se aproveche de ti, sino uno que te ame y defienda. Esas son las credenciales con las que se ha presentado Cristo: rec\u00edbelo, pues, como tu pastor y se\u00f1or de tu vida.&#8221;<\/p>\n<h4>2. \u00a1P\u00f3nganse a Salvo!<\/h4>\n<p>2.1 El mismo ap\u00f3stol Pedro exhorta de diversos modos a sus oyentes a que se arrepientan y a\u00f1ade un llamado final: &#8220;\u00a1P\u00f3ngase a salvo de esta generaci\u00f3n!&#8221; Esto se parece a lo que acabamos de decir sobre escoger el pastor correcto.<\/p>\n<p>2.2 La expresi\u00f3n &#8220;esta generaci\u00f3n&#8221; es un poco dif\u00edcil de entender porque el griego original, &#8220;genea&#8221; alude tanto al tiempo como incluso la naci\u00f3n. Parece que alude ante todo al entorno, la atm\u00f3sfera que nos envuelve e induce de muchos modos a actuar de determinadas maneras. El sentido de las palabras de Pedro no es entonces: &#8220;ap\u00e1rtense de estas personas&#8221; sino &#8220;sepan ser libres del ambiente que les rodea.&#8221; Exhortaci\u00f3n que todos vemos como muy saludable no s\u00f3lo para el siglo I sino para el XXI, y los que vengan.<\/p>\n<p>2.3 Hay que saber ser libres del ambiente porque hay muchas voces y hay much\u00edsimos pastores. Demasiadas personas quieren llevarnos detr\u00e1s de sus propuestas y muchas de esas propuestas conducen a la muerte. Son voces de los falsos pastores, los &#8220;ladrones y bandidos&#8221; de que nos habla el evangelio en este d\u00eda. Pedro, pues, nos llama a tener los o\u00eddos atentos a la voz del verdadero y buen pastor, y no dejarnos confundir por nada ni por nadie. As\u00ed se cumplir\u00e1n en nosotros las palabras de Cristo: &#8220;Yo he venido para que tengan vida y la tengan en abundancia&#8221; (Juan 10,10).<\/p>\n<\/div>\n<\/td>\n<\/tr>\n<tr bgcolor=\"#ffffcc\">\n<td colspan=\"2\" valign=\"bottom\"><img loading=\"lazy\" decoding=\"async\" src=\"http:\/\/fraynelson.com\/banco_imagenes\/transparente.gif\" width=\"8\" height=\"8\" \/><a class=\"linksmenu\" href=\"http:\/\/fraynelson.com\/sistema\/boletin\/mactboletin3.php#a\"><span style=\"color: #000066; font-family: Arial, Helvetica, sans-serif; font-size: xx-small;\"><strong>[arriba]<\/strong><\/span><\/a><\/td>\n<\/tr>\n<\/tbody>\n<\/table>\n<hr \/>\n<table border=\"0\" width=\"100%\" cellspacing=\"0\" cellpadding=\"0\" bgcolor=\"#ffcd88\">\n<tbody>\n<tr>\n<td colspan=\"2\" valign=\"top\" bgcolor=\"#ffffff\">\n<div align=\"center\">\n<p><span style=\"color: #000000; font-family: Arial, Helvetica, sans-serif; font-size: small;\"><b>Esquema 2:<\/b> Fiesta de la Exaltaci\u00f3n de la Santa Cruz <\/span><\/p>\n<\/div>\n<\/td>\n<\/tr>\n<\/tbody>\n<\/table>\n<hr \/>\n<table border=\"0\" width=\"100%\" cellspacing=\"0\" cellpadding=\"0\" bgcolor=\"#ffcd88\">\n<tbody>\n<tr>\n<td valign=\"center\" width=\"55%\"><a id=\"6\" name=\"6\"><\/a><\/p>\n<div align=\"left\"><a id=\"6\" name=\"6\"><\/a><img loading=\"lazy\" decoding=\"async\" src=\"http:\/\/fraynelson.com\/banco_imagenes\/arrow.gif\" width=\"16\" height=\"15\" \/><\/div>\n<\/td>\n<td>\n<div align=\"right\"><span class=\"titulo1\"><span style=\"color: #590b00; font-family: Arial, Helvetica, sans-serif; font-size: medium;\"><strong>Lecturas de la S. Biblia<\/strong><\/span><\/span><\/div>\n<\/td>\n<\/tr>\n<tr>\n<td colspan=\"2\" valign=\"bottom\" bgcolor=\"#ffffcc\"><img loading=\"lazy\" decoding=\"async\" src=\"http:\/\/fraynelson.com\/banco_imagenes\/transparente.gif\" width=\"8\" height=\"8\" \/><\/td>\n<\/tr>\n<tr>\n<td colspan=\"2\" valign=\"top\" bgcolor=\"#ffffcc\">\n<div align=\"justify\">\n<p><span style=\"color: #000000; font-family: Arial, Helvetica, sans-serif; font-size: small;\"><b>Temas de las lecturas: <\/b>Si alguno era mordido y miraba la serpiente de bronce quedaba curado * No olvid\u00e9is las acciones del Se\u00f1or. * Cristo se humill\u00f3 a s\u00ed mismo, por eso Dios lo exalt\u00f3 sobre todas las cosas * El Hijo del hombre tiene que ser levantado<\/span><\/p>\n<p><span style=\"color: #000000; font-family: Arial, Helvetica, sans-serif; font-size: small;\"><b>Textos para este d\u00eda: <\/b><\/span><\/p>\n<p><span style=\"color: #000000; font-family: Arial, Helvetica, sans-serif; font-size: small;\"><b>N\u00fameros 21, 4b-9<\/b>: <\/span><\/p>\n<p><span style=\"color: #000000; font-family: Arial, Helvetica, sans-serif; font-size: small;\">En aquellos d\u00edas, el pueblo estaba extenuado del camino, y habl\u00f3 contra Dios y contra Mois\u00e9s: &#8220;\u00bfPor qu\u00e9 nos has sacado de Egipto para morir en el desierto? No tenemos ni pan ni agua, y nos da n\u00e1usea ese pan sin cuerpo.&#8221; El Se\u00f1or envi\u00f3 contra el pueblo serpientes venenosas, que los mord\u00edan, y murieron muchos israelitas. Entonces el pueblo acudi\u00f3 a Mois\u00e9s, diciendo: &#8220;Hemos pecado hablando contra el Se\u00f1or y contra ti; reza al Se\u00f1or para que aparte de nosotros las serpientes.&#8221; Mois\u00e9s rez\u00f3 al Se\u00f1or por el pueblo, y el Se\u00f1or le respondi\u00f3: &#8220;Haz una serpiente venenosa y col\u00f3cala en un estandarte: los mordidos de serpiente quedar\u00e1n sanos al mirarla.&#8221; Mois\u00e9s hizo una serpiente de bronce y la coloc\u00f3 en un estandarte. Cuando una serpiente mord\u00eda a uno, \u00e9l miraba a la serpiente de bronce y quedaba curado.<\/span><\/p>\n<p><span style=\"color: #000000; font-family: Arial, Helvetica, sans-serif; font-size: small;\"><b>Salmo 77<\/b>: <\/span><\/p>\n<p><span style=\"color: #000000; font-family: Arial, Helvetica, sans-serif; font-size: small;\">Escucha, pueblo m\u00edo, mi ense\u00f1anza, \/ inclinad el o\u00eddo a las palabras de mi boca: \/ que voy a abrir mi boca a las sentencias, \/ para que broten los enigmas del pasado. R. <\/span><\/p>\n<p><span style=\"color: #000000; font-family: Arial, Helvetica, sans-serif; font-size: small;\">Cuando los hac\u00eda morir, lo buscaban, \/ y madrugaban para volverse hacia Dios; \/ se acordaban de que Dios era su roca, \/ el Dios Alt\u00edsimo su redentor. R. <\/span><\/p>\n<p><span style=\"color: #000000; font-family: Arial, Helvetica, sans-serif; font-size: small;\">Lo adulaban con sus bocas, \/ pero sus lenguas ment\u00edan: \/ su coraz\u00f3n no era sincero con \u00e9l, \/ ni eran fieles a su alianza. R. <\/span><\/p>\n<p><span style=\"color: #000000; font-family: Arial, Helvetica, sans-serif; font-size: small;\">\u00c9l, en cambio, sent\u00eda l\u00e1stima, \/ perdonaba la culpa y no los destru\u00eda: \/ una y otra vez reprimi\u00f3 su c\u00f3lera, \/ y no despertaba todo su furor. R.<\/span><\/p>\n<p><span style=\"color: #000000; font-family: Arial, Helvetica, sans-serif; font-size: small;\"><b>Filipenses 2, 6-11<\/b>: <\/span><\/p>\n<p><span style=\"color: #000000; font-family: Arial, Helvetica, sans-serif; font-size: small;\">Cristo, a pesar de su condici\u00f3n divina, no hizo alarde de su categor\u00eda de Dios; al contrario, se despoj\u00f3 de su rango y tom\u00f3 la condici\u00f3n de esclavo, pasando por uno de tantos. Y as\u00ed, actuando como un hombre cualquiera, se rebaj\u00f3 hasta someterse incluso a la muerte, y una muerte de cruz. Por eso Dios lo levant\u00f3 sobre todo y le concedi\u00f3 el &#8220;Nombre-sobre-todo-nombre&#8221;; de modo que al nombre de Jes\u00fas toda rodilla se doble en el cielo, en la tierra, en el abismo, y toda lengua proclame: Jesucristo es Se\u00f1or, para gloria de Dios Padre.<\/span><\/p>\n<p><span style=\"color: #000000; font-family: Arial, Helvetica, sans-serif; font-size: small;\"><b>Juan 3, 13-17<\/b>: <\/span><\/p>\n<p><span style=\"color: #000000; font-family: Arial, Helvetica, sans-serif; font-size: small;\">En aquel tiempo, dijo Jes\u00fas a Nicodemo: &#8220;Nadie ha subido al cielo, sino el que baj\u00f3 del cielo, el Hijo del hombre. Lo mismo que Mois\u00e9s elev\u00f3 la serpiente en el desierto, as\u00ed tiene que ser elevado el Hijo del hombre, para que todo el que cree en \u00e9l tenga vida eterna. Tanto am\u00f3 Dios al mundo que entreg\u00f3 a su Hijo \u00fanico para que no perezca ninguno de los que creen el \u00e9l, sino que tengan vida eterna. Porque Dios no mand\u00f3 su Hijo al mundo para condenar al mundo, sino para que el mundo se salve por \u00e9l.&#8221;<\/span><\/p>\n<\/div>\n<\/td>\n<\/tr>\n<tr bgcolor=\"#ffffcc\">\n<td colspan=\"2\" valign=\"bottom\"><img loading=\"lazy\" decoding=\"async\" src=\"http:\/\/fraynelson.com\/banco_imagenes\/transparente.gif\" width=\"8\" height=\"8\" \/><a class=\"linksmenu\" href=\"http:\/\/fraynelson.com\/sistema\/boletin\/mactboletin3.php#a\"><span style=\"color: #000066; font-family: Arial, Helvetica, sans-serif; font-size: xx-small;\"><strong>[arriba]<\/strong><\/span><\/a><\/td>\n<\/tr>\n<\/tbody>\n<\/table>\n<table border=\"0\" width=\"100%\" cellspacing=\"0\" cellpadding=\"0\" bgcolor=\"#ffcd88\">\n<tbody>\n<tr>\n<td valign=\"center\" width=\"55%\"><a id=\"7\" name=\"7\"><\/a><\/p>\n<div align=\"left\"><a id=\"7\" name=\"7\"><\/a><img loading=\"lazy\" decoding=\"async\" src=\"http:\/\/fraynelson.com\/banco_imagenes\/arrow.gif\" width=\"16\" height=\"15\" \/><\/div>\n<\/td>\n<td>\n<div align=\"right\"><span class=\"titulo1\"><span style=\"color: #590b00; font-family: Arial, Helvetica, sans-serif; font-size: medium;\"><strong>Homil\u00edas para escuchar<\/strong><\/span><\/span><\/div>\n<\/td>\n<\/tr>\n<tr>\n<td colspan=\"2\" valign=\"bottom\" bgcolor=\"#ffffcc\"><img loading=\"lazy\" decoding=\"async\" src=\"http:\/\/fraynelson.com\/banco_imagenes\/transparente.gif\" width=\"8\" height=\"8\" \/><\/td>\n<\/tr>\n<tr>\n<td colspan=\"2\" valign=\"top\" bgcolor=\"#ffffcc\">\n<div align=\"center\">\n<table border=\"2\" width=\"80%\" cellspacing=\"2\" cellpadding=\"2\">\n<tbody>\n<tr>\n<th valign=\"center\" bgcolor=\"#ffcc99\">\n<h4>Versi\u00f3n<\/h4>\n<\/th>\n<th valign=\"center\" bgcolor=\"#ffcc99\">\n<h4>Fecha<\/h4>\n<\/th>\n<th valign=\"center\" bgcolor=\"#ffcc99\">\n<h4>Escuchar<\/h4>\n<\/th>\n<th valign=\"center\" bgcolor=\"#ffcc99\">\n<h4>M\u00e1s&#8230;<\/h4>\n<\/th>\n<\/tr>\n<tr>\n<td bgcolor=\"#FFFFBD\">\n<p align=\"center\">1<\/p>\n<\/td>\n<td bgcolor=\"#FFFFBD\">1996\/05\/03<\/td>\n<td bgcolor=\"#FFFFBD\"><a href=\"http:\/\/fraynelson.com\/homilias.php?year=2020&amp;mon=05&amp;mday=03#1cruz001amp3\"><img decoding=\"async\" title=\"Haz click para escuchar o grabar una versi\u00f3n en MP3\" src=\"http:\/\/fraynelson.com\/banco_imagenes\/mp3_icon.gif\" alt=\"Haz click para escuchar o grabar una versi\u00f3n en MP3\" border=\"0\" \/><\/a><br \/>\n<span style=\"color: brown;\"><i>Amar es hacerse d\u00e9bil.<\/i><\/span><br \/>\n<b><\/b><\/td>\n<td bgcolor=\"#FFFFBD\">\n<p align=\"center\"><a href=\"http:\/\/fraynelson.com\/wiki2\/index.php?title=cruz001a\"><img decoding=\"async\" title=\"Click normal para ir a la transcripci\u00f3n\" src=\"http:\/\/fraynelson.com\/banco_imagenes\/text_icon.gif\" alt=\"Click normal para ir a la transcripci\u00f3n\" border=\"0\" \/><\/a><\/p>\n<\/td>\n<\/tr>\n<tr>\n<td bgcolor=\"#FFFFBD\">\n<p align=\"center\">2<\/p>\n<\/td>\n<td bgcolor=\"#FFFFBD\">2001\/05\/03<\/td>\n<td bgcolor=\"#FFFFBD\"><a href=\"http:\/\/fraynelson.com\/homilias.php?year=2020&amp;mon=05&amp;mday=03#2cruz002amp3\"><img decoding=\"async\" title=\"Haz click para escuchar o grabar una versi\u00f3n en MP3\" src=\"http:\/\/fraynelson.com\/banco_imagenes\/mp3_icon.gif\" alt=\"Haz click para escuchar o grabar una versi\u00f3n en MP3\" border=\"0\" \/><\/a><br \/>\n<span style=\"color: brown;\"><i>All\u00ed donde me visit\u00f3 el dolor, all\u00ed me visit\u00f3 el amor.<\/i><\/span><br \/>\n<b><\/b><\/td>\n<td bgcolor=\"#FFFFBD\">\n<p align=\"center\"><a href=\"http:\/\/fraynelson.com\/wiki2\/index.php?title=cruz002a\"><img decoding=\"async\" title=\"Click normal para ir a la transcripci\u00f3n\" src=\"http:\/\/fraynelson.com\/banco_imagenes\/text_icon.gif\" alt=\"Click normal para ir a la transcripci\u00f3n\" border=\"0\" \/><\/a><\/p>\n<\/td>\n<\/tr>\n<tr>\n<td bgcolor=\"#FFFFBD\">\n<p align=\"center\">3<\/p>\n<\/td>\n<td bgcolor=\"#FFFFBD\">2002\/05\/03<\/td>\n<td bgcolor=\"#FFFFBD\"><a href=\"http:\/\/fraynelson.com\/homilias.php?year=2020&amp;mon=05&amp;mday=03#3cruz003amp3\"><img decoding=\"async\" title=\"Haz click para escuchar o grabar una versi\u00f3n en MP3\" src=\"http:\/\/fraynelson.com\/banco_imagenes\/mp3_icon.gif\" alt=\"Haz click para escuchar o grabar una versi\u00f3n en MP3\" border=\"0\" \/><\/a><br \/>\n<span style=\"color: brown;\"><i>En la Cruz de Cristo descubrimos que el pecado acaba mal.<\/i><\/span><br \/>\n<b><\/b><\/td>\n<td bgcolor=\"#FFFFBD\">\n<p align=\"center\"><a href=\"http:\/\/fraynelson.com\/wiki2\/index.php?title=cruz003a\"><img decoding=\"async\" title=\"Click normal para ir a la transcripci\u00f3n\" src=\"http:\/\/fraynelson.com\/banco_imagenes\/text_icon.gif\" alt=\"Click normal para ir a la transcripci\u00f3n\" border=\"0\" \/><\/a><\/p>\n<\/td>\n<\/tr>\n<tr>\n<td bgcolor=\"#FFFFBD\">\n<p align=\"center\">4<\/p>\n<\/td>\n<td bgcolor=\"#FFFFBD\">2003\/05\/03<\/td>\n<td bgcolor=\"#FFFFBD\"><a href=\"http:\/\/fraynelson.com\/homilias.php?year=2020&amp;mon=05&amp;mday=03#4cruz004amp3\"><img decoding=\"async\" title=\"Haz click para escuchar o grabar una versi\u00f3n en MP3\" src=\"http:\/\/fraynelson.com\/banco_imagenes\/mp3_icon.gif\" alt=\"Haz click para escuchar o grabar una versi\u00f3n en MP3\" border=\"0\" \/><\/a><br \/>\n<span style=\"color: brown;\"><i>En la Cruz de Cristo, se\u00f1al de amor e instrumento de salvaci\u00f3n, est\u00e1n nuestros males vencidos.<\/i><\/span><br \/>\n<b><\/b><\/td>\n<td bgcolor=\"#FFFFBD\">\n<p align=\"center\"><a href=\"http:\/\/fraynelson.com\/wiki2\/index.php?title=cruz004a\"><img decoding=\"async\" title=\"Click normal para ir a la transcripci\u00f3n\" src=\"http:\/\/fraynelson.com\/banco_imagenes\/text_icon.gif\" alt=\"Click normal para ir a la transcripci\u00f3n\" border=\"0\" \/><\/a><\/p>\n<\/td>\n<\/tr>\n<tr>\n<td bgcolor=\"#FFFFBD\">\n<p align=\"center\">5<\/p>\n<\/td>\n<td bgcolor=\"#FFFFBD\">2006\/05\/03<\/td>\n<td bgcolor=\"#FFFFBD\"><a href=\"http:\/\/fraynelson.com\/homilias.php?year=2020&amp;mon=05&amp;mday=03#5cruz005amp3\"><img decoding=\"async\" title=\"Haz click para escuchar o grabar una versi\u00f3n en MP3\" src=\"http:\/\/fraynelson.com\/banco_imagenes\/mp3_icon.gif\" alt=\"Haz click para escuchar o grabar una versi\u00f3n en MP3\" border=\"0\" \/><\/a><br \/>\n<span style=\"color: brown;\"><i>&#8220;La Cruz es el lugar del juicio&#8221;.<\/i><\/span><br \/>\n<b><\/b><\/td>\n<td bgcolor=\"#FFFFBD\">\n<p align=\"center\"><a href=\"http:\/\/fraynelson.com\/wiki2\/index.php?title=cruz005a\"><img decoding=\"async\" title=\"Click normal para ir a la transcripci\u00f3n\" src=\"http:\/\/fraynelson.com\/banco_imagenes\/text_icon.gif\" alt=\"Click normal para ir a la transcripci\u00f3n\" border=\"0\" \/><\/a><\/p>\n<\/td>\n<\/tr>\n<tr>\n<td bgcolor=\"#FFFFBD\">\n<p align=\"center\">6<\/p>\n<\/td>\n<td bgcolor=\"#FFFFBD\">2008\/09\/14<\/td>\n<td bgcolor=\"#FFFFBD\"><a href=\"http:\/\/fraynelson.com\/homilias.php?year=2020&amp;mon=05&amp;mday=03#6cruz006amp3\"><img decoding=\"async\" title=\"Haz click para escuchar o grabar una versi\u00f3n en MP3\" src=\"http:\/\/fraynelson.com\/banco_imagenes\/mp3_icon.gif\" alt=\"Haz click para escuchar o grabar una versi\u00f3n en MP3\" border=\"0\" \/><\/a><br \/>\n<span style=\"color: brown;\"><i>Un camino desde el servicio.<\/i><\/span><br \/>\n<b><\/b><\/td>\n<td bgcolor=\"#FFFFBD\">\n<p align=\"center\"><a href=\"http:\/\/fraynelson.com\/wiki2\/index.php?title=cruz006a\"><img decoding=\"async\" title=\"Click normal para ir a la transcripci\u00f3n\" src=\"http:\/\/fraynelson.com\/banco_imagenes\/text_icon.gif\" alt=\"Click normal para ir a la transcripci\u00f3n\" border=\"0\" \/><\/a><\/p>\n<\/td>\n<\/tr>\n<tr>\n<td bgcolor=\"#FFFFBD\">\n<p align=\"center\">7<\/p>\n<\/td>\n<td bgcolor=\"#FFFFBD\">2011\/05\/03<\/td>\n<td bgcolor=\"#FFFFBD\"><a href=\"http:\/\/fraynelson.com\/homilias.php?year=2020&amp;mon=05&amp;mday=03#7cruz007amp3\"><img decoding=\"async\" title=\"Haz click para escuchar o grabar una versi\u00f3n en MP3\" src=\"http:\/\/fraynelson.com\/banco_imagenes\/mp3_icon.gif\" alt=\"Haz click para escuchar o grabar una versi\u00f3n en MP3\" border=\"0\" \/><\/a><br \/>\n<span style=\"color: brown;\"><i>En la mayor parte de Am\u00e9rica hoy se celebra la Exaltaci\u00f3n de la Santa Cruz. El texto del libro de los N\u00fameros nos presenta la serpiente vencida y expuesta sobre el estandarte. es as\u00ed imagen de la Cruz del Se\u00f1or.<\/i><\/span><br \/>\n<b><\/b><\/td>\n<td bgcolor=\"#FFFFBD\">\n<p align=\"center\"><a href=\"http:\/\/fraynelson.com\/wiki2\/index.php?title=cruz007a\"><img decoding=\"async\" title=\"Click normal para ir a la transcripci\u00f3n\" src=\"http:\/\/fraynelson.com\/banco_imagenes\/text_icon.gif\" alt=\"Click normal para ir a la transcripci\u00f3n\" border=\"0\" \/><\/a><\/p>\n<\/td>\n<\/tr>\n<tr>\n<td bgcolor=\"#FFFFBD\">\n<p align=\"center\">8<\/p>\n<\/td>\n<td bgcolor=\"#FFFFBD\">2012\/05\/03<\/td>\n<td bgcolor=\"#FFFFBD\"><a href=\"http:\/\/fraynelson.com\/homilias.php?year=2020&amp;mon=05&amp;mday=03#8cruz008amp3\"><img decoding=\"async\" title=\"Haz click para escuchar o grabar una versi\u00f3n en MP3\" src=\"http:\/\/fraynelson.com\/banco_imagenes\/mp3_icon.gif\" alt=\"Haz click para escuchar o grabar una versi\u00f3n en MP3\" border=\"0\" \/><\/a><br \/>\n<span style=\"color: brown;\"><i>\u00a1Cu\u00e1nto necesitamos redescubrir la Cruz como altar del sacrificio que da la vida, y como fuente de toda nuestra salvaci\u00f3n!<\/i><\/span><br \/>\n<b><\/b><\/td>\n<td bgcolor=\"#FFFFBD\">\n<p align=\"center\"><a href=\"http:\/\/fraynelson.com\/wiki2\/index.php?title=cruz008a\"><img decoding=\"async\" title=\"Click normal para ir a la transcripci\u00f3n\" src=\"http:\/\/fraynelson.com\/banco_imagenes\/text_icon.gif\" alt=\"Click normal para ir a la transcripci\u00f3n\" border=\"0\" \/><\/a><\/p>\n<\/td>\n<\/tr>\n<tr>\n<td bgcolor=\"#FFFFBD\">\n<p align=\"center\">9<\/p>\n<\/td>\n<td bgcolor=\"#FFFFBD\">2012\/05\/03<\/td>\n<td bgcolor=\"#FFFFBD\"><a href=\"http:\/\/fraynelson.com\/homilias.php?year=2020&amp;mon=05&amp;mday=03#9cruz009amp3\"><img decoding=\"async\" title=\"Haz click para escuchar o grabar una versi\u00f3n en MP3\" src=\"http:\/\/fraynelson.com\/banco_imagenes\/mp3_icon.gif\" alt=\"Haz click para escuchar o grabar una versi\u00f3n en MP3\" border=\"0\" \/><\/a><br \/>\n<span style=\"color: brown;\"><i>En la Exaltaci\u00f3n de la Santa Cruz, meditamos sobre sus ENEMIGOS sus TESOROS y algunos de sus mayores AMIGOS en la Orden Dominicana.<\/i><\/span><br \/>\n<b><\/b><\/td>\n<td bgcolor=\"#FFFFBD\">\n<p align=\"center\"><a href=\"http:\/\/fraynelson.com\/wiki2\/index.php?title=cruz009a\"><img decoding=\"async\" title=\"Click normal para ir a la transcripci\u00f3n\" src=\"http:\/\/fraynelson.com\/banco_imagenes\/text_icon.gif\" alt=\"Click normal para ir a la transcripci\u00f3n\" border=\"0\" \/><\/a><\/p>\n<\/td>\n<\/tr>\n<tr>\n<td bgcolor=\"#FFFFBD\">\n<p align=\"center\">10<\/p>\n<\/td>\n<td bgcolor=\"#FFFFBD\">2012\/09\/14<\/td>\n<td bgcolor=\"#FFFFBD\"><a href=\"http:\/\/fraynelson.com\/homilias.php?year=2020&amp;mon=05&amp;mday=03#10cruz010amp3\"><img decoding=\"async\" title=\"Haz click para escuchar o grabar una versi\u00f3n en MP3\" src=\"http:\/\/fraynelson.com\/banco_imagenes\/mp3_icon.gif\" alt=\"Haz click para escuchar o grabar una versi\u00f3n en MP3\" border=\"0\" \/><\/a><br \/>\n<span style=\"color: brown;\"><i>La Cruz le quita al mal su principal estrategia: presentarse como un atajo para lograr algo deleitable y en apariencia bueno.<\/i><\/span><br \/>\n<b><\/b><\/td>\n<td bgcolor=\"#FFFFBD\">\n<p align=\"center\"><a href=\"http:\/\/fraynelson.com\/wiki2\/index.php?title=cruz010a\"><img decoding=\"async\" title=\"Click normal para ir a la transcripci\u00f3n\" src=\"http:\/\/fraynelson.com\/banco_imagenes\/text_icon.gif\" alt=\"Click normal para ir a la transcripci\u00f3n\" border=\"0\" \/><\/a><\/p>\n<\/td>\n<\/tr>\n<tr>\n<td bgcolor=\"#FFFFBD\">\n<p align=\"center\">11<\/p>\n<\/td>\n<td bgcolor=\"#FFFFBD\">2013\/05\/03<\/td>\n<td bgcolor=\"#FFFFBD\"><a href=\"http:\/\/fraynelson.com\/homilias.php?year=2020&amp;mon=05&amp;mday=03#11cruz011amp3\"><img decoding=\"async\" title=\"Haz click para escuchar o grabar una versi\u00f3n en MP3\" src=\"http:\/\/fraynelson.com\/banco_imagenes\/mp3_icon.gif\" alt=\"Haz click para escuchar o grabar una versi\u00f3n en MP3\" border=\"0\" \/><\/a><br \/>\n<span style=\"color: brown;\"><i>Pasar por lo peor sin maldecir, sin enloquecer, sin desesperarse, sin vengarse, sin odiar: eso revela a Dios.<\/i><\/span><br \/>\n<b><\/b><\/td>\n<td bgcolor=\"#FFFFBD\">\n<p align=\"center\"><a href=\"http:\/\/fraynelson.com\/wiki2\/index.php?title=cruz011a\"><img decoding=\"async\" title=\"Click normal para ir a la transcripci\u00f3n\" src=\"http:\/\/fraynelson.com\/banco_imagenes\/text_icon.gif\" alt=\"Click normal para ir a la transcripci\u00f3n\" border=\"0\" \/><\/a><\/p>\n<\/td>\n<\/tr>\n<tr>\n<td bgcolor=\"#FFFFBD\">\n<p align=\"center\">12<\/p>\n<\/td>\n<td bgcolor=\"#FFFFBD\">2014\/05\/03<\/td>\n<td bgcolor=\"#FFFFBD\"><a href=\"http:\/\/fraynelson.com\/homilias.php?year=2020&amp;mon=05&amp;mday=03#12cruz012amp3\"><img decoding=\"async\" title=\"Haz click para escuchar o grabar una versi\u00f3n en MP3\" src=\"http:\/\/fraynelson.com\/banco_imagenes\/mp3_icon.gif\" alt=\"Haz click para escuchar o grabar una versi\u00f3n en MP3\" border=\"0\" \/><\/a><br \/>\n<span style=\"color: brown;\"><i>No se oponen la Cruz y la Resurrecci\u00f3n: hablan de un mismo amor.<\/i><\/span><br \/>\n<b><\/b><\/td>\n<td bgcolor=\"#FFFFBD\">\n<p align=\"center\"><a href=\"http:\/\/fraynelson.com\/wiki2\/index.php?title=cruz012a\"><img decoding=\"async\" title=\"Click normal para ir a la transcripci\u00f3n\" src=\"http:\/\/fraynelson.com\/banco_imagenes\/text_icon.gif\" alt=\"Click normal para ir a la transcripci\u00f3n\" border=\"0\" \/><\/a><\/p>\n<\/td>\n<\/tr>\n<tr>\n<td bgcolor=\"#FFFFBD\">\n<p align=\"center\">13<\/p>\n<\/td>\n<td bgcolor=\"#FFFFBD\">2014\/10\/28<\/td>\n<td bgcolor=\"#FFFFBD\"><a href=\"http:\/\/fraynelson.com\/homilias.php?year=2020&amp;mon=05&amp;mday=03#13cruz013amp3\"><img decoding=\"async\" title=\"Haz click para escuchar o grabar una versi\u00f3n en MP3\" src=\"http:\/\/fraynelson.com\/banco_imagenes\/mp3_icon.gif\" alt=\"Haz click para escuchar o grabar una versi\u00f3n en MP3\" border=\"0\" \/><\/a><br \/>\n<span style=\"color: brown;\"><i>Predicaci\u00f3n sobre la Cruz, con ocasi\u00f3n de la Fiesta del Se\u00f1or de los Milagros, en el Per\u00fa.<\/i><\/span><br \/>\n<b><\/b><\/td>\n<td bgcolor=\"#FFFFBD\">\n<p align=\"center\"><a href=\"http:\/\/fraynelson.com\/wiki2\/index.php?title=cruz013a\"><img decoding=\"async\" title=\"Click normal para ir a la transcripci\u00f3n\" src=\"http:\/\/fraynelson.com\/banco_imagenes\/text_icon.gif\" alt=\"Click normal para ir a la transcripci\u00f3n\" border=\"0\" \/><\/a><\/p>\n<\/td>\n<\/tr>\n<tr>\n<td bgcolor=\"#FFFFBD\">\n<p align=\"center\">14<\/p>\n<\/td>\n<td bgcolor=\"#FFFFBD\">2016\/05\/03<\/td>\n<td bgcolor=\"#FFFFBD\"><a href=\"http:\/\/fraynelson.com\/homilias.php?year=2020&amp;mon=05&amp;mday=03#14cruz014amp3\"><img decoding=\"async\" title=\"Haz click para escuchar o grabar una versi\u00f3n en MP3\" src=\"http:\/\/fraynelson.com\/banco_imagenes\/mp3_icon.gif\" alt=\"Haz click para escuchar o grabar una versi\u00f3n en MP3\" border=\"0\" \/><\/a><br \/>\n<span style=\"color: brown;\"><i>Jesucristo en la cruz declar\u00f3 de forma perfecta su amor redentor por nosotros, venciendo y perdonando nuestros pecados. <\/i><\/span><br \/>\n<b><\/b><\/td>\n<td bgcolor=\"#FFFFBD\">\n<p align=\"center\"><a href=\"http:\/\/fraynelson.com\/wiki2\/index.php?title=cruz014a\"><img decoding=\"async\" title=\"Click normal para ir a la transcripci\u00f3n\" src=\"http:\/\/fraynelson.com\/banco_imagenes\/text_icon.gif\" alt=\"Click normal para ir a la transcripci\u00f3n\" border=\"0\" \/><\/a><\/p>\n<\/td>\n<\/tr>\n<tr>\n<td bgcolor=\"#FFFFBD\">\n<p align=\"center\">15<\/p>\n<\/td>\n<td bgcolor=\"#FFFFBD\">2016\/05\/03<\/td>\n<td bgcolor=\"#FFFFBD\"><a href=\"http:\/\/fraynelson.com\/homilias.php?year=2020&amp;mon=05&amp;mday=03#15cruz015amp3\"><img decoding=\"async\" title=\"Haz click para escuchar o grabar una versi\u00f3n en MP3\" src=\"http:\/\/fraynelson.com\/banco_imagenes\/mp3_icon.gif\" alt=\"Haz click para escuchar o grabar una versi\u00f3n en MP3\" border=\"0\" \/><\/a><br \/>\n<span style=\"color: brown;\"><i>La palabra que nos ayuda a pasar de la cruz como frustraci\u00f3n y fracaso a la cruz como bendici\u00f3n y gloria es: donaci\u00f3n de amor.<\/i><\/span><br \/>\n<b><\/b><\/td>\n<td bgcolor=\"#FFFFBD\">\n<p align=\"center\"><a href=\"http:\/\/fraynelson.com\/wiki2\/index.php?title=cruz015a\"><img decoding=\"async\" title=\"Click normal para ir a la transcripci\u00f3n\" src=\"http:\/\/fraynelson.com\/banco_imagenes\/text_icon.gif\" alt=\"Click normal para ir a la transcripci\u00f3n\" border=\"0\" \/><\/a><\/p>\n<\/td>\n<\/tr>\n<tr>\n<td bgcolor=\"#FFFFBD\">\n<p align=\"center\">16<\/p>\n<\/td>\n<td bgcolor=\"#FFFFBD\">2017\/05\/03<\/td>\n<td bgcolor=\"#FFFFBD\"><a href=\"http:\/\/fraynelson.com\/homilias.php?year=2020&amp;mon=05&amp;mday=03#16cruz016amp3\"><img decoding=\"async\" title=\"Haz click para escuchar o grabar una versi\u00f3n en MP3\" src=\"http:\/\/fraynelson.com\/banco_imagenes\/mp3_icon.gif\" alt=\"Haz click para escuchar o grabar una versi\u00f3n en MP3\" border=\"0\" \/><\/a><br \/>\n<span style=\"color: brown;\"><i>La cruz es odiada porque en ella fue derrotado Satan\u00e1s desde la humildad, la caridad y la obediencia suprema del Hijo de Dios, Nuestro Se\u00f1or Jesucristo.<\/i><\/span><br \/>\n<b><\/b><\/td>\n<td bgcolor=\"#FFFFBD\">\n<p align=\"center\"><a href=\"http:\/\/fraynelson.com\/wiki2\/index.php?title=cruz016a\"><img decoding=\"async\" title=\"Click normal para ir a la transcripci\u00f3n\" src=\"http:\/\/fraynelson.com\/banco_imagenes\/text_icon.gif\" alt=\"Click normal para ir a la transcripci\u00f3n\" border=\"0\" \/><\/a><\/p>\n<\/td>\n<\/tr>\n<tr>\n<td bgcolor=\"#FFFFBD\">\n<p align=\"center\">17<\/p>\n<\/td>\n<td bgcolor=\"#FFFFBD\">2018\/05\/03<\/td>\n<td bgcolor=\"#FFFFBD\"><a href=\"http:\/\/fraynelson.com\/homilias.php?year=2020&amp;mon=05&amp;mday=03#17cruz017amp3\"><img decoding=\"async\" title=\"Haz click para escuchar o grabar una versi\u00f3n en MP3\" src=\"http:\/\/fraynelson.com\/banco_imagenes\/mp3_icon.gif\" alt=\"Haz click para escuchar o grabar una versi\u00f3n en MP3\" border=\"0\" \/><\/a><br \/>\n<span style=\"color: brown;\"><i>El misterio central de la cruz es que en ella hemos sido amados, perdonados, liberados, redimidos y adoptados; y por eso afirmamos que es la cruz de la gloria de Dios Uno y Trino.<\/i><\/span><br \/>\n<b><\/b><\/td>\n<td bgcolor=\"#FFFFBD\">\n<p align=\"center\"><a href=\"http:\/\/fraynelson.com\/wiki2\/index.php?title=cruz017a\"><img decoding=\"async\" title=\"Click normal para ir a la transcripci\u00f3n\" src=\"http:\/\/fraynelson.com\/banco_imagenes\/text_icon.gif\" alt=\"Click normal para ir a la transcripci\u00f3n\" border=\"0\" \/><\/a><\/p>\n<\/td>\n<\/tr>\n<tr>\n<td bgcolor=\"#FFFFBD\">\n<p align=\"center\">18<\/p>\n<\/td>\n<td bgcolor=\"#FFFFBD\">2019\/05\/03<\/td>\n<td bgcolor=\"#FFFFBD\"><a href=\"http:\/\/fraynelson.com\/homilias.php?year=2020&amp;mon=05&amp;mday=03#18cruz018amp3\"><img decoding=\"async\" title=\"Haz click para escuchar o grabar una versi\u00f3n en MP3\" src=\"http:\/\/fraynelson.com\/banco_imagenes\/mp3_icon.gif\" alt=\"Haz click para escuchar o grabar una versi\u00f3n en MP3\" border=\"0\" \/><\/a><br \/>\n<span style=\"color: brown;\"><i>Descubre la cruz del Se\u00f1or porque all\u00ed est\u00e1 su amor redentor, all\u00ed te am\u00f3 hasta el extremo; luego descubre tu cruz, asociada al misterio de Cristo y que tu sufrimiento no est\u00e1 lejos de su amor. <\/i><\/span><br \/>\n<b><\/b><\/td>\n<td bgcolor=\"#FFFFBD\">\n<p align=\"center\"><a href=\"http:\/\/fraynelson.com\/wiki2\/index.php?title=cruz018a\"><img decoding=\"async\" title=\"Click normal para ir a la transcripci\u00f3n\" src=\"http:\/\/fraynelson.com\/banco_imagenes\/text_icon.gif\" alt=\"Click normal para ir a la transcripci\u00f3n\" border=\"0\" \/><\/a><\/p>\n<\/td>\n<\/tr>\n<tr>\n<td bgcolor=\"#FFFFBD\">\n<p align=\"center\">19<\/p>\n<\/td>\n<td bgcolor=\"#FFFFBD\">2019\/05\/03<\/td>\n<td bgcolor=\"#FFFFBD\"><a href=\"http:\/\/fraynelson.com\/homilias.php?year=2020&amp;mon=05&amp;mday=03#19cruz019amp3\"><img decoding=\"async\" title=\"Haz click para escuchar o grabar una versi\u00f3n en MP3\" src=\"http:\/\/fraynelson.com\/banco_imagenes\/mp3_icon.gif\" alt=\"Haz click para escuchar o grabar una versi\u00f3n en MP3\" border=\"0\" \/><\/a><br \/>\n<span style=\"color: brown;\"><i>Bienes y frutos preciosos de la Cruz de Cristo<\/i><\/span><br \/>\n<b><\/b><\/td>\n<td bgcolor=\"#FFFFBD\">\n<p align=\"center\"><a href=\"http:\/\/fraynelson.com\/wiki2\/index.php?title=cruz019a\"><img decoding=\"async\" title=\"Click normal para ir a la transcripci\u00f3n\" src=\"http:\/\/fraynelson.com\/banco_imagenes\/text_icon.gif\" alt=\"Click normal para ir a la transcripci\u00f3n\" border=\"0\" \/><\/a><\/p>\n<\/td>\n<\/tr>\n<\/tbody>\n<\/table>\n<\/div>\n<\/td>\n<\/tr>\n<tr bgcolor=\"#fffff0\">\n<td colspan=\"2\">\n<p align=\"center\"><span style=\"color: #000000; font-family: Arial, Helvetica, sans-serif; font-size: small;\">M\u00e1s informaci\u00f3n sobre este d\u00eda <a href=\"http:\/\/fraynelson.com\/homilias.php?year=2020&amp;mon=05&amp;mday=03\">aqu\u00ed<\/a><\/span><\/p>\n<\/td>\n<\/tr>\n<tr bgcolor=\"#ffffcc\">\n<td colspan=\"2\" valign=\"bottom\"><img loading=\"lazy\" decoding=\"async\" src=\"http:\/\/fraynelson.com\/banco_imagenes\/transparente.gif\" width=\"8\" height=\"8\" \/><a class=\"linksmenu\" href=\"http:\/\/fraynelson.com\/sistema\/boletin\/mactboletin3.php#a\"><span style=\"color: #000066; font-family: Arial, Helvetica, sans-serif; font-size: xx-small;\"><strong>[arriba]<\/strong><\/span><\/a><\/td>\n<\/tr>\n<\/tbody>\n<\/table>\n<table border=\"0\" width=\"100%\" cellspacing=\"0\" cellpadding=\"0\" bgcolor=\"#ffcd88\">\n<tbody>\n<tr>\n<td valign=\"center\" width=\"55%\">\n<div align=\"left\"><img loading=\"lazy\" decoding=\"async\" src=\"http:\/\/fraynelson.com\/banco_imagenes\/arrow.gif\" width=\"16\" height=\"15\" \/><\/div>\n<\/td>\n<td>\n<div align=\"right\"><span class=\"titulo1\"><span style=\"color: #590b00; font-family: Arial, Helvetica, sans-serif; font-size: medium;\"><strong>Homil\u00eda para leer<\/strong><\/span><\/span><\/div>\n<\/td>\n<\/tr>\n<tr>\n<td colspan=\"2\" valign=\"bottom\" bgcolor=\"#ffffcc\"><img loading=\"lazy\" decoding=\"async\" src=\"http:\/\/fraynelson.com\/banco_imagenes\/transparente.gif\" width=\"8\" height=\"8\" \/><\/td>\n<\/tr>\n<tr>\n<td colspan=\"2\" valign=\"top\" bgcolor=\"#ffffcc\">\n<div align=\"justify\">\n<p><span style=\"color: #000000; font-family: Arial, Helvetica, sans-serif; font-size: small;\"><b>Temas de las lecturas: <\/b>Si alguno era mordido y miraba la serpiente de bronce quedaba curado * No olvid\u00e9is las acciones del Se\u00f1or. * Cristo se humill\u00f3 a s\u00ed mismo, por eso Dios lo exalt\u00f3 sobre todas las cosas * El Hijo del hombre tiene que ser levantado<\/span><\/p>\n<h4><span style=\"color: #000000; font-family: Arial, Helvetica, sans-serif; font-size: small;\">1. El misterio salv\u00edfico de la Cruz<\/span><\/h4>\n<p>1.1 El Papa Juan Pablo nos regal\u00f3 en abril de 1999 una preciosa reflexi\u00f3n sobre el valor de la Cruz como insignia para el mundo. De ese mensaje entresacamos nuestra reflexi\u00f3n de este d\u00eda. La numeraci\u00f3n aqu\u00ed es nuestra.<\/p>\n<p>1.2 ?Padre, a tus manos encomiendo mi esp\u00edritu?. \u00c9stas son las palabras, este es el \u00faltimo grito de Cristo en la cruz. Con esas palabras se cierra el misterio de la pasi\u00f3n y se abre el misterio de la liberaci\u00f3n a trav\u00e9s de su muerte, que se realizar\u00e1 en la Resurrecci\u00f3n. Son palabras importantes. La Iglesia, consciente de su importancia, las ha asumido en la liturgia de las Horas, que cada d\u00eda se concluye as\u00ed: ?Padre, a tus manos encomiendo mi esp\u00edritu?.<\/p>\n<p>1.3 Hoy queremos poner estas palabras en labios de la humanidad. Hoy queremos poner estas palabras de Cristo en labios de todos estos hombres, porque estas palabras, este grito de Cristo sufriente, sus \u00faltimas palabras no solamente cierran; tambi\u00e9n abren. Significan una apertura al futuro.<\/p>\n<p>1.4 ?Padre, en tus manos encomiendo mi esp\u00edritu?. Estas palabras abren. Esperamos que estas palabras sean tambi\u00e9n las \u00faltimas palabras para cada uno de nosotros, las que nos abran a la eternidad.<\/p>\n<h4>2. La Cruz, lugar de amor y profec\u00eda<\/h4>\n<p>2.1 Cristo por nosotros se hizo obediente hasta la muerte, y muerte de cruz\u00bb (Flp 2, 8). Con estas palabras, la liturgia resume lo que aconteci\u00f3 en el G\u00f3lgota, hace ahora dos mil a\u00f1os. El evangelista Juan, testigo ocular, narra los acontecimientos dolorosos de la pasi\u00f3n de Cristo. Cuenta su dura agon\u00eda, sus \u00faltimas palabras: ?Todo se ha consumado? (cf. Jn 19, 30) y c\u00f3mo un soldado romano traspas\u00f3 su costado con una lanza. Del pecho atravesado del Redentor sali\u00f3 sangre y agua, prueba inequ\u00edvoca de su muerte (cf. Jn 19, 34) y don extremo de su amor misericordioso.<\/p>\n<p>2.2 ?Despreciado y evitado?. como dijo Isa\u00edas, est\u00e1 Cristo en el hombre afrentado y aniquilado en la guerra y en cualquier lugar donde triunfe la cultura de la muerte; ?triturado por nuestros cr\u00edmenes? est\u00e1 el Mes\u00edas en las v\u00edctimas del odio y del mal de todos los tiempos y en cualquier lugar. ?Como ovejas errantes? parecen a veces los pueblos divididos y marcados por la incomprensi\u00f3n y la indiferencia.<\/p>\n<h4>3. Luz de esperanza<\/h4>\n<p>3.1 Sin embargo, en el horizonte de este escenario de sufrimiento y de muerte, brilla para la humanidad la esperanza: ?A causa de los trabajos de su alma, ver\u00e1 y se hartar\u00e1 (&#8230;); mi Siervo justificar\u00e1 a muchos?. La cruz, en la noche del dolor y del abandono, es antorcha que mantiene viva la espera del nuevo d\u00eda de la resurrecci\u00f3n. Miramos con fe hacia la cruz de Cristo, mientras por medio de ella queremos proclamar al mundo el amor misericordioso del Padre por cada hombre.<\/p>\n<p>3.2 S\u00ed, hoy es el d\u00eda de la misericordia y del amor, el d\u00eda en el que se ha llevado a cabo la redenci\u00f3n del mundo, porque el pecado y la muerte han sido derrotados por la muerte salv\u00edfica del Redentor.<\/p>\n<h4>4. Oraci\u00f3n<\/h4>\n<p>4.1 Divino Rey crucificado, que el misterio de tu muerte gloriosa triunfe en el mundo.<\/p>\n<p>4.2 Haz que no perdamos el valor y la audacia de la esperanza ante los dramas de la humanidad y ante cada situaci\u00f3n injusta que mortifica a la criatura humana, redimida con tu sangre preciosa.<\/p>\n<p>4.3 Al contrario, haz que con renovada fuerza proclamemos: Tu cruz es victoria y salvaci\u00f3n, porque con tu sangre y tu pasi\u00f3n has redimido al mundo.<\/p>\n<\/div>\n<\/td>\n<\/tr>\n<tr bgcolor=\"#ffffcc\">\n<td colspan=\"2\" valign=\"bottom\"><img loading=\"lazy\" decoding=\"async\" src=\"http:\/\/fraynelson.com\/banco_imagenes\/transparente.gif\" width=\"8\" height=\"8\" \/><a class=\"linksmenu\" href=\"http:\/\/fraynelson.com\/sistema\/boletin\/mactboletin3.php#a\"><span style=\"color: #000066; font-family: Arial, Helvetica, sans-serif; font-size: xx-small;\"><strong>[arriba]<\/strong><\/span><\/a><\/td>\n<\/tr>\n<\/tbody>\n<\/table>\n<\/td>\n<\/tr>\n<\/tbody>\n<\/table>\n<table border=\"0\" width=\"100%\" cellspacing=\"0\" cellpadding=\"0\" bgcolor=\"#ffcd88\">\n<tbody>\n<tr>\n<td valign=\"center\" width=\"55%\"><a id=\"8\" name=\"8\"><\/a><\/p>\n<div align=\"left\"><a id=\"8\" name=\"8\"><\/a><img loading=\"lazy\" decoding=\"async\" src=\"http:\/\/fraynelson.com\/banco_imagenes\/arrow.gif\" width=\"16\" height=\"15\" \/><\/div>\n<\/td>\n<td>\n<div align=\"right\"><span class=\"titulo1\"><span style=\"color: #590b00; font-family: Arial, Helvetica, sans-serif; font-size: x-large;\"><strong><span style=\"color: red;\"><em>Video<\/em><\/span> recomendado para este dia<em>!<\/em><\/strong><\/span><\/span><\/div>\n<\/td>\n<\/tr>\n<tr>\n<td colspan=\"2\" valign=\"bottom\" bgcolor=\"#ffffcc\"><img loading=\"lazy\" decoding=\"async\" src=\"http:\/\/fraynelson.com\/banco_imagenes\/transparente.gif\" width=\"8\" height=\"8\" \/><\/td>\n<\/tr>\n<tr>\n<td colspan=\"2\" valign=\"top\" bgcolor=\"#ffffcc\">\n<div align=\"center\">\n<p><span style=\"color: #000000; font-family: Arial, Helvetica, sans-serif; font-size: small;\"><strong><a href=\"http:\/\/www.youtube.com\/watch?v=hibOLq2Bow0\"><img decoding=\"async\" src=\"http:\/\/fraynelson.com\/banco_imagenes\/videos\/20200503.jpg\" border=\"0\" \/><\/a><\/p>\n<p>Mar\u00eda Mart\u00ednez, que practic\u00f3 el budismo antes de su conversi\u00f3n, explica en qu\u00e9 consiste la creencia en la reencarnaci\u00f3n, intr\u00ednseca a esa filosof\u00eda oriental, y cu\u00e1les son sus fallos l\u00f3gicos y males espirituales.<br \/>\n&#8211;&gt;<br \/>\nSuscr\u00edbete YA al <a href=\"https:\/\/www.youtube.com\/channel\/UC8BDeEogqEhK29bVPQeWzKA\">canal de FRAYNELSON<\/a> en Youtube!<\/strong><\/span><\/p>\n<\/div>\n<\/td>\n<\/tr>\n<tr bgcolor=\"#ffffcc\">\n<td colspan=\"2\" valign=\"bottom\"><img loading=\"lazy\" decoding=\"async\" src=\"http:\/\/fraynelson.com\/banco_imagenes\/transparente.gif\" width=\"8\" height=\"8\" \/><a class=\"linksmenu\" href=\"http:\/\/fraynelson.com\/sistema\/boletin\/mactboletin3.php#a\"><span style=\"color: #000066; font-family: Arial, Helvetica, sans-serif; font-size: xx-small;\"><strong>[arriba]<\/strong><\/span><\/a><\/td>\n<\/tr>\n<\/tbody>\n<\/table>\n<table border=\"0\" width=\"100%\" cellspacing=\"0\" cellpadding=\"0\" bgcolor=\"#ffcd88\">\n<tbody>\n<tr>\n<td valign=\"center\" width=\"55%\"><a id=\"9\" name=\"9\"><\/a><\/p>\n<div align=\"left\"><a id=\"9\" name=\"9\"><\/a><img loading=\"lazy\" decoding=\"async\" src=\"http:\/\/fraynelson.com\/banco_imagenes\/arrow.gif\" width=\"16\" height=\"15\" \/><\/div>\n<\/td>\n<td>\n<div align=\"right\"><span class=\"titulo1\"><span style=\"color: #590b00; font-family: Arial, Helvetica, sans-serif; font-size: medium;\"><strong>Informaci\u00f3n legal y de suscripci\u00f3n<\/strong><\/span><\/span><\/div>\n<\/td>\n<\/tr>\n<tr>\n<td colspan=\"2\" valign=\"bottom\" bgcolor=\"#ffffcc\"><img loading=\"lazy\" decoding=\"async\" src=\"http:\/\/fraynelson.com\/banco_imagenes\/transparente.gif\" width=\"8\" height=\"8\" \/><\/td>\n<\/tr>\n<tr>\n<td colspan=\"2\" valign=\"top\" bgcolor=\"#ffffcc\">\n<div align=\"justify\">\n<div align=\"justify\">\n<p><span style=\"color: #000000; font-family: Arial, Helvetica, sans-serif; font-size: small;\"><strong>Para saber m\u00e1s&#8230;<\/strong><\/span><\/p>\n<\/div>\n<\/div>\n<ul>\n<li>Este bolet\u00edn es el veh\u00edculo de comunicaci\u00f3n diario de la p\u00e1gina <a href=\"http:\/\/fraynelson.com\">FRAYNELSON.COM<\/a>, Casa para tu Fe Cat\u00f3lica. <strong>Servimos con gozo a la evangelizaci\u00f3n<\/strong> dentro de nuestra Iglesia, en comuni\u00f3n con el Santo Padre.<\/li>\n<\/ul>\n<div align=\"justify\">\n<div align=\"justify\"><\/div>\n<\/div>\n<ul>\n<li>Todos nuestros servicios y todo lo que encuentres en FRAYNELSON.COM es gratuito y solamente recibimos donaciones. Es decir: nunca cobramos ni aceptamos dinero por publicidad ni tampoco pagamos servicios. Todos <strong>nuestros donantes y colaboradores permanentes son voluntarios<\/strong> que viven y trabajan en distintas partes del mundo.<\/li>\n<\/ul>\n<div align=\"justify\">\n<div align=\"justify\"><\/div>\n<\/div>\n<ul>\n<li>Es posible que hayas recibido este mensaje sin haberlo solicitado. Nuestra intenci\u00f3n no es fastidiar a nadie, y por eso es sencillo el proceso de darse de baja. Si nunca pediste recibir este bolet\u00edn, es posible que alg\u00fan pariente o amigo tuyo haya incluido tu nombre y direcci\u00f3n. Con respeto te invito a que consideres lo que ofrecemos antes de dejarnos, pero en cualquier caso eres libre de darte de baja cuando quieras.<\/li>\n<\/ul>\n<div align=\"justify\">\n<div align=\"justify\"><\/div>\n<\/div>\n<ul>\n<li><i>Si deseas incluir en este bolet\u00edn tu cumplea\u00f1os, o una fecha que es importante para ti o tu familia o tu grupo<\/i>, entra a <a href=\"http:\/\/fraynelson.com\/calendario.php\"><strong>nuestro calendario<\/strong><\/a>. Las entradas a este calendario tiene que ser aprobadas antes de ser publicadas. El prop\u00f3sito es favorecer la oraci\u00f3n y amistad entre todos. \ud83d\ude42<\/li>\n<\/ul>\n<div align=\"justify\">\n<div align=\"justify\"><\/div>\n<\/div>\n<ul>\n<li>\u00a1Por supuesto t\u00fa tambi\u00e9n <strong>puedes invitar a otras personas<\/strong>! Estamos convencidos que un poco de nuestro Alimento del Alma puede hacer una GRAN DIFERENCIA en muchas vidas. Puedes responder a este correo indic\u00e1ndonos a qui\u00e9n quieres que regalemos nuestro Alimento. Por supuesto, si sospechas que a alguien no le va a interesar, no le hagas ni nos hagas perder tiempo. Sin embargo, es un hecho que m\u00e1s y m\u00e1s gente est\u00e1 siendo bendecida con nuestros servicios.<\/li>\n<\/ul>\n<div align=\"justify\">\n<div align=\"justify\"><\/div>\n<\/div>\n<ul>\n<li>Los textos del <b>SANTO DEL D\u00cdA<\/b> son responsabilidad y cortes\u00eda de <a href=\"http:\/\/aciprensa.com\">Aciprensa<\/a> o de la <a href=\"http:\/\/www.archimadrid.es\/\">Archidi\u00f3cesis de Madrid<\/a>. Ten en cuenta, sin embargo, que la celebraci\u00f3n lit\u00fargica de un santo o santa en particular depende de factores locales, del tiempo lit\u00fargico, de si cae en domingo, y algunos otros. Los breves esquemas que ofrecemos son s\u00f3lo para edificaci\u00f3n espiritual. Los dem\u00e1s textos no b\u00edblicos son responsabilidad de sus autores o si no se indica, de <b>Fray Nelson Medina, O.P.<\/b> Estos pueden ser divulgados declarando la fuente. Tus aportes en <strong>oraci\u00f3n, tiempo, servicios, ideas o dinero<\/strong> son siempre bienvenidos. Puedes visitar nuestra <a href=\"http:\/\/fraynelson.com\/ayuda.html\">p\u00e1gina de ayuda<\/a>.<\/li>\n<\/ul>\n<\/td>\n<\/tr>\n<tr bgcolor=\"#ffffcc\">\n<td colspan=\"2\" valign=\"bottom\"><img loading=\"lazy\" decoding=\"async\" src=\"http:\/\/fraynelson.com\/banco_imagenes\/transparente.gif\" width=\"8\" height=\"8\" \/><a class=\"linksmenu\" href=\"http:\/\/fraynelson.com\/sistema\/boletin\/mactboletin3.php#a\"><span style=\"color: #000066; font-family: Arial, Helvetica, sans-serif; font-size: xx-small;\"><strong>[arriba]<\/strong><\/span><\/a><\/td>\n<\/tr>\n<\/tbody>\n<\/table>\n<\/td>\n<\/tr>\n<\/tbody>\n<\/table>\n<\/div>\n<\/td>\n<\/tr>\n<\/tbody>\n<\/table>\n","protected":false},"excerpt":{"rendered":"<p>[ Ver en la WEB ] [ Suscribirse \/ Darse de baja ]<\/p>\n","protected":false},"author":1138,"featured_media":0,"comment_status":"closed","ping_status":"closed","sticky":false,"template":"","format":"standard","meta":{"footnotes":""},"categories":[919],"tags":[],"class_list":["post-79680","post","type-post","status-publish","format-standard","hentry","category-boletin"],"jetpack_featured_media_url":"","_links":{"self":[{"href":"https:\/\/fraynelson.com\/blog\/wp-json\/wp\/v2\/posts\/79680","targetHints":{"allow":["GET"]}}],"collection":[{"href":"https:\/\/fraynelson.com\/blog\/wp-json\/wp\/v2\/posts"}],"about":[{"href":"https:\/\/fraynelson.com\/blog\/wp-json\/wp\/v2\/types\/post"}],"author":[{"embeddable":true,"href":"https:\/\/fraynelson.com\/blog\/wp-json\/wp\/v2\/users\/1138"}],"replies":[{"embeddable":true,"href":"https:\/\/fraynelson.com\/blog\/wp-json\/wp\/v2\/comments?post=79680"}],"version-history":[{"count":1,"href":"https:\/\/fraynelson.com\/blog\/wp-json\/wp\/v2\/posts\/79680\/revisions"}],"predecessor-version":[{"id":79681,"href":"https:\/\/fraynelson.com\/blog\/wp-json\/wp\/v2\/posts\/79680\/revisions\/79681"}],"wp:attachment":[{"href":"https:\/\/fraynelson.com\/blog\/wp-json\/wp\/v2\/media?parent=79680"}],"wp:term":[{"taxonomy":"category","embeddable":true,"href":"https:\/\/fraynelson.com\/blog\/wp-json\/wp\/v2\/categories?post=79680"},{"taxonomy":"post_tag","embeddable":true,"href":"https:\/\/fraynelson.com\/blog\/wp-json\/wp\/v2\/tags?post=79680"}],"curies":[{"name":"wp","href":"https:\/\/api.w.org\/{rel}","templated":true}]}}