{"id":79676,"date":"2020-05-03T17:49:57","date_gmt":"2020-05-03T22:49:57","guid":{"rendered":"http:\/\/fraynelson.com\/blog\/?p=79676"},"modified":"2020-05-03T17:49:57","modified_gmt":"2020-05-03T22:49:57","slug":"por-que-la-sabiduria-es-considerada-don-del-espiritu-santo","status":"publish","type":"post","link":"https:\/\/fraynelson.com\/blog\/2020\/05\/03\/por-que-la-sabiduria-es-considerada-don-del-espiritu-santo\/","title":{"rendered":"\u00bfPor qu\u00e9 la sabidur\u00eda es considerada don del Esp\u00edritu Santo?"},"content":{"rendered":"<p>Seg\u00fan el Fil\u00f3sofo, en el comienzo de los Metaf\u00edsicas, incumbe al sabio considerar la causa suprema por la cual juzga ciert\u00edsimamente de todo, y todo debe ordenarse seg\u00fan ella. Ahora bien, la causa suprema se puede tomar en doble sentido: absolutamente y en un determinado g\u00e9nero. Por tanto, quien conoce la causa suprema en un determinado g\u00e9nero, y puede, gracias a ella, juzgar y ordenar cuanto pertenece a ese g\u00e9nero, se dice de \u00e9l que es sabio en ese g\u00e9nero; es el caso, por ejemplo, de la medicina o de la arquitectura, conforme a lo que escribe el Ap\u00f3stol: Como sabio arquitecto, puse los cimientos (1 Cor 3,10). Mas quien conoce de manera absoluta la causa, que es Dios, se considera sabio en absoluto, por cuanto puede juzgar y ordenar todo por las reglas divinas. Pues bien, el hombre alcanza ese tipo de juicio por el Esp\u00edritu Santo, a tenor de lo que escribe el Ap\u00f3stol: El espiritual lo juzga todo (1 Cor 2,15), porque, como afirma all\u00ed mismo (v.10), El Esp\u00edritu lo escudri\u00f1a todo, incluso las profundidades de Dios. Resulta, pues, evidente que la sabidur\u00eda es don del Esp\u00edritu Santo. (<em>S. Th., II-II, q.45, a.1, resp.<\/em>)<\/p>\n<hr \/>\n<p>[Estos fragmentos han sido tomados de la <em>Suma Teol\u00f3gica<\/em> de Santo Tom\u00e1s, en la segunda secci\u00f3n de la segunda parte. Pueden leerse en orden los fragmentos publicados haciendo clic <a href=\"https:\/\/fraynelson.com\/blog\/categorias\/santo_tomas\/suma-teologica-fragmentos\/?order=ASC\">aqu\u00ed<\/a>.]<\/p>\n","protected":false},"excerpt":{"rendered":"<p>Seg\u00fan el Fil\u00f3sofo, en el comienzo de los Metaf\u00edsicas, incumbe al sabio considerar la causa suprema por la cual juzga ciert\u00edsimamente de todo, y todo debe ordenarse seg\u00fan ella. Ahora bien, la causa suprema se puede tomar en doble sentido: absolutamente y en un determinado g\u00e9nero. Por tanto, quien conoce la causa suprema en un &hellip; <\/p>\n<p class=\"link-more\"><a href=\"https:\/\/fraynelson.com\/blog\/2020\/05\/03\/por-que-la-sabiduria-es-considerada-don-del-espiritu-santo\/\" class=\"more-link\">Continuar leyendo<span class=\"screen-reader-text\"> &#8220;\u00bfPor qu\u00e9 la sabidur\u00eda es considerada don del Esp\u00edritu Santo?&#8221;<\/span><\/a><\/p>\n","protected":false},"author":1138,"featured_media":0,"comment_status":"closed","ping_status":"closed","sticky":false,"template":"","format":"standard","meta":{"footnotes":""},"categories":[436,1270],"tags":[],"class_list":["post-79676","post","type-post","status-publish","format-standard","hentry","category-sabiduria","category-suma-teologica-fragmentos"],"jetpack_featured_media_url":"","_links":{"self":[{"href":"https:\/\/fraynelson.com\/blog\/wp-json\/wp\/v2\/posts\/79676","targetHints":{"allow":["GET"]}}],"collection":[{"href":"https:\/\/fraynelson.com\/blog\/wp-json\/wp\/v2\/posts"}],"about":[{"href":"https:\/\/fraynelson.com\/blog\/wp-json\/wp\/v2\/types\/post"}],"author":[{"embeddable":true,"href":"https:\/\/fraynelson.com\/blog\/wp-json\/wp\/v2\/users\/1138"}],"replies":[{"embeddable":true,"href":"https:\/\/fraynelson.com\/blog\/wp-json\/wp\/v2\/comments?post=79676"}],"version-history":[{"count":1,"href":"https:\/\/fraynelson.com\/blog\/wp-json\/wp\/v2\/posts\/79676\/revisions"}],"predecessor-version":[{"id":79677,"href":"https:\/\/fraynelson.com\/blog\/wp-json\/wp\/v2\/posts\/79676\/revisions\/79677"}],"wp:attachment":[{"href":"https:\/\/fraynelson.com\/blog\/wp-json\/wp\/v2\/media?parent=79676"}],"wp:term":[{"taxonomy":"category","embeddable":true,"href":"https:\/\/fraynelson.com\/blog\/wp-json\/wp\/v2\/categories?post=79676"},{"taxonomy":"post_tag","embeddable":true,"href":"https:\/\/fraynelson.com\/blog\/wp-json\/wp\/v2\/tags?post=79676"}],"curies":[{"name":"wp","href":"https:\/\/api.w.org\/{rel}","templated":true}]}}