{"id":77803,"date":"2020-02-20T07:39:31","date_gmt":"2020-02-20T12:39:31","guid":{"rendered":"http:\/\/fraynelson.com\/blog\/?p=77803"},"modified":"2020-02-20T07:39:31","modified_gmt":"2020-02-20T12:39:31","slug":"de-ingeniero-a-seminarista","status":"publish","type":"post","link":"https:\/\/fraynelson.com\/blog\/2020\/02\/20\/de-ingeniero-a-seminarista\/","title":{"rendered":"De ingeniero a seminarista"},"content":{"rendered":"<p>Lo cuenta Religi\u00f3n en Libertad:<\/p>\n<p>David Benito es uno de los muchos seminaristas de Madrid que estudia en la Universidad Eclesi\u00e1stica de San D\u00e1maso. Pero como cada vez ocurre con m\u00e1s frecuencia este joven ingres\u00f3 en el seminario una vez que hab\u00eda acabado sus estudios universitarios y hab\u00eda hecho una peque\u00f1a incursi\u00f3n en el mundo laboral.<\/p>\n<p>Concretamente, se gradu\u00f3 en Ingenier\u00eda Forestal en la Universidad Polit\u00e9cnica y durante unos meses estuvo en el Instituto Nacional de Investigaciones Agrarias y Alimentarias. Pero Dios lo quer\u00eda para otra cosa: quer\u00eda que fuera sacerdote y fue entonces cuando ingres\u00f3 en el seminario.<\/p>\n<p>La vida parroquial que hizo florecer la vocaci\u00f3n<\/p>\n<p>En una entrevista con la Universidad de San D\u00e1maso, David Benito explica que \u201csi lo hubiese visto claro con 18 a\u00f1os pues quiz\u00e1 no habr\u00eda estudiado antes nada. Pero cuando termin\u00e9 el colegio me gustaba mucho todo lo que ten\u00eda que ver con el entorno natural, con el monte, con el campo\u2026 Y me gusta mucho la historia, la literatura, se me daban bien las matem\u00e1ticas, el dibujo, la f\u00edsica\u2026 y encontr\u00e9 esta carrera que me parec\u00eda muy bonita. Era un mundo que conoc\u00eda un poco y por eso estudi\u00e9 ingenier\u00eda de montes. Y al ir descubriendo que el Se\u00f1or me ped\u00eda otra cosa pues termin\u00e9 entrando en el seminario y estudiando Teolog\u00eda\u201d.<\/p>\n<p>Sobre su llamada al sacerdocio, Benito asegura que siendo adolescente conoci\u00f3  a un grupo de j\u00f3venes de su edad que ten\u00edan algo que \u00e9l echaba de menos: que era conocer a Dios. \u201cEmpec\u00e9 a participar en la parroquia de San Germ\u00e1n, en el barrio de Cuzco, que es donde viven mis padres. A partir de eso empec\u00e9 a conocer m\u00e1s al Se\u00f1or, teniendo vida de oraci\u00f3n; y fue en una experiencia de ejercicios espirituales donde supe dar nombre a esa inquietud que ten\u00eda desde hace tiempo. No sin mis m\u00e1s y mis menos fui diciendo a Dios que s\u00ed hasta que hice el curso introductorio y luego ya los a\u00f1os de seminario\u201d.<\/p>\n<p>&#8220;No me enteraba de nada&#8221;<\/p>\n<p>Su llegada al seminario no fue sencilla pues pas\u00f3 de un perfil t\u00e9cnico a tener que estudiar materias como Teolog\u00eda o Filosof\u00eda. De hecho, recuerda que cuando lleg\u00f3 &#8220;no me enteraba de nada. Solo me gustaba &#8216;l\u00f3gica&#8217; porque los silogismos me recordaban a las matem\u00e1ticas. Pero metaf\u00edsica u otras asignaturas con mucha carga filos\u00f3fica como teor\u00eda del conocimiento o fenomenolog\u00eda sobre todo, no me enteraba de nada\u201d.<\/p>\n<p>\u201cPero poco a poco vas descubriendo que esto tiene m\u00e1s de tu vida que otras cosas que quiz\u00e1 de primeras me gustaban m\u00e1s o me resultaban m\u00e1s f\u00e1ciles pero que con mi vida ten\u00edan poco que ver. Y esto al final va poniendo las bases para luego poder comprender mejor la teolog\u00eda y tambi\u00e9n les he terminado cogiendo mucho gusto. De hecho ahora preferir\u00eda leerme un libro de teolog\u00eda que volver a los &#8216;tochos&#8217; de c\u00e1lculo o de estructuras. Aunque suene un poco a comentario de seminarista o de cura, profundizar m\u00e1s en nuestra fe nos ayuda tambi\u00e9n en nuestra relaci\u00f3n con el Se\u00f1or y luego el d\u00eda de ma\u00f1ana en el ejercicio del ministerio\u201d, agrega este joven seminarista.<\/p>\n","protected":false},"excerpt":{"rendered":"<p>Lo cuenta Religi\u00f3n en Libertad: David Benito es uno de los muchos seminaristas de Madrid que estudia en la Universidad Eclesi\u00e1stica de San D\u00e1maso. Pero como cada vez ocurre con m\u00e1s frecuencia este joven ingres\u00f3 en el seminario una vez que hab\u00eda acabado sus estudios universitarios y hab\u00eda hecho una peque\u00f1a incursi\u00f3n en el mundo &hellip; <\/p>\n<p class=\"link-more\"><a href=\"https:\/\/fraynelson.com\/blog\/2020\/02\/20\/de-ingeniero-a-seminarista\/\" class=\"more-link\">Continuar leyendo<span class=\"screen-reader-text\"> &#8220;De ingeniero a seminarista&#8221;<\/span><\/a><\/p>\n","protected":false},"author":1138,"featured_media":0,"comment_status":"closed","ping_status":"closed","sticky":false,"template":"","format":"standard","meta":{"footnotes":""},"categories":[42,65,587],"tags":[],"class_list":["post-77803","post","type-post","status-publish","format-standard","hentry","category-sacerdotes-y-vocaciones","category-testimonios","category-vocacion"],"jetpack_featured_media_url":"","_links":{"self":[{"href":"https:\/\/fraynelson.com\/blog\/wp-json\/wp\/v2\/posts\/77803","targetHints":{"allow":["GET"]}}],"collection":[{"href":"https:\/\/fraynelson.com\/blog\/wp-json\/wp\/v2\/posts"}],"about":[{"href":"https:\/\/fraynelson.com\/blog\/wp-json\/wp\/v2\/types\/post"}],"author":[{"embeddable":true,"href":"https:\/\/fraynelson.com\/blog\/wp-json\/wp\/v2\/users\/1138"}],"replies":[{"embeddable":true,"href":"https:\/\/fraynelson.com\/blog\/wp-json\/wp\/v2\/comments?post=77803"}],"version-history":[{"count":1,"href":"https:\/\/fraynelson.com\/blog\/wp-json\/wp\/v2\/posts\/77803\/revisions"}],"predecessor-version":[{"id":77804,"href":"https:\/\/fraynelson.com\/blog\/wp-json\/wp\/v2\/posts\/77803\/revisions\/77804"}],"wp:attachment":[{"href":"https:\/\/fraynelson.com\/blog\/wp-json\/wp\/v2\/media?parent=77803"}],"wp:term":[{"taxonomy":"category","embeddable":true,"href":"https:\/\/fraynelson.com\/blog\/wp-json\/wp\/v2\/categories?post=77803"},{"taxonomy":"post_tag","embeddable":true,"href":"https:\/\/fraynelson.com\/blog\/wp-json\/wp\/v2\/tags?post=77803"}],"curies":[{"name":"wp","href":"https:\/\/api.w.org\/{rel}","templated":true}]}}