{"id":77695,"date":"2020-02-14T22:33:57","date_gmt":"2020-02-15T03:33:57","guid":{"rendered":"http:\/\/fraynelson.com\/blog\/?p=77695"},"modified":"2020-02-14T22:33:57","modified_gmt":"2020-02-15T03:33:57","slug":"la-eutanasia-un-instrumento-de-presion-frente-a-los-mas-debiles","status":"publish","type":"post","link":"https:\/\/fraynelson.com\/blog\/2020\/02\/14\/la-eutanasia-un-instrumento-de-presion-frente-a-los-mas-debiles\/","title":{"rendered":"La eutanasia: \u00abun instrumento de presi\u00f3n frente a los m\u00e1s d\u00e9biles\u00bb"},"content":{"rendered":"<p>&#8220;La Asociaci\u00f3n Espa\u00f1ola de Bio\u00e9tica ha denunciado que \u00abel deseo de renunciar a la protecci\u00f3n jur\u00eddica de la propia vida no puede ser universalizado y convertido en un derecho\u00bb porque implicar\u00eda \u00abconsecuencias negativas para el bien com\u00fan\u00bb como un menor respeto a la vida de los m\u00e1s vulnerables&#8230;&#8221;<\/p>\n<p><a href=\"https:\/\/www.evernote.com\/shard\/s254\/sh\/25635368-b5d1-43e0-bad3-e2ea22686ef0\/5af666a33876ad17f18cf40de0879073\" rel=\"noopener noreferrer\" target=\"_blank\"><img decoding=\"async\" src=\"http:\/\/fraynelson.com\/banco_imagenes\/recomendados\/20200216.jpg\" alt=\"\" \/><\/p>\n<p>Haz clic aqu\u00ed!<\/a><\/p>\n","protected":false},"excerpt":{"rendered":"<p>&#8220;La Asociaci\u00f3n Espa\u00f1ola de Bio\u00e9tica ha denunciado que \u00abel deseo de renunciar a la protecci\u00f3n jur\u00eddica de la propia vida no puede ser universalizado y convertido en un derecho\u00bb porque implicar\u00eda \u00abconsecuencias negativas para el bien com\u00fan\u00bb como un menor respeto a la vida de los m\u00e1s vulnerables&#8230;&#8221; Haz clic aqu\u00ed!<\/p>\n","protected":false},"author":1138,"featured_media":0,"comment_status":"closed","ping_status":"closed","sticky":false,"template":"","format":"standard","meta":{"footnotes":""},"categories":[620,739],"tags":[],"class_list":["post-77695","post","type-post","status-publish","format-standard","hentry","category-enlaces","category-eutanasia"],"jetpack_featured_media_url":"","_links":{"self":[{"href":"https:\/\/fraynelson.com\/blog\/wp-json\/wp\/v2\/posts\/77695","targetHints":{"allow":["GET"]}}],"collection":[{"href":"https:\/\/fraynelson.com\/blog\/wp-json\/wp\/v2\/posts"}],"about":[{"href":"https:\/\/fraynelson.com\/blog\/wp-json\/wp\/v2\/types\/post"}],"author":[{"embeddable":true,"href":"https:\/\/fraynelson.com\/blog\/wp-json\/wp\/v2\/users\/1138"}],"replies":[{"embeddable":true,"href":"https:\/\/fraynelson.com\/blog\/wp-json\/wp\/v2\/comments?post=77695"}],"version-history":[{"count":1,"href":"https:\/\/fraynelson.com\/blog\/wp-json\/wp\/v2\/posts\/77695\/revisions"}],"predecessor-version":[{"id":77696,"href":"https:\/\/fraynelson.com\/blog\/wp-json\/wp\/v2\/posts\/77695\/revisions\/77696"}],"wp:attachment":[{"href":"https:\/\/fraynelson.com\/blog\/wp-json\/wp\/v2\/media?parent=77695"}],"wp:term":[{"taxonomy":"category","embeddable":true,"href":"https:\/\/fraynelson.com\/blog\/wp-json\/wp\/v2\/categories?post=77695"},{"taxonomy":"post_tag","embeddable":true,"href":"https:\/\/fraynelson.com\/blog\/wp-json\/wp\/v2\/tags?post=77695"}],"curies":[{"name":"wp","href":"https:\/\/api.w.org\/{rel}","templated":true}]}}