{"id":77689,"date":"2020-02-13T01:26:48","date_gmt":"2020-02-13T06:26:48","guid":{"rendered":"http:\/\/fraynelson.com\/blog\/?p=77689"},"modified":"2020-02-12T22:28:30","modified_gmt":"2020-02-13T03:28:30","slug":"buenos-dias-senor","status":"publish","type":"post","link":"https:\/\/fraynelson.com\/blog\/2020\/02\/13\/buenos-dias-senor\/","title":{"rendered":"Buenos d\u00edas, Se\u00f1or"},"content":{"rendered":"<p>Buenos d\u00edas, Se\u00f1or, a ti el primero<br \/>\nencuentra la mirada<br \/>\ndel coraz\u00f3n, apenas nace el d\u00eda:<br \/>\nT\u00fa eres la luz y el sol de mi jornada.<\/p>\n<p>Buenos d\u00edas, Se\u00f1or, contigo quiero<br \/>\nandar por la vereda:<br \/>\nT\u00fa, mi camino, mi verdad, mi vida;<br \/>\nT\u00fa, la esperanza firme que me queda.<\/p>\n<p>Buenos d\u00edas, Se\u00f1or, a ti te busco,<br \/>\nlevanto a ti las manos<br \/>\ny el coraz\u00f3n, al despertar la aurora:<br \/>\nquiero encontrarte siempre en mis hermanos.<\/p>\n<p>Buenos d\u00edas, Se\u00f1or resucitado,<br \/>\nque traes la alegr\u00eda<br \/>\nal coraz\u00f3n que va por tus caminos<br \/>\n\u00a1vencedor de tu muerte y de la m\u00eda!<\/p>\n","protected":false},"excerpt":{"rendered":"<p>Buenos d\u00edas, Se\u00f1or, a ti el primero encuentra la mirada del coraz\u00f3n, apenas nace el d\u00eda: T\u00fa eres la luz y el sol de mi jornada. Buenos d\u00edas, Se\u00f1or, contigo quiero andar por la vereda: T\u00fa, mi camino, mi verdad, mi vida; T\u00fa, la esperanza firme que me queda. Buenos d\u00edas, Se\u00f1or, a ti te &hellip; <\/p>\n<p class=\"link-more\"><a href=\"https:\/\/fraynelson.com\/blog\/2020\/02\/13\/buenos-dias-senor\/\" class=\"more-link\">Continuar leyendo<span class=\"screen-reader-text\"> &#8220;Buenos d\u00edas, Se\u00f1or&#8221;<\/span><\/a><\/p>\n","protected":false},"author":1138,"featured_media":0,"comment_status":"closed","ping_status":"closed","sticky":false,"template":"","format":"standard","meta":{"footnotes":""},"categories":[14],"tags":[],"class_list":["post-77689","post","type-post","status-publish","format-standard","hentry","category-oraciones-y-poesias"],"jetpack_featured_media_url":"","_links":{"self":[{"href":"https:\/\/fraynelson.com\/blog\/wp-json\/wp\/v2\/posts\/77689","targetHints":{"allow":["GET"]}}],"collection":[{"href":"https:\/\/fraynelson.com\/blog\/wp-json\/wp\/v2\/posts"}],"about":[{"href":"https:\/\/fraynelson.com\/blog\/wp-json\/wp\/v2\/types\/post"}],"author":[{"embeddable":true,"href":"https:\/\/fraynelson.com\/blog\/wp-json\/wp\/v2\/users\/1138"}],"replies":[{"embeddable":true,"href":"https:\/\/fraynelson.com\/blog\/wp-json\/wp\/v2\/comments?post=77689"}],"version-history":[{"count":1,"href":"https:\/\/fraynelson.com\/blog\/wp-json\/wp\/v2\/posts\/77689\/revisions"}],"predecessor-version":[{"id":77690,"href":"https:\/\/fraynelson.com\/blog\/wp-json\/wp\/v2\/posts\/77689\/revisions\/77690"}],"wp:attachment":[{"href":"https:\/\/fraynelson.com\/blog\/wp-json\/wp\/v2\/media?parent=77689"}],"wp:term":[{"taxonomy":"category","embeddable":true,"href":"https:\/\/fraynelson.com\/blog\/wp-json\/wp\/v2\/categories?post=77689"},{"taxonomy":"post_tag","embeddable":true,"href":"https:\/\/fraynelson.com\/blog\/wp-json\/wp\/v2\/tags?post=77689"}],"curies":[{"name":"wp","href":"https:\/\/api.w.org\/{rel}","templated":true}]}}