{"id":776,"date":"2005-08-26T10:47:40","date_gmt":"2005-08-26T15:47:40","guid":{"rendered":"2080081953"},"modified":"2005-09-18T16:47:04","modified_gmt":"2005-09-18T16:47:04","slug":"1020019","status":"publish","type":"post","link":"https:\/\/fraynelson.com\/blog\/2005\/08\/26\/1020019\/","title":{"rendered":"Dec\u00e1logo Del Artista"},"content":{"rendered":"<p>&#8211; Amar\u00e1s la belleza, que es la sombra de Dios sobre el Universo.<\/p>\n<p>&#8211; No hay arte ateo. Aunque no ames al Creador, lo afirmar\u00e1s creando a su semejanza.<\/p>\n<p>&#8211; No dar\u00e1s la belleza como cebo para los sentidos, sino como el natural alimento del alma.<\/p>\n<p><!--more--><\/p>\n<p>&#8211; No te ser\u00e1 pretexto para la lujuria ni para la vanidad, sino ejercicio divino.<\/p>\n<p>&#8211; No la buscar\u00e1s en las ferias ni llevar\u00e1s tu obra a ellas, porque la Belleza es virgen, y la que est\u00e1 en las ferias no es Ella.<\/p>\n<p>&#8211; Subir\u00e1 de tu coraz\u00f3n a tu canto y te habr\u00e1 purificado a ti, el primero.<\/p>\n<p>&#8211; Tu belleza se llamar\u00e1 tambi\u00e9n misericordia, y consolar\u00e1 el coraz\u00f3n de los hombres.<\/p>\n<p>&#8211; Dar\u00e1s tu obra como se da un hijo: restando sangre de tu coraz\u00f3n.<\/p>\n<p>&#8211; No te ser\u00e1 la belleza opio adormecedor, sino vino generoso que te encienda para la acci\u00f3n, pues si dejas de ser hombre o mujer, dejar\u00e1s de ser artista.<\/p>\n<p>&#8211; De toda creaci\u00f3n saldr\u00e1s con verg\u00fcenza, porque fue inferior a tu sue\u00f1o, e inferior a ese sue\u00f1o maravilloso de Dios, que es la Naturaleza.<\/p>\n<p>Por: Gabriela Mistral<\/p>\n","protected":false},"excerpt":{"rendered":"<p>&#8211; Amar\u00e1s la belleza, que es la sombra de Dios sobre el Universo. &#8211; No hay arte ateo. Aunque no ames al Creador, lo afirmar\u00e1s creando a su semejanza. &#8211; No dar\u00e1s la belleza como cebo para los sentidos, sino como el natural alimento del alma.<\/p>\n","protected":false},"author":1138,"featured_media":0,"comment_status":"open","ping_status":"open","sticky":false,"template":"","format":"standard","meta":{"footnotes":""},"categories":[40],"tags":[],"class_list":["post-776","post","type-post","status-publish","format-standard","hentry","category-vivir-la-fe-hoy"],"jetpack_featured_media_url":"","_links":{"self":[{"href":"https:\/\/fraynelson.com\/blog\/wp-json\/wp\/v2\/posts\/776","targetHints":{"allow":["GET"]}}],"collection":[{"href":"https:\/\/fraynelson.com\/blog\/wp-json\/wp\/v2\/posts"}],"about":[{"href":"https:\/\/fraynelson.com\/blog\/wp-json\/wp\/v2\/types\/post"}],"author":[{"embeddable":true,"href":"https:\/\/fraynelson.com\/blog\/wp-json\/wp\/v2\/users\/1138"}],"replies":[{"embeddable":true,"href":"https:\/\/fraynelson.com\/blog\/wp-json\/wp\/v2\/comments?post=776"}],"version-history":[{"count":0,"href":"https:\/\/fraynelson.com\/blog\/wp-json\/wp\/v2\/posts\/776\/revisions"}],"wp:attachment":[{"href":"https:\/\/fraynelson.com\/blog\/wp-json\/wp\/v2\/media?parent=776"}],"wp:term":[{"taxonomy":"category","embeddable":true,"href":"https:\/\/fraynelson.com\/blog\/wp-json\/wp\/v2\/categories?post=776"},{"taxonomy":"post_tag","embeddable":true,"href":"https:\/\/fraynelson.com\/blog\/wp-json\/wp\/v2\/tags?post=776"}],"curies":[{"name":"wp","href":"https:\/\/api.w.org\/{rel}","templated":true}]}}