{"id":77530,"date":"2020-02-07T01:14:42","date_gmt":"2020-02-07T06:14:42","guid":{"rendered":"http:\/\/fraynelson.com\/blog\/?p=77530"},"modified":"2020-02-06T22:16:06","modified_gmt":"2020-02-07T03:16:06","slug":"en-caso-extremo-tiene-sentido-un-cura-en-la-guerrilla","status":"publish","type":"post","link":"https:\/\/fraynelson.com\/blog\/2020\/02\/07\/en-caso-extremo-tiene-sentido-un-cura-en-la-guerrilla\/","title":{"rendered":"En caso extremo, \u00bftiene sentido un cura en la guerrilla?"},"content":{"rendered":"<p>Hay muchas cosas necesarias para el bien de la sociedad humana. Pues bien, la diversidad de funciones est\u00e1 mejor atendida por varias personas que por una sola, como demuestra el Fil\u00f3sofo en su Pol\u00edtica. Hay, adem\u00e1s, ciertos negocios incompatibles entre s\u00ed que no pueden despacharse simult\u00e1neamente de forma adecuada. Por eso, a quienes se les encomiendan oficios mayores, se les prohiben los menores. As\u00ed, por ejemplo, las leyes humanas prohiben el comercio a los soldados encargados de los trabajos de la guerra. Esta clase de trabajos son, en realidad, del todo incompatibles con las tareas encomendadas a los obispos y a los cl\u00e9rigos por dos razones. La primera es de tipo general. Los trabajos de la guerra conllevan, en efecto, grandes inquietudes y, por lo mismo, son obst\u00e1culo para la entrega del alma a la contemplaci\u00f3n de las cosas divinas, a la alabanza de Dios y a la oraci\u00f3n por el pueblo, tareas que ata\u00f1en al oficio de los cl\u00e9rigos. Por eso, igual que se prohibe a \u00e9stos el comercio porque absorbe mucho su atenci\u00f3n, se les prohiben tambi\u00e9n los trabajos de la guerra, a tenor del testimonio del Ap\u00f3stol: El que milita para Dios no se embaraza con los negocios de la vida (2 Tim 2,4).<\/p>\n<p>Hay adem\u00e1s otra raz\u00f3n especial. En efecto, las \u00f3rdenes de los cl\u00e9rigos est\u00e1n orientadas al servicio del altar, en el cual, bajo el sacramento, se presenta la pasi\u00f3n de Cristo seg\u00fan el testimonio del Ap\u00f3stol: Cuantas veces com\u00e1is este pan y beb\u00e1is el c\u00e1liz, otras tantas anunciar\u00e9is la muerte del Se\u00f1or hasta que venga (1 Cor 11,26). Por eso desdice del cl\u00e9rigo matar o derramar sangre; m\u00e1s bien deben estar dispuestos para la efusi\u00f3n de su propia sangre por Cristo, a fin de imitar con obras lo que desempe\u00f1an por ministerio. Por eso est\u00e1 establecido que los derramadores de sangre, aun sin culpa por su parte, incurren en irregularidad. Mas a quien est\u00e1 destinado a un cargo no se le permite aquello que le hace no apto para el mismo. En consecuencia, bajo ning\u00fan t\u00edtulo les es permitido a los cl\u00e9rigos tomar parte en la guerra, ordenada a verter sangre.  (<em>S. Th., II-II, q.40, a.2, resp.<\/em>)<\/p>\n<hr \/>\n<p>[Estos fragmentos han sido tomados de la <em>Suma Teol\u00f3gica<\/em> de Santo Tom\u00e1s, en la segunda secci\u00f3n de la segunda parte. Pueden leerse en orden los fragmentos publicados haciendo clic <a href=\"https:\/\/fraynelson.com\/blog\/categorias\/santo_tomas\/suma-teologica-fragmentos\/?order=ASC\">aqu\u00ed<\/a>.]<\/p>\n","protected":false},"excerpt":{"rendered":"<p>Hay muchas cosas necesarias para el bien de la sociedad humana. Pues bien, la diversidad de funciones est\u00e1 mejor atendida por varias personas que por una sola, como demuestra el Fil\u00f3sofo en su Pol\u00edtica. Hay, adem\u00e1s, ciertos negocios incompatibles entre s\u00ed que no pueden despacharse simult\u00e1neamente de forma adecuada. Por eso, a quienes se les &hellip; <\/p>\n<p class=\"link-more\"><a href=\"https:\/\/fraynelson.com\/blog\/2020\/02\/07\/en-caso-extremo-tiene-sentido-un-cura-en-la-guerrilla\/\" class=\"more-link\">Continuar leyendo<span class=\"screen-reader-text\"> &#8220;En caso extremo, \u00bftiene sentido un cura en la guerrilla?&#8221;<\/span><\/a><\/p>\n","protected":false},"author":1138,"featured_media":0,"comment_status":"closed","ping_status":"closed","sticky":false,"template":"","format":"standard","meta":{"footnotes":""},"categories":[762,42,1270],"tags":[],"class_list":["post-77530","post","type-post","status-publish","format-standard","hentry","category-guerra","category-sacerdotes-y-vocaciones","category-suma-teologica-fragmentos"],"jetpack_featured_media_url":"","_links":{"self":[{"href":"https:\/\/fraynelson.com\/blog\/wp-json\/wp\/v2\/posts\/77530","targetHints":{"allow":["GET"]}}],"collection":[{"href":"https:\/\/fraynelson.com\/blog\/wp-json\/wp\/v2\/posts"}],"about":[{"href":"https:\/\/fraynelson.com\/blog\/wp-json\/wp\/v2\/types\/post"}],"author":[{"embeddable":true,"href":"https:\/\/fraynelson.com\/blog\/wp-json\/wp\/v2\/users\/1138"}],"replies":[{"embeddable":true,"href":"https:\/\/fraynelson.com\/blog\/wp-json\/wp\/v2\/comments?post=77530"}],"version-history":[{"count":1,"href":"https:\/\/fraynelson.com\/blog\/wp-json\/wp\/v2\/posts\/77530\/revisions"}],"predecessor-version":[{"id":77531,"href":"https:\/\/fraynelson.com\/blog\/wp-json\/wp\/v2\/posts\/77530\/revisions\/77531"}],"wp:attachment":[{"href":"https:\/\/fraynelson.com\/blog\/wp-json\/wp\/v2\/media?parent=77530"}],"wp:term":[{"taxonomy":"category","embeddable":true,"href":"https:\/\/fraynelson.com\/blog\/wp-json\/wp\/v2\/categories?post=77530"},{"taxonomy":"post_tag","embeddable":true,"href":"https:\/\/fraynelson.com\/blog\/wp-json\/wp\/v2\/tags?post=77530"}],"curies":[{"name":"wp","href":"https:\/\/api.w.org\/{rel}","templated":true}]}}