{"id":775,"date":"2005-08-26T10:47:40","date_gmt":"2005-08-26T15:47:40","guid":{"rendered":"1019479432"},"modified":"2005-09-18T16:46:44","modified_gmt":"2005-09-18T16:46:44","slug":"1020018","status":"publish","type":"post","link":"https:\/\/fraynelson.com\/blog\/2005\/08\/26\/1020018\/","title":{"rendered":"Dec\u00e1logo Para Vacaciones"},"content":{"rendered":"<p>1. Vive la naturaleza. En la playa, en la monta\u00f1a, en la serran\u00eda, descubre la presencia de Dios. Al\u00e1bale por haber hecho la naturaleza tan hermosa.<\/p>\n<p><!--more--><\/p>\n<p>2. Vive tu nombre y condici\u00f3n de cristiano. No te averg\u00fcences en invierno o verano de ser cristiano. Falsear\u00edas tu identidad.<\/p>\n<p>3. Vive el domingo, que en vacaciones sigue siendo el D\u00eda del Se\u00f1or. Dios no se va de vacaciones. Tienes m\u00e1s tiempo libre, acude a la Eucarist\u00eda dominical.<\/p>\n<p>4. Vive la familia. Dialoga, juega, goza con ellos sin prisas. Reza en familia. Asiste al templo tambi\u00e9n con ellos.<\/p>\n<p>5. Vive la vida. La vida es el gran don de Dios, no hagas peligrar tu propia vida, y evita riesgos a la vida de los dem\u00e1s.<\/p>\n<p>6. Vive la amistad. Desde la escucha, la confianza, la ayuda, el di\u00e1logo, el enriquecimiento y el respeto a la dignidad sagrada de las dem\u00e1s personas.<\/p>\n<p>7. Vive la justicia. No esperes que todo te lo den hecho. Otros trabajan para que t\u00fa tengas vacaciones. Ellos tambi\u00e9n tienen sus derechos. Resp\u00e9talos y respeta sus bienes.<\/p>\n<p>8. Vive la verdad. Evita la hipocres\u00eda, la mentira, la cr\u00edtica, la presunci\u00f3n enga\u00f1osa e interesada o la vanagloria.<\/p>\n<p>9. Vive la limpieza de coraz\u00f3n. Supera la codicia, el ego\u00edsmo y el hedonismo. Vacaci\u00f3n no equivale a permisividad.<\/p>\n<p>10. Vive la solidaridad. No lo quieras todo para ti. Piensa en quienes no tienen vacaciones, porque ni siquiera tienen el pan de cada d\u00eda. La caridad tampoco toma vacaciones.<\/p>\n<p>Estos diez puntos se resumen en dos: En vacaciones, sigue acord\u00e1ndote de Dios y del pr\u00f3jimo.<\/p>\n<p>Por: Mons. Javier Salinasuenos<\/p>\n","protected":false},"excerpt":{"rendered":"<p>1. Vive la naturaleza. En la playa, en la monta\u00f1a, en la serran\u00eda, descubre la presencia de Dios. Al\u00e1bale por haber hecho la naturaleza tan hermosa.<\/p>\n","protected":false},"author":1138,"featured_media":0,"comment_status":"open","ping_status":"open","sticky":false,"template":"","format":"standard","meta":{"footnotes":""},"categories":[40],"tags":[],"class_list":["post-775","post","type-post","status-publish","format-standard","hentry","category-vivir-la-fe-hoy"],"jetpack_featured_media_url":"","_links":{"self":[{"href":"https:\/\/fraynelson.com\/blog\/wp-json\/wp\/v2\/posts\/775","targetHints":{"allow":["GET"]}}],"collection":[{"href":"https:\/\/fraynelson.com\/blog\/wp-json\/wp\/v2\/posts"}],"about":[{"href":"https:\/\/fraynelson.com\/blog\/wp-json\/wp\/v2\/types\/post"}],"author":[{"embeddable":true,"href":"https:\/\/fraynelson.com\/blog\/wp-json\/wp\/v2\/users\/1138"}],"replies":[{"embeddable":true,"href":"https:\/\/fraynelson.com\/blog\/wp-json\/wp\/v2\/comments?post=775"}],"version-history":[{"count":0,"href":"https:\/\/fraynelson.com\/blog\/wp-json\/wp\/v2\/posts\/775\/revisions"}],"wp:attachment":[{"href":"https:\/\/fraynelson.com\/blog\/wp-json\/wp\/v2\/media?parent=775"}],"wp:term":[{"taxonomy":"category","embeddable":true,"href":"https:\/\/fraynelson.com\/blog\/wp-json\/wp\/v2\/categories?post=775"},{"taxonomy":"post_tag","embeddable":true,"href":"https:\/\/fraynelson.com\/blog\/wp-json\/wp\/v2\/tags?post=775"}],"curies":[{"name":"wp","href":"https:\/\/api.w.org\/{rel}","templated":true}]}}