{"id":76789,"date":"2020-01-11T02:45:05","date_gmt":"2020-01-11T07:45:05","guid":{"rendered":"http:\/\/fraynelson.com\/blog\/?p=76789"},"modified":"2020-04-27T23:18:58","modified_gmt":"2020-04-28T04:18:58","slug":"breve-ordo-para-la-semana-del-12-al-18-de-enero-de-2020","status":"publish","type":"post","link":"https:\/\/fraynelson.com\/blog\/2020\/01\/11\/breve-ordo-para-la-semana-del-12-al-18-de-enero-de-2020\/","title":{"rendered":"Breve ordo para la semana<br>del 12 al 18 de Enero de 2020"},"content":{"rendered":"<p><em>Homil\u00edas breves para esta semana<\/em>:<br \/>\n<iframe loading=\"lazy\" title=\"Tiempo Ordinario, 01 - par, 2020\" width=\"525\" height=\"295\" src=\"https:\/\/www.youtube.com\/embed\/videoseries?list=PLZ1xKoz316WlmCISpubgdtRRj2neudF8a\" frameborder=\"0\" allow=\"accelerometer; autoplay; clipboard-write; encrypted-media; gyroscope; picture-in-picture; web-share\" referrerpolicy=\"strict-origin-when-cross-origin\" allowfullscreen><\/iframe><\/p>\n<hr \/>\n<p><em>Lectura Espiritual para esta semana<\/em>:<br \/>\n<iframe loading=\"lazy\" title=\"LECTURA ESPIRITUAL, desde 20200112\" width=\"525\" height=\"295\" src=\"https:\/\/www.youtube.com\/embed\/videoseries?list=PLZ1xKoz316WmyJIqRPThxXAklTJqDVmCG\" frameborder=\"0\" allow=\"accelerometer; autoplay; clipboard-write; encrypted-media; gyroscope; picture-in-picture; web-share\" referrerpolicy=\"strict-origin-when-cross-origin\" allowfullscreen><\/iframe><\/p>\n<hr \/>\n<p><em>Liturgia de las Horas para esta semana<\/em>:<\/p>\n<p><strong>Domingo, 12 de Enero de 2020<\/strong>: <span style=\"color: #ff0000;\"><strong>Fiesta del Bautismo del Se\u00f1or, ciclo A<\/strong><\/span><\/p>\n<ul>\n<li><a href=\"http:\/\/traffic.libsyn.com\/fraynelson\/abauu.mp3\" target=\"_blank\" rel=\"noopener noreferrer\">Primeras V\u00edsperas<\/a> (el s\u00e1bado 11 por la tarde)<\/li>\n<li><a href=\"http:\/\/traffic.libsyn.com\/fraynelson\/comp06.mp3\" target=\"_blank\" rel=\"noopener noreferrer\">Completas<\/a> (el s\u00e1bado 11 por la noche)<\/li>\n<li><a href=\"http:\/\/fraynelson.com\/lectio\/abau-fiesta-del-bautismo-del-senor.mp3\" target=\"_blank\" rel=\"noopener noreferrer\">Lectura Espiritual<\/a><\/li>\n<li><a href=\"http:\/\/traffic.libsyn.com\/fraynelson\/abaua\" target=\"_blank\" rel=\"noopener noreferrer\">Laudes<\/a><\/li>\n<li><a href=\"http:\/\/traffic.libsyn.com\/fraynelson\/abauv.mp3\" target=\"_blank\" rel=\"noopener noreferrer\">Segundas V\u00edsperas<\/a><\/li>\n<li><a href=\"http:\/\/traffic.libsyn.com\/fraynelson\/comp00.mp3\" target=\"_blank\" rel=\"noopener noreferrer\">Completas<\/a><\/li>\n<\/ul>\n<p><strong>Lunes 13<\/strong>:<\/p>\n<ul>\n<li><a href=\"http:\/\/fraynelson.com\/lectio\/i011-tiempo-ordinario-lunes-i.mp3\" target=\"_blank\" rel=\"noopener noreferrer\">Lectura Espiritual<\/a><\/li>\n<li><a href=\"http:\/\/traffic.libsyn.com\/fraynelson\/s011a.mp3\" target=\"_blank\" rel=\"noopener noreferrer\">Laudes<\/a><\/li>\n<li><a href=\"http:\/\/traffic.libsyn.com\/fraynelson\/s011v.mp3\" target=\"_blank\" rel=\"noopener noreferrer\">V\u00edsperas<\/a><\/li>\n<li><a href=\"http:\/\/traffic.libsyn.com\/fraynelson\/comp01.mp3\" target=\"_blank\" rel=\"noopener noreferrer\">Completas<\/a><\/li>\n<\/ul>\n<p><strong>Martes 14<\/strong>:<\/p>\n<ul>\n<li><a href=\"http:\/\/fraynelson.com\/lectio\/i012-tiempo-ordinario-martes-i.mp3\" target=\"_blank\" rel=\"noopener noreferrer\">Lectura Espiritual<\/a><\/li>\n<li><a href=\"http:\/\/traffic.libsyn.com\/fraynelson\/s012a.mp3\" target=\"_blank\" rel=\"noopener noreferrer\">Laudes<\/a><\/li>\n<li><a href=\"http:\/\/traffic.libsyn.com\/fraynelson\/s012v.mp3\" target=\"_blank\" rel=\"noopener noreferrer\">V\u00edsperas<\/a><\/li>\n<li><a href=\"http:\/\/traffic.libsyn.com\/fraynelson\/comp02.mp3\" target=\"_blank\" rel=\"noopener noreferrer\">Completas<\/a><\/li>\n<\/ul>\n<p><strong>Mi\u00e9rcoles 15<\/strong>:<\/p>\n<ul>\n<li><a href=\"http:\/\/fraynelson.com\/lectio\/i013-tiempo-ordinario-miercoles-i.mp3\" target=\"_blank\" rel=\"noopener noreferrer\">Lectura Espiritual<\/a><\/li>\n<li><a href=\"http:\/\/traffic.libsyn.com\/fraynelson\/s013a.mp3\" target=\"_blank\" rel=\"noopener noreferrer\">Laudes<\/a><\/li>\n<li><a href=\"http:\/\/traffic.libsyn.com\/fraynelson\/s013v.mp3\" target=\"_blank\" rel=\"noopener noreferrer\">V\u00edsperas<\/a><\/li>\n<li><a href=\"http:\/\/traffic.libsyn.com\/fraynelson\/comp03.mp3\" target=\"_blank\" rel=\"noopener noreferrer\">Completas<\/a><\/li>\n<\/ul>\n<p><strong>Jueves 16<\/strong>:<\/p>\n<ul>\n<li><a href=\"http:\/\/fraynelson.com\/lectio\/i014-tiempo-ordinario-jueves-i.mp3\" target=\"_blank\" rel=\"noopener noreferrer\">Lectura Espiritual<\/a><\/li>\n<li><a href=\"http:\/\/traffic.libsyn.com\/fraynelson\/s014a.mp3\" target=\"_blank\" rel=\"noopener noreferrer\">Laudes<\/a><\/li>\n<li><a href=\"http:\/\/traffic.libsyn.com\/fraynelson\/s014v.mp3\" target=\"_blank\" rel=\"noopener noreferrer\">V\u00edsperas<\/a><\/li>\n<li><a href=\"http:\/\/traffic.libsyn.com\/fraynelson\/comp04.mp3\" target=\"_blank\" rel=\"noopener noreferrer\">Completas<\/a><\/li>\n<\/ul>\n<p><strong>Viernes 17<\/strong>: Memoria de San Antonio, abad<\/p>\n<ul>\n<li><a href=\"http:\/\/fraynelson.com\/lectio\/sana-memoria-de-san-antonio-abad.mp3\" target=\"_blank\" rel=\"noopener noreferrer\">Lectura Espiritual<\/a><\/li>\n<li><a href=\"http:\/\/traffic.libsyn.com\/fraynelson\/sanaa_s015a.mp3\" target=\"_blank\" rel=\"noopener noreferrer\">Laudes<\/a><\/li>\n<li><a href=\"http:\/\/traffic.libsyn.com\/fraynelson\/sanav_s015v.mp3\" target=\"_blank\" rel=\"noopener noreferrer\">V\u00edsperas<\/a><\/li>\n<li><a href=\"http:\/\/traffic.libsyn.com\/fraynelson\/comp05.mp3\" target=\"_blank\" rel=\"noopener noreferrer\">Completas<\/a><\/li>\n<\/ul>\n<p><strong>S\u00e1bado 18<\/strong>:<\/p>\n<ul>\n<li><a href=\"http:\/\/fraynelson.com\/lectio\/i016-tiempo-ordinario-sabado-i.mp3\" target=\"_blank\" rel=\"noopener noreferrer\">Lectura Espiritual<\/a><\/li>\n<li><a href=\"http:\/\/traffic.libsyn.com\/fraynelson\/s016a.mp3\" target=\"_blank\" rel=\"noopener noreferrer\">Laudes<\/a><\/li>\n<\/ul>\n<hr \/>\n<p><img decoding=\"async\" src=\"http:\/\/fraynelson.com\/banco_imagenes\/liturgia\/cp_ordo.jpg\" alt=\"\" \/><\/p>\n<hr \/>\n","protected":false},"excerpt":{"rendered":"<p>Homil\u00edas breves para esta semana: Lectura Espiritual para esta semana: Liturgia de las Horas para esta semana: Domingo, 12 de Enero de 2020: Fiesta del Bautismo del Se\u00f1or, ciclo A Primeras V\u00edsperas (el s\u00e1bado 11 por la tarde) Completas (el s\u00e1bado 11 por la noche) Lectura Espiritual Laudes Segundas V\u00edsperas Completas Lunes 13: Lectura Espiritual &hellip; <\/p>\n<p class=\"link-more\"><a href=\"https:\/\/fraynelson.com\/blog\/2020\/01\/11\/breve-ordo-para-la-semana-del-12-al-18-de-enero-de-2020\/\" class=\"more-link\">Continuar leyendo<span class=\"screen-reader-text\"> &#8220;Breve ordo para la semana<br \/>del 12 al 18 de Enero de 2020&#8243;<\/span><\/a><\/p>\n","protected":false},"author":1138,"featured_media":0,"comment_status":"closed","ping_status":"closed","sticky":false,"template":"","format":"standard","meta":{"footnotes":""},"categories":[1355,431],"tags":[],"class_list":["post-76789","post","type-post","status-publish","format-standard","hentry","category-ordo","category-liturgia"],"jetpack_featured_media_url":"","_links":{"self":[{"href":"https:\/\/fraynelson.com\/blog\/wp-json\/wp\/v2\/posts\/76789","targetHints":{"allow":["GET"]}}],"collection":[{"href":"https:\/\/fraynelson.com\/blog\/wp-json\/wp\/v2\/posts"}],"about":[{"href":"https:\/\/fraynelson.com\/blog\/wp-json\/wp\/v2\/types\/post"}],"author":[{"embeddable":true,"href":"https:\/\/fraynelson.com\/blog\/wp-json\/wp\/v2\/users\/1138"}],"replies":[{"embeddable":true,"href":"https:\/\/fraynelson.com\/blog\/wp-json\/wp\/v2\/comments?post=76789"}],"version-history":[{"count":7,"href":"https:\/\/fraynelson.com\/blog\/wp-json\/wp\/v2\/posts\/76789\/revisions"}],"predecessor-version":[{"id":76910,"href":"https:\/\/fraynelson.com\/blog\/wp-json\/wp\/v2\/posts\/76789\/revisions\/76910"}],"wp:attachment":[{"href":"https:\/\/fraynelson.com\/blog\/wp-json\/wp\/v2\/media?parent=76789"}],"wp:term":[{"taxonomy":"category","embeddable":true,"href":"https:\/\/fraynelson.com\/blog\/wp-json\/wp\/v2\/categories?post=76789"},{"taxonomy":"post_tag","embeddable":true,"href":"https:\/\/fraynelson.com\/blog\/wp-json\/wp\/v2\/tags?post=76789"}],"curies":[{"name":"wp","href":"https:\/\/api.w.org\/{rel}","templated":true}]}}