{"id":76525,"date":"2020-01-02T01:24:08","date_gmt":"2020-01-02T06:24:08","guid":{"rendered":"http:\/\/fraynelson.com\/blog\/?p=76525"},"modified":"2020-01-01T16:31:43","modified_gmt":"2020-01-01T21:31:43","slug":"oracion-para-el-comienzo-de-ano","status":"publish","type":"post","link":"https:\/\/fraynelson.com\/blog\/2020\/01\/02\/oracion-para-el-comienzo-de-ano\/","title":{"rendered":"Oraci\u00f3n para el comienzo de a\u00f1o"},"content":{"rendered":"<p>Se\u00f1or, t\u00fa me ofreces este a\u00f1o nuevo<br \/>\ncomo una vidriera a juntar<br \/>\ncon piezas de todos los colores<br \/>\nque representan los d\u00edas de mi vida.<br \/>\nPondr\u00e9 el rojo de mi amor y mi entusiasmo,<br \/>\nel malva de mis penas y mis duelos,<br \/>\nel verde de mis esperanzas y el rosado de mis sue\u00f1os,<br \/>\nel azul o el gris de mis compromisos o de mis luchas,<br \/>\nel amarillo y el oro de mi cosecha \u2026<br \/>\nreservar\u00e9 el blanco para los d\u00edas ordinarios.<br \/>\ny el negro para aquellos en los que estar\u00e9 ausente.<br \/>\nCementar\u00e9 el todo con la oraci\u00f3n de mi fe.<br \/>\ny con mi serena confianza en ti.<br \/>\nSe\u00f1or, te pido simplemente que ilumines desde el interior,<br \/>\neste vitral de mi vida a la luz de tu presencia y con el fuego de tu Esp\u00edritu de vida.<br \/>\nAs\u00ed, por transparencia, aquellos que yo encontrar\u00e9 este a\u00f1o,<br \/>\ndescubrir\u00e1n quiz\u00e1s el rostro de tu amado Hijo Jesucristo, Nuestro Se\u00f1or.<\/p>\n<p>Am\u00e9n.<\/p>\n<p><em>Oraci\u00f3n del sacerdote Gast\u00f3n Lecleir<\/em><\/p>\n","protected":false},"excerpt":{"rendered":"<p>Se\u00f1or, t\u00fa me ofreces este a\u00f1o nuevo como una vidriera a juntar con piezas de todos los colores que representan los d\u00edas de mi vida. Pondr\u00e9 el rojo de mi amor y mi entusiasmo, el malva de mis penas y mis duelos, el verde de mis esperanzas y el rosado de mis sue\u00f1os, el azul &hellip; <\/p>\n<p class=\"link-more\"><a href=\"https:\/\/fraynelson.com\/blog\/2020\/01\/02\/oracion-para-el-comienzo-de-ano\/\" class=\"more-link\">Continuar leyendo<span class=\"screen-reader-text\"> &#8220;Oraci\u00f3n para el comienzo de a\u00f1o&#8221;<\/span><\/a><\/p>\n","protected":false},"author":1138,"featured_media":0,"comment_status":"closed","ping_status":"closed","sticky":false,"template":"","format":"standard","meta":{"footnotes":""},"categories":[14],"tags":[],"class_list":["post-76525","post","type-post","status-publish","format-standard","hentry","category-oraciones-y-poesias"],"jetpack_featured_media_url":"","_links":{"self":[{"href":"https:\/\/fraynelson.com\/blog\/wp-json\/wp\/v2\/posts\/76525","targetHints":{"allow":["GET"]}}],"collection":[{"href":"https:\/\/fraynelson.com\/blog\/wp-json\/wp\/v2\/posts"}],"about":[{"href":"https:\/\/fraynelson.com\/blog\/wp-json\/wp\/v2\/types\/post"}],"author":[{"embeddable":true,"href":"https:\/\/fraynelson.com\/blog\/wp-json\/wp\/v2\/users\/1138"}],"replies":[{"embeddable":true,"href":"https:\/\/fraynelson.com\/blog\/wp-json\/wp\/v2\/comments?post=76525"}],"version-history":[{"count":1,"href":"https:\/\/fraynelson.com\/blog\/wp-json\/wp\/v2\/posts\/76525\/revisions"}],"predecessor-version":[{"id":76526,"href":"https:\/\/fraynelson.com\/blog\/wp-json\/wp\/v2\/posts\/76525\/revisions\/76526"}],"wp:attachment":[{"href":"https:\/\/fraynelson.com\/blog\/wp-json\/wp\/v2\/media?parent=76525"}],"wp:term":[{"taxonomy":"category","embeddable":true,"href":"https:\/\/fraynelson.com\/blog\/wp-json\/wp\/v2\/categories?post=76525"},{"taxonomy":"post_tag","embeddable":true,"href":"https:\/\/fraynelson.com\/blog\/wp-json\/wp\/v2\/tags?post=76525"}],"curies":[{"name":"wp","href":"https:\/\/api.w.org\/{rel}","templated":true}]}}