{"id":748,"date":"2005-08-21T14:34:28","date_gmt":"2005-08-21T19:34:28","guid":{"rendered":"374832313"},"modified":"2005-08-21T14:36:30","modified_gmt":"2005-08-21T14:36:30","slug":"717_3","status":"publish","type":"post","link":"https:\/\/fraynelson.com\/blog\/2005\/08\/21\/717_3\/","title":{"rendered":"La melod\u00eda de hoy"},"content":{"rendered":"<p><a href=\"http:\/\/fraynelson.com\/conferencias\/day_is_done.mp3\">Esta canci\u00f3n<\/a> me ha llenado el d\u00eda de hoy. Ma\u00f1ana les cuento por qu\u00e9. <\/p>\n","protected":false},"excerpt":{"rendered":"<p>Esta canci\u00f3n me ha llenado el d\u00eda de hoy. Ma\u00f1ana les cuento por qu\u00e9.<\/p>\n","protected":false},"author":1138,"featured_media":0,"comment_status":"open","ping_status":"open","sticky":false,"template":"","format":"standard","meta":{"footnotes":""},"categories":[62],"tags":[],"class_list":["post-748","post","type-post","status-publish","format-standard","hentry","category-cantos-musica-litugia"],"jetpack_featured_media_url":"","_links":{"self":[{"href":"https:\/\/fraynelson.com\/blog\/wp-json\/wp\/v2\/posts\/748","targetHints":{"allow":["GET"]}}],"collection":[{"href":"https:\/\/fraynelson.com\/blog\/wp-json\/wp\/v2\/posts"}],"about":[{"href":"https:\/\/fraynelson.com\/blog\/wp-json\/wp\/v2\/types\/post"}],"author":[{"embeddable":true,"href":"https:\/\/fraynelson.com\/blog\/wp-json\/wp\/v2\/users\/1138"}],"replies":[{"embeddable":true,"href":"https:\/\/fraynelson.com\/blog\/wp-json\/wp\/v2\/comments?post=748"}],"version-history":[{"count":0,"href":"https:\/\/fraynelson.com\/blog\/wp-json\/wp\/v2\/posts\/748\/revisions"}],"wp:attachment":[{"href":"https:\/\/fraynelson.com\/blog\/wp-json\/wp\/v2\/media?parent=748"}],"wp:term":[{"taxonomy":"category","embeddable":true,"href":"https:\/\/fraynelson.com\/blog\/wp-json\/wp\/v2\/categories?post=748"},{"taxonomy":"post_tag","embeddable":true,"href":"https:\/\/fraynelson.com\/blog\/wp-json\/wp\/v2\/tags?post=748"}],"curies":[{"name":"wp","href":"https:\/\/api.w.org\/{rel}","templated":true}]}}