{"id":741,"date":"2005-08-19T01:52:20","date_gmt":"2005-08-19T06:52:20","guid":{"rendered":"391067264"},"modified":"2005-08-19T03:58:26","modified_gmt":"2005-08-19T03:58:26","slug":"716","status":"publish","type":"post","link":"https:\/\/fraynelson.com\/blog\/2005\/08\/19\/716\/","title":{"rendered":"No tenemos que repetir a nadie"},"content":{"rendered":"<p>Hay en nosotros los latinos limitaciones pero tambi\u00e9n un maravilloso potencial. cada regi\u00f3n, cada cultura, cada pueblo tiene sus propias riquezas y, si bien es cierto que hay que reconocer los atavismos, los pasos hacia adelante brotan siempre de las fortalezas que tenemos, de las capacidades y habilidades que han crecido en nosotros y con nosotros. Sin chauvinismos, valorar lo nuestro.<!--more--><\/p>\n<p><p><strong>1. Un concepto prevalente de <em>familia extensa<\/em><\/strong><\/p>\n<p><p>No s\u00e9 si es algo ligado a la cultura rural. Es posible, y en esa medida es posible que se disuelva si el urbanismo a ultranza reina en todas partes. En cualquier caso, la familia extensa, aquella donde el abuelo y la t\u00eda soltera tienen siempre un lugar, aquella en que tener primos significa algo en t\u00e9rminos de riqueza humana, es un valor inmenso que sirve de base a una cultura en defensa de la vida.<\/p>\n<p><p><strong>2. Somos connaturales al concepto de gratuidad<\/strong><\/p>\n<p><p>El tr\u00f3pico en que se halla la mayor\u00eda de nuestros pa\u00edses, y que en todo caso deja su impronta en toda Latinoam\u00e9rica, es probablemente la zona geogr\u00e1fica m\u00e1s generosa de este planeta. Por algo la gente muy seria del Norte busca el clima grato, el ambiente relajado, la sensaci\u00f3n de distensi\u00f3n que abunda en nuestras latitudes. Algunos irlandeses he conocido, por ejemplo, que &#8220;se convirtieron&#8221; al tr\u00f3pico y descubrieron que era simplemente maravilloso no tener que ganarse todas las sonrisas.<\/p>\n<p><p><strong>3. Miles de kil\u00f3metros con una sola lengua<\/strong><\/p>\n<p><p>Hay idiomas y lenguas de venerable ancestro ind\u00edgena en Latinoam\u00e9rica pero la <em>lingua franca<\/em> es el espa\u00f1ol. Nuestro idioma no es el de mayor riqueza sem\u00e1ntica, si miramos el tama\u00f1o de los diccionarios o de los alfabetos. Pero, \u00bfno significa algo que haya escuchado a m\u00e1s de un angloparlante de nacimiento decir que en las sutilezas y delicadezas del coraz\u00f3n humano va de lejos el espa\u00f1ol? Su gram\u00e1tica consistente que permite frases amplias, la riqueza y balance de adjetivos, su proximidad a las im\u00e1genes y s\u00edmiles de diverso estilo, dan una expresividad \u00fanica a nuestra lengua.<\/p>\n<p><p><strong>4. Prelaci\u00f3n de la perspectiva hol\u00edstica<\/strong><\/p>\n<p><p>El pensamiento pragmatista es l\u00f3gico, anal\u00edtico y privilegia la especializaci\u00f3n. Luego no encuentra f\u00e1cil alcanzar visiones de conjunto. Las busca en un nuevo an\u00e1lisis, a trav\u00e9s de la filosof\u00eda, o en experiencias m\u00edsticas o esot\u00e9ricas. Lo primero queda reservado en la pr\u00e1ctica a una \u00e9lite; lo segundo puede dar santos, o una oleada de palabrer\u00eda (tipo New Age) seguida de otra de agnosticismo (como sucede hoy). Es curioso que en tales circunstancias Occidente vuelve la mirada hacia el ancestro ind\u00edgena americano, ansiando un enfoque que provea integraci\u00f3n con la Naturaleza, con el Universo, con todos los seres humanos&#8230; Tales aspiraciones no son ajenas a la entra\u00f1a latina, que se ha acostumbrado a pensar en el mundo como hogar y no s\u00f3lo como cantera, bodega o f\u00e1brica.<\/p>\n<p><p><strong>5. Sentido de la fiesta<\/strong><\/p>\n<p><p>Una palabra que ha pasado al uso internacional: fiesta. Puede ser un nombre m\u00e1s para la indolencia o puede ser la respuesta real a una cantidad de anhelos del coraz\u00f3n humano que, si no hallan salida, se vuelven patolog\u00edas espantosas. La fiesta bien entendida es la respiraci\u00f3n y descanso de un pueblo. Es tambi\u00e9n un modo de decir qu\u00e9 sentido tiene existir pues si uno no espera una fiesta no espera nada que valga la pena.<\/p>\n","protected":false},"excerpt":{"rendered":"<p>Hay en nosotros los latinos limitaciones pero tambi\u00e9n un maravilloso potencial. cada regi\u00f3n, cada cultura, cada pueblo tiene sus propias riquezas y, si bien es cierto que hay que reconocer los atavismos, los pasos hacia adelante brotan siempre de las fortalezas que tenemos, de las capacidades y habilidades que han crecido en nosotros y con &hellip; <\/p>\n<p class=\"link-more\"><a href=\"https:\/\/fraynelson.com\/blog\/2005\/08\/19\/716\/\" class=\"more-link\">Continuar leyendo<span class=\"screen-reader-text\"> &#8220;No tenemos que repetir a nadie&#8221;<\/span><\/a><\/p>\n","protected":false},"author":1138,"featured_media":0,"comment_status":"open","ping_status":"open","sticky":false,"template":"","format":"standard","meta":{"footnotes":""},"categories":[49],"tags":[],"class_list":["post-741","post","type-post","status-publish","format-standard","hentry","category-latinoamerica-colombia"],"jetpack_featured_media_url":"","_links":{"self":[{"href":"https:\/\/fraynelson.com\/blog\/wp-json\/wp\/v2\/posts\/741","targetHints":{"allow":["GET"]}}],"collection":[{"href":"https:\/\/fraynelson.com\/blog\/wp-json\/wp\/v2\/posts"}],"about":[{"href":"https:\/\/fraynelson.com\/blog\/wp-json\/wp\/v2\/types\/post"}],"author":[{"embeddable":true,"href":"https:\/\/fraynelson.com\/blog\/wp-json\/wp\/v2\/users\/1138"}],"replies":[{"embeddable":true,"href":"https:\/\/fraynelson.com\/blog\/wp-json\/wp\/v2\/comments?post=741"}],"version-history":[{"count":0,"href":"https:\/\/fraynelson.com\/blog\/wp-json\/wp\/v2\/posts\/741\/revisions"}],"wp:attachment":[{"href":"https:\/\/fraynelson.com\/blog\/wp-json\/wp\/v2\/media?parent=741"}],"wp:term":[{"taxonomy":"category","embeddable":true,"href":"https:\/\/fraynelson.com\/blog\/wp-json\/wp\/v2\/categories?post=741"},{"taxonomy":"post_tag","embeddable":true,"href":"https:\/\/fraynelson.com\/blog\/wp-json\/wp\/v2\/tags?post=741"}],"curies":[{"name":"wp","href":"https:\/\/api.w.org\/{rel}","templated":true}]}}