{"id":739,"date":"2005-08-16T09:31:11","date_gmt":"2005-08-16T14:31:11","guid":{"rendered":"1068582652"},"modified":"2005-08-16T09:46:37","modified_gmt":"2005-08-16T09:46:37","slug":"714","status":"publish","type":"post","link":"https:\/\/fraynelson.com\/blog\/2005\/08\/16\/714\/","title":{"rendered":"Cuando yo era ni\u00f1o se acabaron los pobres"},"content":{"rendered":"<p>Soy lo suficientemente mayor para recordar que en mi primera infancia hab\u00eda pa\u00edses pobres y pa\u00edses ricos. Luego ya no hubo m\u00e1s pa\u00edses &#8220;pobres&#8221; sino pa\u00edses &#8220;subdesarrollados.&#8221; Y luego tampoco estos, sino pa\u00edses &#8220;en v\u00edas de desarrollo.&#8221; M\u00e1s tarde se critic\u00f3 la expresi\u00f3n &#8220;desarrollo,&#8221; sobre la base de que la idea misma de desarrollar un pa\u00eds implica que todos los pa\u00edses (y culturas) tienen que seguir b\u00e1sicamente unos mismos pasos y dirigirse hacia un mismo destino.<\/p>\n<p><!--more--><\/p>\n<p>Algo parecido sucedi\u00f3 con la historia de los &#8220;mundos.&#8221; Presumo que mucha gente (joven) hoy no sabe de d\u00f3nde proviene aquello de pa\u00edses del &#8220;Tercer Mundo,&#8221; que tiene <a href=\"http:\/\/es.wikipedia.org\/wiki\/Tercer_mundo\" target=\"_blank\">su propia historia<\/a>. Ca\u00eddo, o por lo menos desarticulado, el &#8220;Segundo Mundo&#8221; &#8211;el bloque de rep\u00fablicas socialistas sovi\u00e9ticas&#8211;, el t\u00e9rmino sobrevive como un f\u00f3sil sociol\u00f3gico contempor\u00e1neo, aunque se ha intentado cambiarlo. Vagamente recuerdo, por ejemplo, que alguien hablaba de cinco &#8220;mundos,&#8221; aludiendo a las realidades de Asia y de Africa, tal vez.<\/p>\n<p><p>Mi inter\u00e9s en este momento no va por la terminolog\u00eda, sin embargo. Todo empieza con un <em>grafitti<\/em> que vi hace a\u00f1os en el ag\u00fan puente en Bogot\u00e1: &#8220;El subdesarrollo est\u00e1 en la mente.&#8221;<\/p>\n<p><p>Por supuesto, como cristiano convencido, y como enamorado del misterio de la gracia, no predicar\u00e9 yo la autoredenci\u00f3n. S\u00e9 muy bien que los esfuerzos puramente humanos se quedan cortos por una raz\u00f3n b\u00e1sica: la misma inteligencia que hace un t\u00fanel hace una bomba. La bondad no puede ense\u00f1arse por cat\u00e1logo y manual. Lo que la sociedad puede hacer es multiplicar las oportunidades de que lo bueno y quienes lo quieren sean suficientemente fuertes, sabios, humildes y felices como para asegurar su continuidad y avance.<\/p>\n<p><p>Dicho eso, s\u00ed creo que hay estrategias que pueden cambiar dram\u00e1ticamente la suerte de nuestros pueblos, y estoy pensando particularmente en los pa\u00edses de Latinoam\u00e9rica.<\/p>\n<p><p>Ya seguiremos, con la bondad de Dios.<\/p>\n<p>\n","protected":false},"excerpt":{"rendered":"<p>Soy lo suficientemente mayor para recordar que en mi primera infancia hab\u00eda pa\u00edses pobres y pa\u00edses ricos. Luego ya no hubo m\u00e1s pa\u00edses &#8220;pobres&#8221; sino pa\u00edses &#8220;subdesarrollados.&#8221; Y luego tampoco estos, sino pa\u00edses &#8220;en v\u00edas de desarrollo.&#8221; M\u00e1s tarde se critic\u00f3 la expresi\u00f3n &#8220;desarrollo,&#8221; sobre la base de que la idea misma de desarrollar un &hellip; <\/p>\n<p class=\"link-more\"><a href=\"https:\/\/fraynelson.com\/blog\/2005\/08\/16\/714\/\" class=\"more-link\">Continuar leyendo<span class=\"screen-reader-text\"> &#8220;Cuando yo era ni\u00f1o se acabaron los pobres&#8221;<\/span><\/a><\/p>\n","protected":false},"author":1138,"featured_media":0,"comment_status":"open","ping_status":"open","sticky":false,"template":"","format":"standard","meta":{"footnotes":""},"categories":[49],"tags":[],"class_list":["post-739","post","type-post","status-publish","format-standard","hentry","category-latinoamerica-colombia"],"jetpack_featured_media_url":"","_links":{"self":[{"href":"https:\/\/fraynelson.com\/blog\/wp-json\/wp\/v2\/posts\/739","targetHints":{"allow":["GET"]}}],"collection":[{"href":"https:\/\/fraynelson.com\/blog\/wp-json\/wp\/v2\/posts"}],"about":[{"href":"https:\/\/fraynelson.com\/blog\/wp-json\/wp\/v2\/types\/post"}],"author":[{"embeddable":true,"href":"https:\/\/fraynelson.com\/blog\/wp-json\/wp\/v2\/users\/1138"}],"replies":[{"embeddable":true,"href":"https:\/\/fraynelson.com\/blog\/wp-json\/wp\/v2\/comments?post=739"}],"version-history":[{"count":0,"href":"https:\/\/fraynelson.com\/blog\/wp-json\/wp\/v2\/posts\/739\/revisions"}],"wp:attachment":[{"href":"https:\/\/fraynelson.com\/blog\/wp-json\/wp\/v2\/media?parent=739"}],"wp:term":[{"taxonomy":"category","embeddable":true,"href":"https:\/\/fraynelson.com\/blog\/wp-json\/wp\/v2\/categories?post=739"},{"taxonomy":"post_tag","embeddable":true,"href":"https:\/\/fraynelson.com\/blog\/wp-json\/wp\/v2\/tags?post=739"}],"curies":[{"name":"wp","href":"https:\/\/api.w.org\/{rel}","templated":true}]}}