{"id":737,"date":"2005-08-15T10:23:06","date_gmt":"2005-08-15T15:23:06","guid":{"rendered":"1840398821"},"modified":"2005-08-15T10:23:06","modified_gmt":"2005-08-15T10:23:06","slug":"713","status":"publish","type":"post","link":"https:\/\/fraynelson.com\/blog\/2005\/08\/15\/713\/","title":{"rendered":"25 a\u00f1os"},"content":{"rendered":"<p>El 15 de Agosto de 1980, en presencia de dos padres dominicos que todav\u00eda viven, y de quienes he vivido y morir\u00e9 agradecido, los reverendos Ernesto Mora y Luis F. Pardo, mientras celebr\u00e1bamos la Eucarist\u00eda solemne en nuestro grupo de oraci\u00f3n, con motivo de la fiesta de hoy, la Asunci\u00f3n de la Virgen Mar\u00eda, quiso Dios llamarme por primera vez al camino del sacerdocio.<\/p>\n<p><!--more--><\/p>\n<p>Doy p\u00fablico testimonio de la misericordia que me llam\u00f3 y que me hizo capaz de vencer obst\u00e1culos &#8211;en especial la pobreza de mi exiguo amor a Dios&#8211; para llegar a este d\u00eda y esta hora.<\/p>\n<p><p>Desde aqu\u00ed en Dubl\u00edn, donde hoy por coincidencia me ha correspondido presidir la Misa Conventual, digo de coraz\u00f3n: \u00a1Gracias, Se\u00f1or!, y tambi\u00e9n digo: \u00a1Gracias, Se\u00f1ora!<\/p>\n<p><p>Este es el texto de mi homil\u00eda de hoy:<\/p>\n<blockquote>\n<p>What are we celebrating? This feast has a somewhat mysterious name: the assumption of the Blessed Virgin Mary. What do we mean by that?<\/p>\n<p><p>Well, essentially we are celebrating the completion of the work of Christ&#8217;s grace in all the extension of Mary&#8217;s life. When we say that she was assumed &#8220;in body and soul&#8221; into heaven, we are speaking of Christ&#8217;s redemption. This is an important point, for, in fact, every feast of the Blessed Virgin in our liturgical calendar is nothing else but a way of proclaiming how good, how great, how reliable is the message of the Gospel we all believe in.<\/p>\n<p><p>Christ&#8217;s preaching regarded both body and soul. He manifested God&#8217;s mercy and tenderness in healing so many sick people! Many experienced they were truly loved simply because their wretched bodies were cured and made whole anew by the inexhaustible power of our Lord. Nonetheless, all those who were actually healed became real signs of something even deeper, namely, the salvation. We cannot touch directly the salvation as we can touch the cured limbs of a formerly crippled person. Therefore, through visible signs our beloved Saviour led his people towards invisible but perfectly real things. The very end of his mission was the perfect reconciliation between God and man, and the bodily works he performed stood as pointing signs of this heavenly goal.<\/p>\n<p><p>We can see, here and there, some aspects of the message of Christ at work. However, as human beings we always need clear and clearer indicators. Life is blurry many times and the road is long. To our consolation we got in Mary an outstanding sign of every dimension and part of Christ&#8217;s ministry. Her body and her soul, her heart and her mind, her words and her feelings: everything within her is a testimony of the most important thing we can learn in a lifetime, that is: what can God make for me?<\/p>\n<p><p>The life of our Lord came to an end through the sorrowful passion and glorious resurrection. So, what else can we expect for the followers of Christ but partaking a portion of his cup of suffering, and sharing the banquet of his glorious triumph? That is what we contemplate with awe and immense gratitude in the body and soul of our Lady. She, who shared more than anyone the cup of suffering, shares now, better than anyone, the glory of his beloved Son, our Lord Jesus Christ.<\/p>\n<p><p>As we continue this celebration, we behold our own destination. Mary could seem distant, so well assumed in heaven. But heaven itself is our home: is the normal end of every Christian believer, of every child of God our Father.<\/p><\/blockquote>\n","protected":false},"excerpt":{"rendered":"<p>El 15 de Agosto de 1980, en presencia de dos padres dominicos que todav\u00eda viven, y de quienes he vivido y morir\u00e9 agradecido, los reverendos Ernesto Mora y Luis F. Pardo, mientras celebr\u00e1bamos la Eucarist\u00eda solemne en nuestro grupo de oraci\u00f3n, con motivo de la fiesta de hoy, la Asunci\u00f3n de la Virgen Mar\u00eda, quiso &hellip; <\/p>\n<p class=\"link-more\"><a href=\"https:\/\/fraynelson.com\/blog\/2005\/08\/15\/713\/\" class=\"more-link\">Continuar leyendo<span class=\"screen-reader-text\"> &#8220;25 a\u00f1os&#8221;<\/span><\/a><\/p>\n","protected":false},"author":1138,"featured_media":0,"comment_status":"open","ping_status":"open","sticky":false,"template":"","format":"standard","meta":{"footnotes":""},"categories":[3],"tags":[],"class_list":["post-737","post","type-post","status-publish","format-standard","hentry","category-noticias-personales"],"jetpack_featured_media_url":"","_links":{"self":[{"href":"https:\/\/fraynelson.com\/blog\/wp-json\/wp\/v2\/posts\/737","targetHints":{"allow":["GET"]}}],"collection":[{"href":"https:\/\/fraynelson.com\/blog\/wp-json\/wp\/v2\/posts"}],"about":[{"href":"https:\/\/fraynelson.com\/blog\/wp-json\/wp\/v2\/types\/post"}],"author":[{"embeddable":true,"href":"https:\/\/fraynelson.com\/blog\/wp-json\/wp\/v2\/users\/1138"}],"replies":[{"embeddable":true,"href":"https:\/\/fraynelson.com\/blog\/wp-json\/wp\/v2\/comments?post=737"}],"version-history":[{"count":0,"href":"https:\/\/fraynelson.com\/blog\/wp-json\/wp\/v2\/posts\/737\/revisions"}],"wp:attachment":[{"href":"https:\/\/fraynelson.com\/blog\/wp-json\/wp\/v2\/media?parent=737"}],"wp:term":[{"taxonomy":"category","embeddable":true,"href":"https:\/\/fraynelson.com\/blog\/wp-json\/wp\/v2\/categories?post=737"},{"taxonomy":"post_tag","embeddable":true,"href":"https:\/\/fraynelson.com\/blog\/wp-json\/wp\/v2\/tags?post=737"}],"curies":[{"name":"wp","href":"https:\/\/api.w.org\/{rel}","templated":true}]}}