{"id":71997,"date":"2019-06-15T11:37:58","date_gmt":"2019-06-15T16:37:58","guid":{"rendered":"http:\/\/fraynelson.com\/blog\/?p=71997"},"modified":"2019-06-15T11:37:58","modified_gmt":"2019-06-15T16:37:58","slug":"es-la-paz-efecto-propio-de-la-caridad","status":"publish","type":"post","link":"https:\/\/fraynelson.com\/blog\/2019\/06\/15\/es-la-paz-efecto-propio-de-la-caridad\/","title":{"rendered":"\u00bfEs la paz efecto propio de la caridad?"},"content":{"rendered":"<p>La paz, como queda dicho (a.1), implica esencialmente doble uni\u00f3n: la que resulta de la ordenaci\u00f3n de los propios apetitos en uno mismo, y la que se realiza por la concordia del apetito propio con el ajeno. Tanto una como otra uni\u00f3n la produce la caridad. Produce la primera por el hecho de que Dios es amado con todo el coraz\u00f3n, de tal manera que todo lo refiramos a El, y de esta manera todos nuestros deseos convergen en el mismo fin. Produce tambi\u00e9n la segunda en cuanto amamos al pr\u00f3jimo como a nosotros mismos; por eso quiere cumplir el hombre la voluntad del pr\u00f3jimo como la suya. Por esta raz\u00f3n, entre los elementos de la amistad ha puesto el Fil\u00f3sofo, en IX Ethic., la identidad de gustos, y Tulio, en el libro De Amicitia, expone que entre amigos hay un mismo querer y un mismo no querer. (<em>S. Th., II-II, q.29, a.3, resp.<\/em>)<\/p>\n<hr \/>\n<p>[Estos fragmentos han sido tomados de la <em>Suma Teol\u00f3gica<\/em> de Santo Tom\u00e1s, en la segunda secci\u00f3n de la segunda parte. Pueden leerse en orden los fragmentos publicados haciendo clic <a href=\"https:\/\/fraynelson.com\/blog\/categorias\/santo_tomas\/suma-teologica-fragmentos\/?order=ASC\">aqu\u00ed<\/a>.]<\/p>\n","protected":false},"excerpt":{"rendered":"<p>La paz, como queda dicho (a.1), implica esencialmente doble uni\u00f3n: la que resulta de la ordenaci\u00f3n de los propios apetitos en uno mismo, y la que se realiza por la concordia del apetito propio con el ajeno. Tanto una como otra uni\u00f3n la produce la caridad. Produce la primera por el hecho de que Dios &hellip; <\/p>\n<p class=\"link-more\"><a href=\"https:\/\/fraynelson.com\/blog\/2019\/06\/15\/es-la-paz-efecto-propio-de-la-caridad\/\" class=\"more-link\">Continuar leyendo<span class=\"screen-reader-text\"> &#8220;\u00bfEs la paz efecto propio de la caridad?&#8221;<\/span><\/a><\/p>\n","protected":false},"author":1138,"featured_media":0,"comment_status":"closed","ping_status":"closed","sticky":false,"template":"","format":"standard","meta":{"footnotes":""},"categories":[443,406,1270],"tags":[],"class_list":["post-71997","post","type-post","status-publish","format-standard","hentry","category-caridad","category-paz","category-suma-teologica-fragmentos"],"jetpack_featured_media_url":"","_links":{"self":[{"href":"https:\/\/fraynelson.com\/blog\/wp-json\/wp\/v2\/posts\/71997","targetHints":{"allow":["GET"]}}],"collection":[{"href":"https:\/\/fraynelson.com\/blog\/wp-json\/wp\/v2\/posts"}],"about":[{"href":"https:\/\/fraynelson.com\/blog\/wp-json\/wp\/v2\/types\/post"}],"author":[{"embeddable":true,"href":"https:\/\/fraynelson.com\/blog\/wp-json\/wp\/v2\/users\/1138"}],"replies":[{"embeddable":true,"href":"https:\/\/fraynelson.com\/blog\/wp-json\/wp\/v2\/comments?post=71997"}],"version-history":[{"count":1,"href":"https:\/\/fraynelson.com\/blog\/wp-json\/wp\/v2\/posts\/71997\/revisions"}],"predecessor-version":[{"id":71999,"href":"https:\/\/fraynelson.com\/blog\/wp-json\/wp\/v2\/posts\/71997\/revisions\/71999"}],"wp:attachment":[{"href":"https:\/\/fraynelson.com\/blog\/wp-json\/wp\/v2\/media?parent=71997"}],"wp:term":[{"taxonomy":"category","embeddable":true,"href":"https:\/\/fraynelson.com\/blog\/wp-json\/wp\/v2\/categories?post=71997"},{"taxonomy":"post_tag","embeddable":true,"href":"https:\/\/fraynelson.com\/blog\/wp-json\/wp\/v2\/tags?post=71997"}],"curies":[{"name":"wp","href":"https:\/\/api.w.org\/{rel}","templated":true}]}}