{"id":71534,"date":"2019-05-26T11:11:11","date_gmt":"2019-05-26T16:11:11","guid":{"rendered":"http:\/\/fraynelson.com\/blog\/?p=71534"},"modified":"2019-05-25T23:15:06","modified_gmt":"2019-05-26T04:15:06","slug":"la-misionera-espanola-asesinada-en-africa-fue-victima-de-la-brujeria","status":"publish","type":"post","link":"https:\/\/fraynelson.com\/blog\/2019\/05\/26\/la-misionera-espanola-asesinada-en-africa-fue-victima-de-la-brujeria\/","title":{"rendered":"La misionera espa\u00f1ola asesinada en \u00c1frica fue \u00abv\u00edctima de la brujer\u00eda\u00bb"},"content":{"rendered":"<p>\u00abEn esta zona ubicada al oeste del pa\u00eds, en la frontera con Camer\u00fan, hay minas de diamantes y personas que utilizan la brujer\u00eda. Ellos creen que la sangre fresca, incluso de los seres humanos, les trae suerte en la b\u00fasqueda de estas piedras preciosas\u00bb, indic\u00f3 monse\u00f1or Aguirre. Este obispo comboniano, que lleva en el pa\u00eds m\u00e1s de 40 a\u00f1os, descart\u00f3 que el asesinato estuviera relacionado (como se pens\u00f3 en un primer momento) con el tr\u00e1fico de \u00f3rganos, muy habitual en este pa\u00eds africano.<\/p>\n<p><a href=\"https:\/\/www.evernote.com\/shard\/s254\/sh\/0ac4543c-12e6-435b-b762-e05ba0c1200d\/21e626c07b0e0a53349352178f8bd386\" rel=\"noopener noreferrer\" target=\"_blank\"><img decoding=\"async\" src=\"http:\/\/fraynelson.com\/banco_imagenes\/recomendados\/20190528.jpg\" alt=\"\" \/><\/p>\n<p>Haz clic aqu\u00ed!<\/a><\/p>\n","protected":false},"excerpt":{"rendered":"<p>\u00abEn esta zona ubicada al oeste del pa\u00eds, en la frontera con Camer\u00fan, hay minas de diamantes y personas que utilizan la brujer\u00eda. Ellos creen que la sangre fresca, incluso de los seres humanos, les trae suerte en la b\u00fasqueda de estas piedras preciosas\u00bb, indic\u00f3 monse\u00f1or Aguirre. Este obispo comboniano, que lleva en el pa\u00eds &hellip; <\/p>\n<p class=\"link-more\"><a href=\"https:\/\/fraynelson.com\/blog\/2019\/05\/26\/la-misionera-espanola-asesinada-en-africa-fue-victima-de-la-brujeria\/\" class=\"more-link\">Continuar leyendo<span class=\"screen-reader-text\"> &#8220;La misionera espa\u00f1ola asesinada en \u00c1frica fue \u00abv\u00edctima de la brujer\u00eda\u00bb&#8221;<\/span><\/a><\/p>\n","protected":false},"author":1138,"featured_media":0,"comment_status":"closed","ping_status":"closed","sticky":false,"template":"","format":"standard","meta":{"footnotes":""},"categories":[866,620,704,396],"tags":[],"class_list":["post-71534","post","type-post","status-publish","format-standard","hentry","category-africa","category-enlaces","category-martirio","category-religiosas"],"jetpack_featured_media_url":"","_links":{"self":[{"href":"https:\/\/fraynelson.com\/blog\/wp-json\/wp\/v2\/posts\/71534","targetHints":{"allow":["GET"]}}],"collection":[{"href":"https:\/\/fraynelson.com\/blog\/wp-json\/wp\/v2\/posts"}],"about":[{"href":"https:\/\/fraynelson.com\/blog\/wp-json\/wp\/v2\/types\/post"}],"author":[{"embeddable":true,"href":"https:\/\/fraynelson.com\/blog\/wp-json\/wp\/v2\/users\/1138"}],"replies":[{"embeddable":true,"href":"https:\/\/fraynelson.com\/blog\/wp-json\/wp\/v2\/comments?post=71534"}],"version-history":[{"count":1,"href":"https:\/\/fraynelson.com\/blog\/wp-json\/wp\/v2\/posts\/71534\/revisions"}],"predecessor-version":[{"id":71535,"href":"https:\/\/fraynelson.com\/blog\/wp-json\/wp\/v2\/posts\/71534\/revisions\/71535"}],"wp:attachment":[{"href":"https:\/\/fraynelson.com\/blog\/wp-json\/wp\/v2\/media?parent=71534"}],"wp:term":[{"taxonomy":"category","embeddable":true,"href":"https:\/\/fraynelson.com\/blog\/wp-json\/wp\/v2\/categories?post=71534"},{"taxonomy":"post_tag","embeddable":true,"href":"https:\/\/fraynelson.com\/blog\/wp-json\/wp\/v2\/tags?post=71534"}],"curies":[{"name":"wp","href":"https:\/\/api.w.org\/{rel}","templated":true}]}}