{"id":71446,"date":"2019-05-21T14:22:55","date_gmt":"2019-05-21T19:22:55","guid":{"rendered":"http:\/\/fraynelson.com\/blog\/?p=71446"},"modified":"2019-05-21T14:22:55","modified_gmt":"2019-05-21T19:22:55","slug":"alimento-20190523","status":"publish","type":"post","link":"https:\/\/fraynelson.com\/blog\/2019\/05\/21\/alimento-20190523\/","title":{"rendered":"ALIMENTO 20190523"},"content":{"rendered":"<div align=\"center\">\n<p><b>[<\/b> <a href=\"https:\/\/fraynelson.com\/blog\/2019\/05\/21\/alimento-20190523\/\" target=\"_blank\" rel=\"noopener noreferrer\">Ver en la WEB<\/a> <b>] [<\/b> <a href=\"http:\/\/fraynelson.com\/suscripciones.html\" target=\"_blank\" rel=\"noopener noreferrer\">Suscribirse \/ Darse de baja<\/a> <b>]<\/b><\/p>\n<\/div>\n<p><!--more--><\/p>\n<table border=\"0\" width=\"80%\" cellspacing=\"2\" cellpadding=\"2\" align=\"center\" bgcolor=\"#ffffcc\">\n<tbody>\n<tr>\n<td>\n<div align=\"center\">\n<table border=\"0\" cellspacing=\"0\" cellpadding=\"0\" align=\"center\" bgcolor=\"#ffffff\">\n<tbody>\n<tr>\n<td colspan=\"2\" bgcolor=\"#ffffcc\">\n<div align=\"center\"><img decoding=\"async\" src=\"http:\/\/fraynelson.com\/banco_imagenes\/casita.jpg\" height=\"115\" \/><\/div>\n<\/td>\n<\/tr>\n<tr>\n<td colspan=\"2\" bgcolor=\"#ffffff\" height=\"1\">\n<div align=\"center\"><span style=\"color: #ffffff; font-family: Arial, Helvetica, sans-serif; font-size: xx-small;\"><img decoding=\"async\" src=\"http:\/\/fraynelson.com\/_blnk.gif\" height=\"1\" vspace=\"1\" \/><\/span><\/div>\n<\/td>\n<\/tr>\n<tr>\n<td colspan=\"2\" bgcolor=\"#ffffff\" height=\"1\">\n<div align=\"center\">\n<table border=\"0\" width=\"98%\" cellspacing=\"0\" cellpadding=\"0\" align=\"center\" bgcolor=\"#590b00\">\n<tbody>\n<tr>\n<td width=\"5\" height=\"45\"><\/td>\n<td>\n<div align=\"center\">\n<p><span class=\"resaltado\"><span style=\"color: #ffffcc; font-family: Arial, Helvetica, sans-serif; font-size: medium;\"><strong>Alimento del Alma<\/strong><\/span><strong><br \/>\n<span style=\"color: #ffffcc; font-family: Arial, Helvetica, sans-serif; font-size: small;\">Jueves 23 de mayo de 2019<\/span><\/strong><\/span><br \/>\n<span style=\"color: #ffffcc; font-family: Arial, Helvetica, sans-serif; font-size: xx-small;\"><span class=\"cierre\">Convento de Santo Domingo, Bogot\u00e1, COLOMBIA.<br \/>\nTel. +57 (1) 249-3385<\/span><\/span><\/p>\n<\/div>\n<\/td>\n<td bgcolor=\"#ffcc99\">\n<div align=\"center\"><span style=\"color: #590b00; font-family: Arial, Helvetica, sans-serif; font-size: small;\"><strong>No. 9958<\/strong><\/span><\/div>\n<\/td>\n<\/tr>\n<\/tbody>\n<\/table>\n<\/div>\n<\/td>\n<\/tr>\n<tr>\n<td colspan=\"2\">\n<table border=\"0\" cellspacing=\"2\" cellpadding=\"2\" align=\"center\">\n<tbody>\n<tr>\n<td valign=\"top\" bgcolor=\"#ffffdd\" height=\"2989\">\n<table border=\"0\" width=\"98%\" align=\"center\">\n<tbody>\n<tr>\n<td colspan=\"2\" bgcolor=\"#ffcc99\">\n<div align=\"center\"><span style=\"color: #590b00; font-family: Verdana, Arial, Helvetica, sans-serif; font-size: small;\"><strong>Cada d\u00eda tiene su gracia&#8230;<\/strong><\/span><\/div>\n<\/td>\n<\/tr>\n<tr bgcolor=\"#ffffff\">\n<td>\n<p align=\"center\"><a href=\"http:\/\/is.gd\/fraynelson20190523\" target=\"_blank\" rel=\"noopener noreferrer\"><img decoding=\"async\" src=\"http:\/\/fraynelson.com\/banco_imagenes\/b_lagracia.png\" border=\"0\" \/><\/a><\/p>\n<\/td>\n<\/tr>\n<tr>\n<td colspan=\"2\" bgcolor=\"#ffcc99\"><\/td>\n<\/tr>\n<\/tbody>\n<\/table>\n<p>&nbsp;<\/p>\n<p align=\"center\"><a href=\"http:\/\/www.vatican.va\" target=\"_blank\" rel=\"noopener noreferrer\"><img decoding=\"async\" src=\"http:\/\/fraynelson.com\/banco_imagenes\/boletin_izq_013.jpg\" border=\"0\" \/><\/a><\/p>\n<p>&nbsp;<\/p>\n<table border=\"0\" width=\"98%\" align=\"center\">\n<tbody>\n<tr>\n<td colspan=\"2\" bgcolor=\"#ffcc99\">\n<div align=\"center\"><span style=\"color: #590b00; font-family: Verdana, Arial, Helvetica, sans-serif; font-size: small;\"><strong>A\u00fan m\u00e1s contenido,<br \/>\nen FRAYNELSON.COM y FRAYNELSON.NET:<\/strong><\/span><\/div>\n<\/td>\n<\/tr>\n<tr bgcolor=\"#ffffff\">\n<td>\n<div align=\"center\"><span style=\"color: #590b00; font-size: large;\">\u2022<\/span><\/div>\n<\/td>\n<td><a href=\"http:\/\/fraynelson.com\"><span style=\"color: #000066; font-family: Arial, Helvetica, sans-serif; font-size: small;\"><strong>Inicio<\/strong><\/span><\/a><\/td>\n<\/tr>\n<tr bgcolor=\"#ffffff\">\n<td>\n<div align=\"center\"><span style=\"color: #590b00; font-size: large;\">\u2022<\/span><\/div>\n<\/td>\n<td><a href=\"http:\/\/fraynelson.net\"><span style=\"color: #000066; font-family: Arial, Helvetica, sans-serif; font-size: small;\"><strong>AMIGOS EN LA FE<\/strong><\/span><\/a><\/td>\n<\/tr>\n<tr bgcolor=\"#ffffff\">\n<td>\n<div align=\"center\"><span style=\"color: #590b00; font-size: large;\">\u2022<\/span><\/div>\n<\/td>\n<td><a href=\"http:\/\/fraynelson.com\/calendario.php\"><span style=\"color: #000066; font-family: Arial, Helvetica, sans-serif; font-size: small;\"><strong>Calendario<\/strong><\/span><\/a><\/td>\n<\/tr>\n<tr bgcolor=\"#ffffff\">\n<td>\n<div align=\"center\"><span style=\"color: #590b00; font-size: large;\">\u2022<\/span><\/div>\n<\/td>\n<td><a href=\"https:\/\/fraynelson.com\/blog\/categorias\/audio\"><span style=\"color: #000066; font-family: Arial, Helvetica, sans-serif; font-size: small;\"><strong>Predicaci\u00f3n de viva voz<\/strong><\/span><\/a><\/td>\n<\/tr>\n<tr bgcolor=\"#ffffff\">\n<td>\n<div align=\"center\"><span style=\"color: #590b00; font-size: large;\">\u2022<\/span><\/div>\n<\/td>\n<td><a href=\"http:\/\/fraynelson.com\/homilias.html\"><span style=\"color: #000066; font-family: Arial, Helvetica, sans-serif; font-size: small;\"><strong>Homil\u00edas<\/strong><\/span><\/a><\/td>\n<\/tr>\n<tr bgcolor=\"#ffffff\">\n<td>\n<div align=\"center\"><span style=\"color: #590b00; font-size: large;\">\u2022<\/span><\/div>\n<\/td>\n<td><a href=\"http:\/\/fraynelson.com\/preguntas.php\"><span style=\"color: #000066; font-family: Arial, Helvetica, sans-serif; font-size: small;\"><strong>Preguntas y Respuestas<\/strong><\/span><\/a><\/td>\n<\/tr>\n<tr bgcolor=\"#ffffff\">\n<td>\n<div align=\"center\"><span style=\"color: #590b00; font-size: large;\">\u2022<\/span><\/div>\n<\/td>\n<td><a href=\"http:\/\/fraynelson.com\/imprenta.html\"><span style=\"color: #000066; font-family: Arial, Helvetica, sans-serif; font-size: small;\"><strong>Imprenta (PDF)<\/strong><\/span><\/a><\/td>\n<\/tr>\n<tr bgcolor=\"#ffffff\">\n<td>\n<div align=\"center\"><span style=\"color: #590b00; font-size: large;\">\u2022<\/span><\/div>\n<\/td>\n<td><a href=\"http:\/\/fraynelson.com\/wiki2\"><span style=\"color: #000066; font-family: Arial, Helvetica, sans-serif; font-size: small;\"><strong>Wiki (transcripciones)<\/strong><\/span><\/a><\/td>\n<\/tr>\n<tr bgcolor=\"#ffffff\">\n<td>\n<div align=\"center\"><span style=\"color: #590b00; font-size: large;\">\u2022<\/span><\/div>\n<\/td>\n<td><a href=\"https:\/\/fraynelson.com\/blog\"><span style=\"color: #000066; font-family: Arial, Helvetica, sans-serif; font-size: small;\"><strong>Diario (Weblog)<\/strong><\/span><\/a><\/td>\n<\/tr>\n<tr bgcolor=\"#ffffff\">\n<td>\n<div align=\"center\"><span style=\"color: #590b00; font-size: large;\">\u2022<\/span><\/div>\n<\/td>\n<td><a href=\"http:\/\/fraynelson.com\/comunidad\/\"><span style=\"color: #000066; font-family: Arial, Helvetica, sans-serif; font-size: small;\"><strong>Oraci\u00f3n Compartida<\/strong><\/span><\/a><\/td>\n<\/tr>\n<tr bgcolor=\"#ffffff\">\n<td>\n<div align=\"center\"><span style=\"color: #590b00; font-size: large;\">\u2022<\/span><\/div>\n<\/td>\n<td><a href=\"http:\/\/www.htmlgear.tripod.com\/guest\/control.guest?u=fraynelson0&amp;i=1&amp;a=view\"><span style=\"color: #000066; font-family: Arial, Helvetica, sans-serif; font-size: small;\"><strong>Testimonios<\/strong><\/span><\/a><\/td>\n<\/tr>\n<tr bgcolor=\"#ffffff\">\n<td>\n<div align=\"center\"><span style=\"color: #590b00; font-size: large;\">\u2022<\/span><\/div>\n<\/td>\n<td><a href=\"http:\/\/fraynelson.com\/ayuda.html\"><span style=\"color: #000066; font-family: Arial, Helvetica, sans-serif; font-size: small;\"><strong>C\u00f3mo ayudar<\/strong><\/span><\/a><\/td>\n<\/tr>\n<tr bgcolor=\"#ffffff\">\n<td colspan=\"2\" bgcolor=\"#ffcc99\"><\/td>\n<\/tr>\n<\/tbody>\n<\/table>\n<p>&nbsp;<\/p>\n<p align=\"center\"><a href=\"http:\/\/www.opcolombia.org\" target=\"_blank\" rel=\"noopener noreferrer\"><img decoding=\"async\" src=\"http:\/\/fraynelson.com\/banco_imagenes\/boletin_izq_02.jpg\" border=\"0\" \/><\/a><\/p>\n<p>&nbsp;<\/p>\n<table border=\"0\" width=\"98%\" align=\"center\">\n<tbody>\n<tr>\n<td colspan=\"2\" bgcolor=\"#ffcc99\">\n<div align=\"center\"><span style=\"color: #590b00; font-family: Verdana, Arial, Helvetica, sans-serif; font-size: small;\"><strong>\u00a1 PONTE AL D\u00cdA !<br \/>\nEstas son nuestras series:<\/strong><\/span><\/div>\n<\/td>\n<\/tr>\n<tr bgcolor=\"#ffffff\">\n<td>\n<div align=\"center\"><span style=\"color: #590b00; font-size: large;\">\u2022<\/span><\/div>\n<\/td>\n<td><a href=\"https:\/\/fraynelson.com\/blog\/categorias\/iglesia-catolica\/biblioteca-pontificia\/\"><span style=\"color: #000066; font-family: Arial, Helvetica, sans-serif; font-size: small;\"><strong>Biblioteca Pontificia<\/strong><\/span><\/a><\/td>\n<\/tr>\n<tr bgcolor=\"#ffffff\">\n<td>\n<div align=\"center\"><span style=\"color: #590b00; font-size: large;\">\u2022<\/span><\/div>\n<\/td>\n<td><a href=\"https:\/\/fraynelson.com\/blog\/categorias\/teologia-espiritual\/las-palabras-del-angel\/\"><span style=\"color: #000066; font-family: Arial, Helvetica, sans-serif; font-size: small;\"><strong>Las Palabras del Angel<\/strong><\/span><\/a><\/td>\n<\/tr>\n<tr bgcolor=\"#ffffff\">\n<td>\n<div align=\"center\"><span style=\"color: #590b00; font-size: large;\">\u2022<\/span><\/div>\n<\/td>\n<td><a href=\"https:\/\/fraynelson.com\/blog\/categorias\/teologia-espiritual\/conoce-tu-dios\/\"><span style=\"color: #000066; font-family: Arial, Helvetica, sans-serif; font-size: small;\"><strong>Conoce a tu Dios (P. Jaime Forero, q.e.p.d)<\/strong><\/span><\/a><\/td>\n<\/tr>\n<tr bgcolor=\"#ffffff\">\n<td>\n<div align=\"center\"><span style=\"color: #590b00; font-size: large;\">\u2022<\/span><\/div>\n<\/td>\n<td><a href=\"https:\/\/fraynelson.com\/blog\/?s=ejercicios+perdon\"><span style=\"color: #000066; font-family: Arial, Helvetica, sans-serif; font-size: small;\"><strong>Ejercicios para el Perd\u00f3n (P. Jaime Forero, q.e.p.d)<\/strong><\/span><\/a><\/td>\n<\/tr>\n<tr bgcolor=\"#ffffff\">\n<td>\n<div align=\"center\"><span style=\"color: #590b00; font-size: large;\">\u2022<\/span><\/div>\n<\/td>\n<td><a href=\"http:\/\/fraynelson.com\/preguntas.php\"><span style=\"color: #000066; font-family: Arial, Helvetica, sans-serif; font-size: small;\"><strong>Preguntas &amp; Respuestas<\/strong><\/span><\/a><\/td>\n<\/tr>\n<tr bgcolor=\"#ffffff\">\n<td>\n<div align=\"center\"><span style=\"color: #590b00; font-size: large;\">\u2022<\/span><\/div>\n<\/td>\n<td><a href=\"http:\/\/www.youtube.com\/view_play_list?p=7155E7B865615CCF&amp;hl=es\"><span style=\"color: #000066; font-family: Arial, Helvetica, sans-serif; font-size: small;\"><strong>Videos publicados en el Bolet\u00edn<\/strong><\/span><\/a><\/td>\n<\/tr>\n<tr bgcolor=\"#ffffff\">\n<td>\n<div align=\"center\"><span style=\"color: #590b00; font-size: large;\">\u2022<\/span><\/div>\n<\/td>\n<td><a href=\"http:\/\/www.youtube.com\/view_play_list?p=E680DA141F25BCF5&amp;hl=es\"><span style=\"color: #000066; font-family: Arial, Helvetica, sans-serif; font-size: small;\"><strong>Cantos publicados en el Bolet\u00edn<\/strong><\/span><\/a><\/td>\n<\/tr>\n<tr bgcolor=\"#ffffff\">\n<td>\n<div align=\"center\"><span style=\"color: #590b00; font-size: large;\">\u2022<\/span><\/div>\n<\/td>\n<td><a href=\"http:\/\/fraynelson.com\/ayuda.html\"><span style=\"color: #000066; font-family: Arial, Helvetica, sans-serif; font-size: small;\"><strong>C\u00f3mo ayudar<\/strong><\/span><\/a><\/td>\n<\/tr>\n<tr bgcolor=\"#ffffff\">\n<td colspan=\"2\" bgcolor=\"#ffcc99\"><\/td>\n<\/tr>\n<\/tbody>\n<\/table>\n<p>&nbsp;<\/p>\n<div align=\"center\">\n<p><span class=\"resaltado\"><span style=\"font-family: Arial, Helvetica, sans-serif; font-size: small;\"><strong>Inscribe tu e-mail en:<br \/>\n<span style=\"color: red;\"><a href=\"http:\/\/www.fraynelson.com\">www.fraynelson.com<\/a><\/span><\/strong><\/span><\/span><\/p>\n<p>&nbsp;<\/p>\n<p align=\"center\"><a href=\"http:\/\/fraynelson.com\/ayuda.html\"><img decoding=\"async\" src=\"http:\/\/fraynelson.com\/banco_imagenes\/boletin_izq_03.jpg\" border=\"0\" \/><\/a><\/p>\n<p><span class=\"resaltado\"><span style=\"font-family: Arial, Helvetica, sans-serif; font-size: small;\"><strong>Una canci\u00f3n <em>gratis<\/em><br \/>\npara este d\u00eda:<br \/>\n<a href=\"http:\/\/fraynelson.com\/cantos\/0408_la_noche.rm\"><span style=\"font-size: x-large;\">La Noche<\/span><\/a><\/strong><\/span><\/span><\/p>\n<p>&nbsp;<\/p>\n<\/div>\n<\/td>\n<td valign=\"top\">\n<div align=\"center\">\n<table border=\"0\" width=\"100%\" cellspacing=\"2\" cellpadding=\"0\" bgcolor=\"#ffffff\">\n<tbody>\n<tr>\n<td>\n<div align=\"left\"><span class=\"titulo1\"><span style=\"color: #590b00; font-family: Arial, Helvetica, sans-serif; font-size: small;\"><strong><em>* Para el JUEVES: Caj\u00f3n de Preguntas y Respuestas *<\/em><\/strong><\/span><\/span><\/div>\n<\/td>\n<\/tr>\n<\/tbody>\n<\/table>\n<\/div>\n<table border=\"0\" width=\"100%\" cellspacing=\"0\" cellpadding=\"0\" bgcolor=\"#ffcd88\">\n<tbody>\n<tr>\n<td valign=\"center\" width=\"55%\"><a id=\"1\" name=\"1\"><\/a><\/p>\n<div align=\"left\"><a id=\"1\" name=\"1\"><\/a><img loading=\"lazy\" decoding=\"async\" src=\"http:\/\/fraynelson.com\/banco_imagenes\/arrow.gif\" width=\"16\" height=\"15\" \/><a name=\"1\"><\/a><\/div>\n<\/td>\n<td>\n<div align=\"right\"><span class=\"titulo1\"><span style=\"color: #590b00; font-family: Arial, Helvetica, sans-serif; font-size: x-large;\">Preguntas sobre la Resurrecci\u00f3n<\/span><\/span><\/div>\n<\/td>\n<\/tr>\n<tr>\n<td colspan=\"2\" valign=\"bottom\" bgcolor=\"#ffffcc\"><img loading=\"lazy\" decoding=\"async\" src=\"http:\/\/fraynelson.com\/banco_imagenes\/transparente.gif\" width=\"8\" height=\"8\" \/><\/td>\n<\/tr>\n<tr>\n<td colspan=\"2\" valign=\"top\" bgcolor=\"#ffffcc\">\n<div align=\"justify\">\n<p><span style=\"color: #000000; font-family: Arial, Helvetica, sans-serif; font-size: small;\"><em>Con honestidad le pregunto, y por favor no me tilde de racionalista, solo busco sensatez. \u00bfPor qu\u00e9 el testimonio de un grupo hace 2 mil a\u00f1os se considera v\u00e1lido, y hoy se rechaza el de mormones, musulmanes o cualquier otra religi\u00f3n o sectas cuyos adeptos tambi\u00e9n dan la vida por lo que creen y est\u00e1n absolutamente convencidos de ello? Otra cuesti\u00f3n: El cuerpo humano s\u00f3lo sirve y est\u00e1 adaptado para vivir en una peque\u00f1a franja de la atm\u00f3sfera terrestre, fuera de ella no tiene raz\u00f3n de existir, \u00bfd\u00f3nde est\u00e1 hoy Jes\u00fas resucitado? \u00bfascendi\u00f3 m\u00e1gicamente a otro planeta o est\u00e1 vagando por alguna parte del universo?, \u00bfhacia d\u00f3nde ascendi\u00f3 su cuerpo espacio-temporal? Si ascendi\u00f3 una forma distinta, entonces no hubo resurrecci\u00f3n del cuerpo f\u00edsico. Si el &#8220;cuerpo glorioso&#8221; es otra cosa, entonces no es resurrecci\u00f3n del cuerpo, sino transformaci\u00f3n en otra cosa distinta al cuerpo, fuera del espacio-tiempo. Por \u00faltimo, ya est\u00e1 el planeta s\u00faper poblado, \u00bfse imagina si todos resucitamos? \u00bfrealmente a alguien sensato le interesa resucitar?, \u00bfpara que? Gracias? &#8211;A. B\u00e1ez.<\/em><\/span><\/p>\n<p>* * *<\/p>\n<p>1. La raz\u00f3n para considerar v\u00e1lido un testimonio de hace 2000 a\u00f1os no es obviamente porque tenga 2000 a\u00f1os, ni porque tenga 2 o tenga 20. El tema de los a\u00f1os es irrelevante.<\/p>\n<p>Tampoco tiene importancia, en t\u00e9rminos absolutos, el hecho de que haya gente dispuesta a morir por ideas o creencias. Hay que revisar si tal disposici\u00f3n es fruto de simple fanatismo o no. La manera de vivir, como ciudadanos honestos y razonables, de tantos cristianos m\u00e1rtires de aquellos primeros siglos; el hecho de que no buscaron guerra de religi\u00f3n contra otros; la capacidad argumentativa que muestra que eran gente de razones y no solo de emociones: todo esto obliga a considerar forzado y arbitrario hablar de fanatismo. Simplemente las se\u00f1ales de fanatismo no est\u00e1n.<\/p>\n<p>En cuanto al testimonio central, es decir, que Jesucristo, el Crucificado, ha resucitado, ninguna explicaci\u00f3n alternativa se ha podido presentar al hecho de la tumba vac\u00eda. Si tenemos en cuenta que para las autoridades religiosas jud\u00edas de la \u00e9poca era muy importante desprestigiar la resurrecci\u00f3n, tambi\u00e9n podemos imaginar cu\u00e1nto empe\u00f1o pusieron en demostrar que el Se\u00f1or no hab\u00eda resucitado. Cualquier prueba clara que hubieran tenido la hubieran exhibido en todas partes como medio muy eficaz de asfixiar y detener el mensaje cristiano que ellos detestaban. Pero tal cosa no pudieron hacer. Es dif\u00edcil suponer que hab\u00eda un cad\u00e1ver corrompi\u00e9ndose y que las autoridades jud\u00edas, que adem\u00e1s eran muy amigas del procurador romano, no fueron capaces de hacer algo al respecto, teniendo en cuenta las tremendas implicaciones que esto ten\u00eda para ellos.<\/p>\n<p>Tampoco se puede argumentar que hubiera credulidad por parte de los ap\u00f3stoles porque resulta que los mismos textos que hablan a favor de la resurrecci\u00f3n real y f\u00edsica del Se\u00f1or muestran que ellos no quer\u00edan creer y no pod\u00edan creer algo as\u00ed. No eran gente cr\u00e9dula ni ingenua; no eran gente de especulaciones literarias sino hombres de trabajo duro y vida cercana a las realidades concretas de la vida, incluyendo el hecho irreducible de la muerte. Cuando las mujeres les hablan de resurrecci\u00f3n ellos simplemente descartan ese testimonio. La resurrecci\u00f3n f\u00edsica no era algo que ellos esperaban, deseaban o les conven\u00eda. M\u00e1s bien lo contrario: predicar la resurrecci\u00f3n implicaba persecuci\u00f3n, c\u00e1rcel y la muerte, como pronto sucedi\u00f3 a los mismos ap\u00f3stoles. No hay ninguna explicaci\u00f3n alternativa convincente y razonable de por qu\u00e9 ellos empezaron a predicar que Cristo estaba realmente vivo, fuera del hecho de que el mismo Se\u00f1or hab\u00eda convencido con la realidad de su presencia a aquellos hombres pr\u00e1cticos, terrenales y razonables.<\/p>\n<p>Quienes recibieron el testimonio vigoroso y firme de aquellos ap\u00f3stoles experimentaron la fuerza necesaria para hacer comunidades en que el Evangelio se hac\u00eda realidad, aunque siempre con limitaciones. Sab\u00edan que aquellas comunidades hab\u00edan nacido del primer anuncio y se enorgullec\u00edan, en el buen sentido, exactamente de eso: su origen en la predicaci\u00f3n de los ap\u00f3stoles. Su fe en el conjunto de aquella predicaci\u00f3n proven\u00eda de las razones que he expuesto en los p\u00e1rrafos anteriores.<\/p>\n<p>2. En cuanto a la realidad actual del cuerpo del Resucitado, debemos entender muy bien que la resurrecci\u00f3n del Se\u00f1or no es un retorno a la vida presente. Es evidente que en la vida presente los cuerpos humanos tienen las condiciones de supervivencia que t\u00fa describes: tales temperaturas, tal presi\u00f3n atmosf\u00e9rica, etc. Pero la resurrecci\u00f3n no es prolongaci\u00f3n de esta vida sino un modo de vida distinto que solo conocemos a partir de relatos como los que nos cuentan las Escrituras. Por supuesto, alguien podr\u00eda decir que no cree esos relatos pero, para ser razonable, esa persona debe ofrecer alguna explicaci\u00f3n sobre los hechos que cuenta la Biblia, incluyendo lo ya mencionado sobre el cuerpo de Jes\u00fas.<\/p>\n<p>Cuando entendemos que la resurrecci\u00f3n de Cristo implica otro nivel o forma de vida, tambi\u00e9n descubrimos que este tiempo y este espacio que conocemos no son necesariamente absolutos. \u00bfEse Cristo Resucitado es &#8220;otra cosa&#8221;? En un cierto sentido, s\u00ed, porque claramente muchas de las leyes de la f\u00edsica que aplicamos a nuestros cuerpos f\u00edsicos no se cumplen en su cuerpo. Pero no es &#8220;otra cosa&#8221; en el sentido de que carezca de relaci\u00f3n con el cuerpo que conocieron los ap\u00f3stoles. Precisamente la resurrecci\u00f3n es asombrosa y fue durante un tiempo imposible de aceptar por ellos porque el mensaje completo es que el mismo que pendi\u00f3 en la Cruz y muri\u00f3 verdaderamente ahora vive verdaderamente. No se trata de otra persona no de otro fen\u00f3meno m\u00e1s o menos pr\u00f3ximo a las leyes de la naturaleza que conocemos.<\/p>\n<p>3. Por \u00faltimo: si nosotros participamos de la misma resurrecci\u00f3n de Cristo, porque participamos de su misma victoria, no hay que suponer problemas propios de esta nuestra realidad corporal actual, como decir, temas de sobrepoblaci\u00f3n.<\/p>\n<p>Y de nuevo: si la resurrecci\u00f3n fuera continuaci\u00f3n de esta vida, caben las preguntas desafiantes que lanzas: &#8220;\u00bfPara qu\u00e9 resucitar?&#8221; Si por el contrario, la resurrecci\u00f3n conlleva una victoria definitiva sobre la muerte, el pecado, y la realidad temporal misma, tiene much\u00edsimo sentido resucitar y entrar en esa forma de vida plena, la que el fondo de nuestro coraz\u00f3n anhela cuando busca una verdad m\u00e1s profunda, un amor m\u00e1s durable y una paz m\u00e1s perfecta.<\/p>\n<p><span style=\"color: #000000; font-family: Arial, Helvetica, sans-serif; font-size: small;\"><strong>Fr. Nelson M.<br \/>\n[<a href=\"https:\/\/fraynelson.com\/blog\/categorias\/biblia\/365-dias-para-la-biblia\/?order=ASC\" target=\"_blank\" rel=\"noopener noreferrer\">\u00bfQuieres leer la Biblia en 365 d\u00edas?<\/a>]<\/strong><\/span><\/p>\n<\/div>\n<\/td>\n<\/tr>\n<tr bgcolor=\"#ffffcc\">\n<td colspan=\"2\" valign=\"bottom\"><img loading=\"lazy\" decoding=\"async\" src=\"http:\/\/fraynelson.com\/banco_imagenes\/transparente.gif\" width=\"8\" height=\"8\" \/><a class=\"linksmenu\" href=\"http:\/\/fraynelson.com\/sistema\/boletin\/mactboletin3.php#a\"><span style=\"color: #000066; font-family: Arial, Helvetica, sans-serif; font-size: xx-small;\"><strong>[arriba]<\/strong><\/span><\/a><\/td>\n<\/tr>\n<\/tbody>\n<\/table>\n<table border=\"0\" width=\"100%\" cellspacing=\"0\" cellpadding=\"0\" bgcolor=\"#ffcd88\">\n<tbody>\n<tr>\n<td valign=\"center\" width=\"55%\"><a id=\"2\" name=\"2\"><\/a><\/p>\n<div align=\"left\"><a id=\"2\" name=\"2\"><\/a><img loading=\"lazy\" decoding=\"async\" src=\"http:\/\/fraynelson.com\/banco_imagenes\/arrow.gif\" width=\"16\" height=\"15\" \/><\/div>\n<\/td>\n<td>\n<div align=\"right\"><span class=\"titulo1\"><span style=\"color: #590b00; font-family: Arial, Helvetica, sans-serif; font-size: medium;\"><strong>La Foto de Hoy<\/strong><\/span><\/span><\/div>\n<\/td>\n<\/tr>\n<tr>\n<td colspan=\"2\" valign=\"bottom\" bgcolor=\"#ffffcc\"><img loading=\"lazy\" decoding=\"async\" src=\"http:\/\/fraynelson.com\/banco_imagenes\/transparente.gif\" width=\"8\" height=\"8\" \/><\/td>\n<\/tr>\n<tr>\n<td colspan=\"2\" valign=\"top\" bgcolor=\"#ffffcc\">\n<div align=\"center\">\n<p><span style=\"color: #000000; font-family: Arial, Helvetica, sans-serif; font-size: xx-small;\"><a href=\"http:\/\/fraynelson.com\/fotodeldia.php\"><img decoding=\"async\" src=\"http:\/\/fraynelson.com\/banco_imagenes\/diario\/20190523.jpg\" width=\"320\" border=\"0\" \/><\/a><br \/>\n<em>C\u00f3mo se tom\u00f3 la foto sin carros?<\/em><\/span><\/p>\n<\/div>\n<\/td>\n<\/tr>\n<tr bgcolor=\"#ffffcc\">\n<td colspan=\"2\" valign=\"bottom\"><img loading=\"lazy\" decoding=\"async\" src=\"http:\/\/fraynelson.com\/banco_imagenes\/transparente.gif\" width=\"8\" height=\"8\" \/><a class=\"linksmenu\" href=\"http:\/\/fraynelson.com\/sistema\/boletin\/mactboletin3.php#a\"><span style=\"color: #000066; font-family: Arial, Helvetica, sans-serif; font-size: xx-small;\"><strong>[arriba]<\/strong><\/span><\/a><\/td>\n<\/tr>\n<\/tbody>\n<\/table>\n<table border=\"0\" width=\"100%\" cellspacing=\"0\" cellpadding=\"0\" bgcolor=\"#ffcd88\">\n<tbody>\n<tr>\n<td valign=\"center\" width=\"55%\"><a id=\"3a\" name=\"3a\"><\/a><\/p>\n<div align=\"left\"><a id=\"3a\" name=\"3a\"><\/a><img loading=\"lazy\" decoding=\"async\" src=\"http:\/\/fraynelson.com\/banco_imagenes\/arrow.gif\" width=\"16\" height=\"15\" \/><\/div>\n<\/td>\n<td>\n<div align=\"right\"><span class=\"titulo1\"><span style=\"color: #590b00; font-family: Arial, Helvetica, sans-serif; font-size: medium;\"><strong>Santo del D\u00eda<\/strong><\/span><\/span><\/div>\n<\/td>\n<\/tr>\n<tr>\n<td colspan=\"2\" valign=\"bottom\" bgcolor=\"#ffffcc\"><img loading=\"lazy\" decoding=\"async\" src=\"http:\/\/fraynelson.com\/banco_imagenes\/transparente.gif\" width=\"8\" height=\"8\" \/><\/td>\n<\/tr>\n<tr>\n<td colspan=\"2\" valign=\"top\" bgcolor=\"#ffffcc\">\n<div align=\"left\">\n<p><span style=\"color: #000000; font-family: Arial, Helvetica, sans-serif; font-size: small;\"><b>San Juan Bautista Rossi<\/b>.- <\/span><\/p>\n<p><span style=\"color: #000000; font-family: Arial, Helvetica, sans-serif; font-size: small;\">Naci\u00f3 en 1698, en un pueblo cerca de G\u00e9nova, Italia. En el Colegio Romano hizo estudios con gran aplicaci\u00f3n, gan\u00e1ndose la simpat\u00eda de sus profesores y compa\u00f1eros. Fue ordenado sacerdote a los 23 a\u00f1os.<\/span><\/p>\n<p>Pronto aprendi\u00f3 que la verdadera mortificaci\u00f3n consiste en aceptar los sufrimientos y trabajos de cada d\u00eda, esforz\u00e1ndonos al m\u00e1ximo de nuestras capacidades y posibilidades.<\/p>\n<p>Ten\u00eda una fuerte inclinaci\u00f3n por los pobres, los enfermos y los abandonados. El Sumo Pont\u00edfice hab\u00eda fundado un albergue para recibir a las personas desamparadas.<\/p>\n<p>En ese lugar, el Santo atendi\u00f3 por muchos a\u00f1os a los pobres y necesitados, adem\u00e1s de ense\u00f1arles el catecismo y prepararlos para recibir los sacramentos.<\/p>\n<p>San Juan Bautista Rossi descubri\u00f3 la plenitud de su vocaci\u00f3n en el confesionario. R\u00e1pidamente vio y entendi\u00f3 que Dios le hab\u00eda hecho el llamado especial a ser confesor.<\/p>\n<p>Al volver a Roma le coment\u00f3 a un amigo cercano: &#8220;Antes, yo me preguntaba cu\u00e1l ser\u00eda el camino para lograr llegar al Cielo y salvar muchas almas. Y he descubierto que la ayuda que puedo dar a los que se quieren salvar, es confesarlos. \u00a1Es incre\u00edble el gran bien que se puede hacer en la confesi\u00f3n!&#8221;<\/p>\n<p>Consagr\u00f3 su vida a llevarle el perd\u00f3n y la misericordia de Dios a los m\u00e1s necesitados. Visit\u00f3 principalmente c\u00e1rceles y hospitales.<\/p>\n<p>El 23 de mayo del a\u00f1o 1764, sufri\u00f3 un ataque al coraz\u00f3n y muri\u00f3 a la edad de 66 a\u00f1os.<\/p>\n<p>La estimaci\u00f3n por \u00e9l en Roma era tan grande, que a su funeral asistieron 260 sacerdotes, un arzobispo, muchos religiosos e inmenso gent\u00edo.<\/p>\n<p>La Misa del R\u00e9quiem la cant\u00f3 el coro pontificio de la Bas\u00edlica de Roma.<\/p>\n<\/div>\n<\/td>\n<\/tr>\n<tr bgcolor=\"#ffffcc\">\n<td colspan=\"2\" valign=\"bottom\"><img loading=\"lazy\" decoding=\"async\" src=\"http:\/\/fraynelson.com\/banco_imagenes\/transparente.gif\" width=\"8\" height=\"8\" \/><a class=\"linksmenu\" href=\"http:\/\/fraynelson.com\/sistema\/boletin\/mactboletin3.php#a\"><span style=\"color: #000066; font-family: Arial, Helvetica, sans-serif; font-size: xx-small;\"><strong>[arriba]<\/strong><\/span><\/a><\/td>\n<\/tr>\n<\/tbody>\n<\/table>\n<table border=\"0\" width=\"100%\" cellspacing=\"0\" cellpadding=\"0\" bgcolor=\"#ffcd88\">\n<tbody>\n<tr>\n<td valign=\"center\" width=\"55%\"><a id=\"3b\" name=\"3b\"><\/a><\/p>\n<div align=\"left\"><a id=\"3b\" name=\"3b\"><\/a><img loading=\"lazy\" decoding=\"async\" src=\"http:\/\/fraynelson.com\/banco_imagenes\/arrow.gif\" width=\"16\" height=\"15\" \/><\/div>\n<\/td>\n<td>\n<div align=\"right\"><span class=\"titulo1\"><span style=\"color: #590b00; font-family: Arial, Helvetica, sans-serif; font-size: medium;\"><strong>Cumplea\u00f1os<\/strong><\/span><\/span><\/div>\n<\/td>\n<\/tr>\n<tr>\n<td colspan=\"2\" valign=\"bottom\" bgcolor=\"#ffffcc\"><img loading=\"lazy\" decoding=\"async\" src=\"http:\/\/fraynelson.com\/banco_imagenes\/transparente.gif\" width=\"8\" height=\"8\" \/><\/td>\n<\/tr>\n<tr>\n<td colspan=\"2\" valign=\"top\" bgcolor=\"#ffffcc\">\n<div align=\"left\">\n<p><span style=\"color: #000000; font-family: Arial, Helvetica, sans-serif; font-size: small;\"><img decoding=\"async\" src=\"http:\/\/fraynelson.com\/banco_imagenes\/cumple.gif\" border=\"0\" \/> <b>P. Guillermo Mora<\/b>.- Newark, Estados Unidos (1969) &#8211; Bendiciones para tu ministerio, de parte de tus amigos de Colombia.<\/span><\/p>\n<p><span style=\"color: #000000; font-family: Arial, Helvetica, sans-serif; font-size: small;\"><img decoding=\"async\" src=\"http:\/\/fraynelson.com\/banco_imagenes\/cumple.gif\" border=\"0\" \/> <b>Camilo Tique<\/b>.- Bogot\u00e1, Colombia<\/span><\/p>\n<p><span style=\"color: #000000; font-family: Arial, Helvetica, sans-serif; font-size: small;\"><img decoding=\"async\" src=\"http:\/\/fraynelson.com\/banco_imagenes\/cumple.gif\" border=\"0\" \/> <b>Fray Jaime Andr\u00e9s Arg\u00fcello Parra, O.P.<\/b>.- Colombia<\/span><\/p>\n<p><span style=\"color: #000000; font-family: Arial, Helvetica, sans-serif; font-size: small;\"><img decoding=\"async\" src=\"http:\/\/fraynelson.com\/banco_imagenes\/cumple.gif\" border=\"0\" \/> <b>Maria Del Mar Torres Triana<\/b>.- Ibague-Tolima, Colombia (1994) &#8211; Para el tesoro que me ha dado Dios. mi hija.<\/span><\/p>\n<p><span style=\"color: #000000; font-family: Arial, Helvetica, sans-serif; font-size: small;\"><img decoding=\"async\" src=\"http:\/\/fraynelson.com\/banco_imagenes\/cumple.gif\" border=\"0\" \/> <b>Belkis Gimena<\/b>.- Colombia &#8211; Educadora Especial <\/span><\/p>\n<p><span style=\"color: #000000; font-family: Arial, Helvetica, sans-serif; font-size: small;\">[<a href=\"http:\/\/fraynelson.com\/calendario.php\">A\u00f1ade otro cumplea\u00f1os<\/a>]<\/span><\/p>\n<\/div>\n<\/td>\n<\/tr>\n<tr bgcolor=\"#ffffcc\">\n<td colspan=\"2\" valign=\"bottom\"><img loading=\"lazy\" decoding=\"async\" src=\"http:\/\/fraynelson.com\/banco_imagenes\/transparente.gif\" width=\"8\" height=\"8\" \/><a class=\"linksmenu\" href=\"http:\/\/fraynelson.com\/sistema\/boletin\/mactboletin3.php#a\"><span style=\"color: #000066; font-family: Arial, Helvetica, sans-serif; font-size: xx-small;\"><strong>[arriba]<\/strong><\/span><\/a><\/td>\n<\/tr>\n<\/tbody>\n<\/table>\n<table border=\"0\" width=\"100%\" cellspacing=\"0\" cellpadding=\"0\" bgcolor=\"#ffcd88\">\n<tbody>\n<tr>\n<td valign=\"center\" width=\"55%\"><a id=\"3c\" name=\"3c\"><\/a><\/p>\n<div align=\"left\"><a id=\"3c\" name=\"3c\"><\/a><img loading=\"lazy\" decoding=\"async\" src=\"http:\/\/fraynelson.com\/banco_imagenes\/arrow.gif\" width=\"16\" height=\"15\" \/><\/div>\n<\/td>\n<td>\n<div align=\"right\"><span class=\"titulo1\"><span style=\"color: #590b00; font-family: Arial, Helvetica, sans-serif; font-size: medium;\"><strong>Bautismos<\/strong><\/span><\/span><\/div>\n<\/td>\n<\/tr>\n<tr>\n<td colspan=\"2\" valign=\"bottom\" bgcolor=\"#ffffcc\"><img loading=\"lazy\" decoding=\"async\" src=\"http:\/\/fraynelson.com\/banco_imagenes\/transparente.gif\" width=\"8\" height=\"8\" \/><\/td>\n<\/tr>\n<tr>\n<td colspan=\"2\" valign=\"top\" bgcolor=\"#ffffcc\">\n<div align=\"left\">\n<p><span style=\"color: #000000; font-family: Arial, Helvetica, sans-serif; font-size: small;\">[<a href=\"http:\/\/fraynelson.com\/calendario.php\">A\u00f1ade otro aniversario de bautismo<\/a>]<\/span><\/p>\n<\/div>\n<\/td>\n<\/tr>\n<tr bgcolor=\"#ffffcc\">\n<td colspan=\"2\" valign=\"bottom\"><img loading=\"lazy\" decoding=\"async\" src=\"http:\/\/fraynelson.com\/banco_imagenes\/transparente.gif\" width=\"8\" height=\"8\" \/><a class=\"linksmenu\" href=\"http:\/\/fraynelson.com\/sistema\/boletin\/mactboletin3.php#a\"><span style=\"color: #000066; font-family: Arial, Helvetica, sans-serif; font-size: xx-small;\"><strong>[arriba]<\/strong><\/span><\/a><\/td>\n<\/tr>\n<\/tbody>\n<\/table>\n<table border=\"0\" width=\"100%\" cellspacing=\"0\" cellpadding=\"0\" bgcolor=\"#ffcd88\">\n<tbody>\n<tr>\n<td valign=\"center\" width=\"55%\"><a id=\"3d\" name=\"3d\"><\/a><\/p>\n<div align=\"left\"><a id=\"3d\" name=\"3d\"><\/a><img loading=\"lazy\" decoding=\"async\" src=\"http:\/\/fraynelson.com\/banco_imagenes\/arrow.gif\" width=\"16\" height=\"15\" \/><\/div>\n<\/td>\n<td>\n<div align=\"right\"><span class=\"titulo1\"><span style=\"color: #590b00; font-family: Arial, Helvetica, sans-serif; font-size: medium;\"><strong>Aniversario de Ordenaci\u00f3n Sacerdotal<\/strong><\/span><\/span><\/div>\n<\/td>\n<\/tr>\n<tr>\n<td colspan=\"2\" valign=\"bottom\" bgcolor=\"#ffffcc\"><img loading=\"lazy\" decoding=\"async\" src=\"http:\/\/fraynelson.com\/banco_imagenes\/transparente.gif\" width=\"8\" height=\"8\" \/><\/td>\n<\/tr>\n<tr>\n<td colspan=\"2\" valign=\"top\" bgcolor=\"#ffffcc\">\n<div align=\"left\">\n<p><span style=\"color: #000000; font-family: Arial, Helvetica, sans-serif; font-size: small;\">[<a href=\"http:\/\/fraynelson.com\/calendario.php\">A\u00f1ade otro aniversario de ordenaci\u00f3n<\/a>]<\/span><\/p>\n<\/div>\n<\/td>\n<\/tr>\n<tr bgcolor=\"#ffffcc\">\n<td colspan=\"2\" valign=\"bottom\"><img loading=\"lazy\" decoding=\"async\" src=\"http:\/\/fraynelson.com\/banco_imagenes\/transparente.gif\" width=\"8\" height=\"8\" \/><a class=\"linksmenu\" href=\"http:\/\/fraynelson.com\/sistema\/boletin\/mactboletin3.php#a\"><span style=\"color: #000066; font-family: Arial, Helvetica, sans-serif; font-size: xx-small;\"><strong>[arriba]<\/strong><\/span><\/a><\/td>\n<\/tr>\n<\/tbody>\n<\/table>\n<table border=\"0\" width=\"100%\" cellspacing=\"0\" cellpadding=\"0\" bgcolor=\"#ffcd88\">\n<tbody>\n<tr>\n<td valign=\"center\" width=\"55%\"><a id=\"3e\" name=\"3e\"><\/a><\/p>\n<div align=\"left\"><a id=\"3e\" name=\"3e\"><\/a><img loading=\"lazy\" decoding=\"async\" src=\"http:\/\/fraynelson.com\/banco_imagenes\/arrow.gif\" width=\"16\" height=\"15\" \/><\/div>\n<\/td>\n<td>\n<div align=\"right\"><span class=\"titulo1\"><span style=\"color: #590b00; font-family: Arial, Helvetica, sans-serif; font-size: medium;\"><strong>Aniversario de Matrimonio<\/strong><\/span><\/span><\/div>\n<\/td>\n<\/tr>\n<tr>\n<td colspan=\"2\" valign=\"bottom\" bgcolor=\"#ffffcc\"><img loading=\"lazy\" decoding=\"async\" src=\"http:\/\/fraynelson.com\/banco_imagenes\/transparente.gif\" width=\"8\" height=\"8\" \/><\/td>\n<\/tr>\n<tr>\n<td colspan=\"2\" valign=\"top\" bgcolor=\"#ffffcc\">\n<div align=\"left\">\n<p><span style=\"color: #000000; font-family: Arial, Helvetica, sans-serif; font-size: small;\"><img decoding=\"async\" src=\"http:\/\/fraynelson.com\/banco_imagenes\/matri.gif\" border=\"0\" \/> <b>Juan Carlos y Juanita Liliana<\/b>.- (1.999) &#8211; Nuestra bendiciones: Juan Pablo Juan Andres Juan Jos\u00e9<\/span><\/p>\n<p><span style=\"color: #000000; font-family: Arial, Helvetica, sans-serif; font-size: small;\">[<a href=\"http:\/\/fraynelson.com\/calendario.php\">A\u00f1ade otro aniversario de matrimonio<\/a>]<\/span><\/p>\n<\/div>\n<\/td>\n<\/tr>\n<tr bgcolor=\"#ffffcc\">\n<td colspan=\"2\" valign=\"bottom\"><img loading=\"lazy\" decoding=\"async\" src=\"http:\/\/fraynelson.com\/banco_imagenes\/transparente.gif\" width=\"8\" height=\"8\" \/><a class=\"linksmenu\" href=\"http:\/\/fraynelson.com\/sistema\/boletin\/mactboletin3.php#a\"><span style=\"color: #000066; font-family: Arial, Helvetica, sans-serif; font-size: xx-small;\"><strong>[arriba]<\/strong><\/span><\/a><\/td>\n<\/tr>\n<\/tbody>\n<\/table>\n<table border=\"0\" width=\"100%\" cellspacing=\"0\" cellpadding=\"0\" bgcolor=\"#ffcd88\">\n<tbody>\n<tr>\n<td valign=\"center\" width=\"55%\"><a id=\"3f\" name=\"3f\"><\/a><\/p>\n<div align=\"left\"><a id=\"3f\" name=\"3f\"><\/a><img loading=\"lazy\" decoding=\"async\" src=\"http:\/\/fraynelson.com\/banco_imagenes\/arrow.gif\" width=\"16\" height=\"15\" \/><\/div>\n<\/td>\n<td>\n<div align=\"right\"><span class=\"titulo1\"><span style=\"color: #590b00; font-family: Arial, Helvetica, sans-serif; font-size: medium;\"><strong>Grupos, Comunidades, Congregaciones&#8230;<\/strong><\/span><\/span><\/div>\n<\/td>\n<\/tr>\n<tr>\n<td colspan=\"2\" valign=\"bottom\" bgcolor=\"#ffffcc\"><img loading=\"lazy\" decoding=\"async\" src=\"http:\/\/fraynelson.com\/banco_imagenes\/transparente.gif\" width=\"8\" height=\"8\" \/><\/td>\n<\/tr>\n<tr>\n<td colspan=\"2\" valign=\"top\" bgcolor=\"#ffffcc\">\n<div align=\"left\">\n<p><span style=\"color: #000000; font-family: Arial, Helvetica, sans-serif; font-size: small;\">[<a href=\"http:\/\/fraynelson.com\/calendario.php\">A\u00f1ade otro aniversario de un grupo<\/a>]<\/span><\/p>\n<\/div>\n<\/td>\n<\/tr>\n<tr bgcolor=\"#ffffcc\">\n<td colspan=\"2\" valign=\"bottom\"><img loading=\"lazy\" decoding=\"async\" src=\"http:\/\/fraynelson.com\/banco_imagenes\/transparente.gif\" width=\"8\" height=\"8\" \/><a class=\"linksmenu\" href=\"http:\/\/fraynelson.com\/sistema\/boletin\/mactboletin3.php#a\"><span style=\"color: #000066; font-family: Arial, Helvetica, sans-serif; font-size: xx-small;\"><strong>[arriba]<\/strong><\/span><\/a><\/td>\n<\/tr>\n<\/tbody>\n<\/table>\n<table border=\"0\" width=\"100%\" cellspacing=\"0\" cellpadding=\"0\" bgcolor=\"#ffcd88\">\n<tbody>\n<tr>\n<td valign=\"center\" width=\"55%\"><a id=\"3g\" name=\"3g\"><\/a><\/p>\n<div align=\"left\"><a id=\"3g\" name=\"3g\"><\/a><img loading=\"lazy\" decoding=\"async\" src=\"http:\/\/fraynelson.com\/banco_imagenes\/arrow.gif\" width=\"16\" height=\"15\" \/><\/div>\n<\/td>\n<td>\n<div align=\"right\"><span class=\"titulo1\"><span style=\"color: #590b00; font-family: Arial, Helvetica, sans-serif; font-size: medium;\"><strong>Evangelizaci\u00f3n Viva para hoy y los pr\u00f3ximos d\u00edas<\/strong><\/span><\/span><\/div>\n<\/td>\n<\/tr>\n<tr>\n<td colspan=\"2\" valign=\"bottom\" bgcolor=\"#ffffcc\"><img loading=\"lazy\" decoding=\"async\" src=\"http:\/\/fraynelson.com\/banco_imagenes\/transparente.gif\" width=\"8\" height=\"8\" \/><\/td>\n<\/tr>\n<tr>\n<td colspan=\"2\" valign=\"top\" bgcolor=\"#ffffcc\">\n<div align=\"left\">\n<p><span style=\"color: #000000; font-family: Arial, Helvetica, sans-serif; font-size: small;\">[<a href=\"http:\/\/fraynelson.com\/calendario.php\">A\u00f1ade otro evento de evangelizaci\u00f3n<\/a>: Son bienvenidas fechas futuras, por ejemplo si deseas dar a conocer alg\u00fan congreso, concierto, retiro, o similares]<\/span><\/p>\n<\/div>\n<\/td>\n<\/tr>\n<tr bgcolor=\"#ffffcc\">\n<td colspan=\"2\" valign=\"bottom\"><img loading=\"lazy\" decoding=\"async\" src=\"http:\/\/fraynelson.com\/banco_imagenes\/transparente.gif\" width=\"8\" height=\"8\" \/><a class=\"linksmenu\" href=\"http:\/\/fraynelson.com\/sistema\/boletin\/mactboletin3.php#a\"><span style=\"color: #000066; font-family: Arial, Helvetica, sans-serif; font-size: xx-small;\"><strong>[arriba]<\/strong><\/span><\/a><\/td>\n<\/tr>\n<\/tbody>\n<\/table>\n<table border=\"0\" width=\"100%\" cellspacing=\"0\" cellpadding=\"0\" bgcolor=\"#ffcd88\">\n<tbody>\n<tr>\n<td valign=\"center\" width=\"55%\"><a id=\"3h\" name=\"3h\"><\/a><\/p>\n<div align=\"left\"><a id=\"3h\" name=\"3h\"><\/a><img loading=\"lazy\" decoding=\"async\" src=\"http:\/\/fraynelson.com\/banco_imagenes\/arrow.gif\" width=\"16\" height=\"15\" \/><\/div>\n<\/td>\n<td>\n<div align=\"right\"><span class=\"titulo1\"><span style=\"color: #590b00; font-family: Arial, Helvetica, sans-serif; font-size: medium;\"><strong>Otras fechas importantes para ti<\/strong><\/span><\/span><\/div>\n<\/td>\n<\/tr>\n<tr>\n<td colspan=\"2\" valign=\"bottom\" bgcolor=\"#ffffcc\"><img loading=\"lazy\" decoding=\"async\" src=\"http:\/\/fraynelson.com\/banco_imagenes\/transparente.gif\" width=\"8\" height=\"8\" \/><\/td>\n<\/tr>\n<tr>\n<td colspan=\"2\" valign=\"top\" bgcolor=\"#ffffcc\">\n<div align=\"left\">\n<p><span style=\"color: #000000; font-family: Arial, Helvetica, sans-serif; font-size: small;\">[<a href=\"http:\/\/fraynelson.com\/calendario.php\">A\u00f1ade otros aniversarios de personas o parejas<\/a>]<\/span><\/p>\n<\/div>\n<\/td>\n<\/tr>\n<tr bgcolor=\"#ffffcc\">\n<td colspan=\"2\" valign=\"bottom\"><img loading=\"lazy\" decoding=\"async\" src=\"http:\/\/fraynelson.com\/banco_imagenes\/transparente.gif\" width=\"8\" height=\"8\" \/><a class=\"linksmenu\" href=\"http:\/\/fraynelson.com\/sistema\/boletin\/mactboletin3.php#a\"><span style=\"color: #000066; font-family: Arial, Helvetica, sans-serif; font-size: xx-small;\"><strong>[arriba]<\/strong><\/span><\/a><\/td>\n<\/tr>\n<\/tbody>\n<\/table>\n<table border=\"0\" width=\"100%\" cellspacing=\"0\" cellpadding=\"0\" bgcolor=\"#ffcd88\">\n<tbody>\n<tr>\n<td valign=\"center\" width=\"55%\"><a id=\"3i\" name=\"3i\"><\/a><\/p>\n<div align=\"left\"><a id=\"3i\" name=\"3i\"><\/a><img loading=\"lazy\" decoding=\"async\" src=\"http:\/\/fraynelson.com\/banco_imagenes\/arrow.gif\" width=\"16\" height=\"15\" \/><\/div>\n<\/td>\n<td>\n<div align=\"right\"><span class=\"titulo1\"><span style=\"color: #590b00; font-family: Arial, Helvetica, sans-serif; font-size: medium;\"><strong>Fallecieron en un d\u00eda como hoy&#8230;<\/strong><\/span><\/span><\/div>\n<\/td>\n<\/tr>\n<tr>\n<td colspan=\"2\" valign=\"bottom\" bgcolor=\"#ffffcc\"><img loading=\"lazy\" decoding=\"async\" src=\"http:\/\/fraynelson.com\/banco_imagenes\/transparente.gif\" width=\"8\" height=\"8\" \/><\/td>\n<\/tr>\n<tr>\n<td colspan=\"2\" valign=\"top\" bgcolor=\"#ffffcc\">\n<div align=\"left\">\n<p><span style=\"color: #000000; font-family: Arial, Helvetica, sans-serif; font-size: small;\"><img decoding=\"async\" src=\"http:\/\/fraynelson.com\/banco_imagenes\/difuntos.gif\" border=\"0\" \/> <b>Francisco de Paula Camacho<\/b>.- Pereira, Colombia<\/span><\/p>\n<p><span style=\"color: #000000; font-family: Arial, Helvetica, sans-serif; font-size: small;\"><img decoding=\"async\" src=\"http:\/\/fraynelson.com\/banco_imagenes\/difuntos.gif\" border=\"0\" \/> <b>Jorge Eli\u00e9cer Ruiz Quintana<\/b>.- Bogot\u00e1, Colombia (2006) &#8211; En recuerdo al fallecimiento de un mejor amigo. Intercede en el cielo por mi por favor. Yo s\u00e9 que all\u00e1 est\u00e1s.<\/span><\/p>\n<p><span style=\"color: #000000; font-family: Arial, Helvetica, sans-serif; font-size: small;\">[<a href=\"http:\/\/fraynelson.com\/calendario.php\">A\u00f1ade el nombre de personas fallecidas por las que quieres que oremos<\/a>]<\/span><\/p>\n<\/div>\n<\/td>\n<\/tr>\n<tr bgcolor=\"#ffffcc\">\n<td colspan=\"2\" valign=\"bottom\"><img loading=\"lazy\" decoding=\"async\" src=\"http:\/\/fraynelson.com\/banco_imagenes\/transparente.gif\" width=\"8\" height=\"8\" \/><a class=\"linksmenu\" href=\"http:\/\/fraynelson.com\/sistema\/boletin\/mactboletin3.php#a\"><span style=\"color: #000066; font-family: Arial, Helvetica, sans-serif; font-size: xx-small;\"><strong>[arriba]<\/strong><\/span><\/a><\/td>\n<\/tr>\n<\/tbody>\n<\/table>\n<table border=\"0\" width=\"100%\" cellspacing=\"0\" cellpadding=\"0\" bgcolor=\"#ffcd88\">\n<tbody>\n<tr>\n<td valign=\"center\" width=\"55%\"><a id=\"4\" name=\"4\"><\/a><\/p>\n<div align=\"left\"><a id=\"4\" name=\"4\"><\/a><img loading=\"lazy\" decoding=\"async\" src=\"http:\/\/fraynelson.com\/banco_imagenes\/arrow.gif\" width=\"16\" height=\"15\" \/><\/div>\n<\/td>\n<td>\n<div align=\"right\"><span class=\"titulo1\"><span style=\"color: #590b00; font-family: Arial, Helvetica, sans-serif; font-size: medium;\"><strong>Enlace recomendado para este d\u00eda<\/strong><\/span><\/span><\/div>\n<\/td>\n<\/tr>\n<tr>\n<td colspan=\"2\" valign=\"bottom\" bgcolor=\"#ffffcc\"><img loading=\"lazy\" decoding=\"async\" src=\"http:\/\/fraynelson.com\/banco_imagenes\/transparente.gif\" width=\"8\" height=\"8\" \/><\/td>\n<\/tr>\n<tr>\n<td colspan=\"2\" valign=\"top\" bgcolor=\"#ffffcc\">\n<div align=\"center\">\n<p><span style=\"color: #000000; font-family: Arial, Helvetica, sans-serif; font-size: xx-small;\"><b>Aprobar la eutanasia destruye la libertad del m\u00e9dico con \u00e9tica provida<\/b><\/span><\/p>\n<p><center><span style=\"color: #000000; font-family: Arial, Helvetica, sans-serif; font-size: xx-small;\"><a href=\"https:\/\/www.evernote.com\/shard\/s254\/sh\/8e63c4b1-62f8-41c3-9062-3f9d6b479590\/b0eabacbdb220c0baaadca908fb0f041\" target=\"_blank\" rel=\"noopener noreferrer\"><img decoding=\"async\" src=\"http:\/\/fraynelson.com\/banco_imagenes\/recomendados\/20190523.jpg\" alt=\"\" width=\"320\" border=\"0\" \/><\/a><\/span><\/p>\n<div align=\"left\">\n<p><em>&#8220;Hay m\u00e9dicos que piensan que legalizar la eutanasia no les afectar\u00eda&#8230; se equivocan, es un sistema que transforma la relaci\u00f3n m\u00e9dico-paciente y cuidar-matar..&#8221; Haz click <a href=\"https:\/\/www.evernote.com\/shard\/s254\/sh\/8e63c4b1-62f8-41c3-9062-3f9d6b479590\/b0eabacbdb220c0baaadca908fb0f041\" target=\"_blank\" rel=\"noopener noreferrer\">AQU\u00cd<\/a>.<\/em><\/p>\n<\/div>\n<p><\/center><\/div>\n<\/td>\n<\/tr>\n<tr bgcolor=\"#ffffcc\">\n<td colspan=\"2\" valign=\"bottom\"><img loading=\"lazy\" decoding=\"async\" src=\"http:\/\/fraynelson.com\/banco_imagenes\/transparente.gif\" width=\"8\" height=\"8\" \/><a class=\"linksmenu\" href=\"http:\/\/fraynelson.com\/sistema\/boletin\/mactboletin3.php#a\"><span style=\"color: #000066; font-family: Arial, Helvetica, sans-serif; font-size: xx-small;\"><strong>[arriba]<\/strong><\/span><\/a><\/td>\n<\/tr>\n<\/tbody>\n<\/table>\n<table border=\"0\" width=\"100%\" cellspacing=\"0\" cellpadding=\"0\" bgcolor=\"#ffcd88\">\n<tbody>\n<tr>\n<td valign=\"center\" width=\"55%\"><a id=\"5\" name=\"5\"><\/a><\/p>\n<div align=\"left\"><a id=\"5\" name=\"5\"><\/a><img loading=\"lazy\" decoding=\"async\" src=\"http:\/\/fraynelson.com\/banco_imagenes\/arrow.gif\" width=\"16\" height=\"15\" \/><\/div>\n<\/td>\n<td>\n<div align=\"right\"><span class=\"titulo1\"><span style=\"color: #590b00; font-family: Arial, Helvetica, sans-serif; font-size: medium;\"><strong>Un poco de <span style=\"color: red;\"><em>Humor&#8230;<\/em><\/span><\/strong><\/span><\/span><\/div>\n<\/td>\n<\/tr>\n<tr>\n<td colspan=\"2\" valign=\"bottom\" bgcolor=\"#ffffcc\"><img loading=\"lazy\" decoding=\"async\" src=\"http:\/\/fraynelson.com\/banco_imagenes\/transparente.gif\" width=\"8\" height=\"8\" \/><\/td>\n<\/tr>\n<tr>\n<td colspan=\"2\" valign=\"top\" bgcolor=\"#ffffcc\">\n<div align=\"center\">\n<p><span style=\"color: #000000; font-family: Arial, Helvetica, sans-serif; font-size: xx-small;\"><b>No es tan bonito el chiste<\/b><\/span><\/p>\n<div align=\"left\">\n<p><span style=\"color: #000000; font-family: Arial, Helvetica, sans-serif; font-size: xx-small;\">Me encanta ir a la escuela. &#8211; Un piojo.<\/span><\/p>\n<\/div>\n<\/div>\n<\/td>\n<\/tr>\n<tr bgcolor=\"#ffffcc\">\n<td colspan=\"2\" valign=\"bottom\"><img loading=\"lazy\" decoding=\"async\" src=\"http:\/\/fraynelson.com\/banco_imagenes\/transparente.gif\" width=\"8\" height=\"8\" \/><a class=\"linksmenu\" href=\"http:\/\/fraynelson.com\/sistema\/boletin\/mactboletin3.php#a\"><span style=\"color: #000066; font-family: Arial, Helvetica, sans-serif; font-size: xx-small;\"><strong>[arriba]<\/strong><\/span><\/a><\/td>\n<\/tr>\n<\/tbody>\n<\/table>\n<hr \/>\n<hr \/>\n<p><center><\/p>\n<h2>Palabra de Dios<br \/>\npara alimentar tu d\u00eda<\/h2>\n<p><\/center><\/p>\n<hr \/>\n<table border=\"0\" width=\"100%\" cellspacing=\"0\" cellpadding=\"0\" bgcolor=\"#ffcd88\">\n<tbody>\n<tr>\n<td colspan=\"2\" valign=\"top\" bgcolor=\"#ffffff\">\n<div align=\"center\">\n<p><span style=\"color: #000000; font-family: Arial, Helvetica, sans-serif; font-size: small;\">Tiempo de Pascua,<br \/>\nSemana No. 5, Jueves<\/span><\/p>\n<\/div>\n<\/td>\n<\/tr>\n<\/tbody>\n<\/table>\n<hr \/>\n<table border=\"0\" width=\"100%\" cellspacing=\"0\" cellpadding=\"0\" bgcolor=\"#ffcd88\">\n<tbody>\n<tr>\n<td valign=\"center\" width=\"55%\"><a id=\"6\" name=\"6\"><\/a><\/p>\n<div align=\"left\"><a id=\"6\" name=\"6\"><\/a><img loading=\"lazy\" decoding=\"async\" src=\"http:\/\/fraynelson.com\/banco_imagenes\/arrow.gif\" width=\"16\" height=\"15\" \/><\/div>\n<\/td>\n<td>\n<div align=\"right\"><span class=\"titulo1\"><span style=\"color: #590b00; font-family: Arial, Helvetica, sans-serif; font-size: medium;\"><strong>Lecturas de la S. Biblia<\/strong><\/span><\/span><\/div>\n<\/td>\n<\/tr>\n<tr>\n<td colspan=\"2\" valign=\"bottom\" bgcolor=\"#ffffcc\"><img loading=\"lazy\" decoding=\"async\" src=\"http:\/\/fraynelson.com\/banco_imagenes\/transparente.gif\" width=\"8\" height=\"8\" \/><\/td>\n<\/tr>\n<tr>\n<td colspan=\"2\" valign=\"top\" bgcolor=\"#ffffcc\">\n<div align=\"justify\">\n<p><span style=\"color: #000000; font-family: Arial, Helvetica, sans-serif; font-size: small;\"><b>Temas de las lecturas: <\/b>A mi parecer, no hay que molestar a los gentiles que se convierten a Dios * Contad las maravillas del Se\u00f1or a todas las naciones. * Permaneced en mi amor, para que vuestra alegr\u00eda llegue a plenitud<\/span><\/p>\n<p><span style=\"color: #000000; font-family: Arial, Helvetica, sans-serif; font-size: small;\"><b>Textos para este d\u00eda: <\/b><\/span><\/p>\n<p><span style=\"color: #000000; font-family: Arial, Helvetica, sans-serif; font-size: small;\"><b>Hechos 15,7-21<\/b>: <\/span><\/p>\n<p><span style=\"color: #000000; font-family: Arial, Helvetica, sans-serif; font-size: small;\">En aquellos d\u00edas, despu\u00e9s de una fuerte discusi\u00f3n, se levant\u00f3 Pedro y dijo a los ap\u00f3stoles y a los presb\u00edteros: &#8220;Hermanos, desde los primeros d\u00edas, como sab\u00e9is, Dios me escogi\u00f3 entre vosotros para que los gentiles oyeran de mi boca el mensaje del Evangelio, y creyeran. Y Dios, que penetra los corazones, mostr\u00f3 su aprobaci\u00f3n d\u00e1ndoles el Esp\u00edritu Santo igual que a nosotros. No hizo distinci\u00f3n entre ellos y nosotros, pues ha purificado sus corazones con la fe. \u00bfPor qu\u00e9 provoc\u00e1is a Dios ahora, imponiendo a esos disc\u00edpulos una carga que ni nosotros ni nuestros padres hemos podido soportar? No; creemos que lo mismo ellos que nosotros nos salvamos por la gracia del Se\u00f1or Jes\u00fas.&#8221; <\/span><\/p>\n<p><span style=\"color: #000000; font-family: Arial, Helvetica, sans-serif; font-size: small;\">Toda la asamblea hizo silencio para escuchar a Bernab\u00e9 y Pablo, que les contaron los signos y prodigios que Dios hab\u00eda hecho por medio de ellos entre los gentiles. Cuando terminaron, Santiago resumi\u00f3 la discusi\u00f3n, diciendo: &#8220;Escuchadme, hermanos: Sim\u00f3n ha contado la primera intervenci\u00f3n de Dios para escogerse un pueblo entre los gentiles. Esto responde a lo que dijeron los profetas: &#8220;Despu\u00e9s volver\u00e9 para levantar de nuevo la choza ca\u00edda de David; levantar\u00e9 sus ruinas y la pondr\u00e9 en pie, para que los dem\u00e1s hombres busquen al Se\u00f1or, y todos los gentiles que llevar\u00e1n mi nombre: lo dice el Se\u00f1or, que lo anunci\u00f3 desde antiguo.&#8221; Por eso, a mi parecer, no hay que molestar a los gentiles que se convierten a Dios; basta escribirles que no se contaminen con la idolatr\u00eda ni con la fornicaci\u00f3n y que no coman sangre ni animales estrangulados. Porque durante muchas generaciones, en la sinagoga de cada ciudad, han le\u00eddo a Mois\u00e9s todos los s\u00e1bados y lo han explicado.&#8221;<\/span><\/p>\n<p><span style=\"color: #000000; font-family: Arial, Helvetica, sans-serif; font-size: small;\"><b>Salmo 95<\/b>: <\/span><\/p>\n<p><span style=\"color: #000000; font-family: Arial, Helvetica, sans-serif; font-size: small;\">Cantad al Se\u00f1or un c\u00e1ntico nuevo, \/ cantad al Se\u00f1or, toda la tierra; \/ cantad al Se\u00f1or, bendecid su nombre. R. <\/span><\/p>\n<p><span style=\"color: #000000; font-family: Arial, Helvetica, sans-serif; font-size: small;\">Proclamad d\u00eda tras d\u00eda su victoria. \/ Contad a los pueblos su gloria, \/ sus maravillas a todas las naciones. R. <\/span><\/p>\n<p><span style=\"color: #000000; font-family: Arial, Helvetica, sans-serif; font-size: small;\">Decid a los pueblos: &#8220;El Se\u00f1or es rey, \/ \u00e9l afianz\u00f3 el orbe, y no se mover\u00e1; \/ \u00e9l gobierna a los pueblos rectamente.&#8221; R.<\/span><\/p>\n<p><span style=\"color: #000000; font-family: Arial, Helvetica, sans-serif; font-size: small;\"><b>Juan 15,9-11<\/b>: <\/span><\/p>\n<p><span style=\"color: #000000; font-family: Arial, Helvetica, sans-serif; font-size: small;\">En aquel tiempo, dijo Jes\u00fas a sus disc\u00edpulos: &#8220;Como el Padre me ha amado, as\u00ed os he amado yo; permaneced en mi amor. Si guard\u00e1is mis mandamientos, permanecer\u00e9is en mi amor; lo mismo que yo he guardado los mandamientos de mi Padre y permanezco en su amor. Os he hablado de esto para que mi alegr\u00eda est\u00e9 en vosotros, y vuestra alegr\u00eda llegue a plenitud.&#8221;<\/span><\/p>\n<\/div>\n<\/td>\n<\/tr>\n<tr bgcolor=\"#ffffcc\">\n<td colspan=\"2\" valign=\"bottom\"><img loading=\"lazy\" decoding=\"async\" src=\"http:\/\/fraynelson.com\/banco_imagenes\/transparente.gif\" width=\"8\" height=\"8\" \/><a class=\"linksmenu\" href=\"http:\/\/fraynelson.com\/sistema\/boletin\/mactboletin3.php#a\"><span style=\"color: #000066; font-family: Arial, Helvetica, sans-serif; font-size: xx-small;\"><strong>[arriba]<\/strong><\/span><\/a><\/td>\n<\/tr>\n<\/tbody>\n<\/table>\n<table border=\"0\" width=\"100%\" cellspacing=\"0\" cellpadding=\"0\" bgcolor=\"#ffcd88\">\n<tbody>\n<tr>\n<td valign=\"center\" width=\"55%\"><a id=\"7\" name=\"7\"><\/a><\/p>\n<div align=\"left\"><a id=\"7\" name=\"7\"><\/a><img loading=\"lazy\" decoding=\"async\" src=\"http:\/\/fraynelson.com\/banco_imagenes\/arrow.gif\" width=\"16\" height=\"15\" \/><\/div>\n<\/td>\n<td>\n<div align=\"right\"><span class=\"titulo1\"><span style=\"color: #590b00; font-family: Arial, Helvetica, sans-serif; font-size: medium;\"><strong>Homil\u00edas para escuchar<\/strong><\/span><\/span><\/div>\n<\/td>\n<\/tr>\n<tr>\n<td colspan=\"2\" valign=\"bottom\" bgcolor=\"#ffffcc\"><img loading=\"lazy\" decoding=\"async\" src=\"http:\/\/fraynelson.com\/banco_imagenes\/transparente.gif\" width=\"8\" height=\"8\" \/><\/td>\n<\/tr>\n<tr>\n<td colspan=\"2\" valign=\"top\" bgcolor=\"#ffffcc\">\n<div align=\"center\">\n<table border=\"2\" width=\"80%\" cellspacing=\"2\" cellpadding=\"2\">\n<tbody>\n<tr>\n<th valign=\"center\" bgcolor=\"#ffcc99\">\n<h4>Versi\u00f3n<\/h4>\n<\/th>\n<th valign=\"center\" bgcolor=\"#ffcc99\">\n<h4>Fecha<\/h4>\n<\/th>\n<th valign=\"center\" bgcolor=\"#ffcc99\">\n<h4>Escuchar<\/h4>\n<\/th>\n<th valign=\"center\" bgcolor=\"#ffcc99\">\n<h4>M\u00e1s&#8230;<\/h4>\n<\/th>\n<\/tr>\n<tr>\n<td bgcolor=\"#FFFFBD\">\n<p align=\"center\">1<\/p>\n<\/td>\n<td bgcolor=\"#FFFFBD\">2001\/05\/17<\/td>\n<td bgcolor=\"#FFFFBD\"><a href=\"http:\/\/fraynelson.com\/homilias.php?year=2019&amp;mon=05&amp;mday=23#1p054001amp3\"><img decoding=\"async\" title=\"Haz click para escuchar o grabar una versi\u00f3n en MP3\" src=\"http:\/\/fraynelson.com\/banco_imagenes\/mp3_icon.gif\" alt=\"Haz click para escuchar o grabar una versi\u00f3n en MP3\" border=\"0\" \/><\/a><br \/>\n<span style=\"color: brown;\"><i>El cristiano maduro es el que sabe ser duro consigo mismo y amplio con los dem\u00e1s.<\/i><\/span><br \/>\n<b><\/b><\/td>\n<td bgcolor=\"#FFFFBD\">\n<p align=\"center\"><a href=\"http:\/\/fraynelson.com\/wiki2\/index.php?title=p054001a\"><img decoding=\"async\" title=\"Click normal para ir a la transcripci\u00f3n\" src=\"http:\/\/fraynelson.com\/banco_imagenes\/text_icon.gif\" alt=\"Click normal para ir a la transcripci\u00f3n\" border=\"0\" \/><\/a><\/p>\n<\/td>\n<\/tr>\n<tr>\n<td bgcolor=\"#FFFFBD\">\n<p align=\"center\">2<\/p>\n<\/td>\n<td bgcolor=\"#FFFFBD\">2010\/05\/06<\/td>\n<td bgcolor=\"#FFFFBD\"><a href=\"http:\/\/fraynelson.com\/homilias.php?year=2019&amp;mon=05&amp;mday=23#2p054002amp3\"><img decoding=\"async\" title=\"Haz click para escuchar o grabar una versi\u00f3n en MP3\" src=\"http:\/\/fraynelson.com\/banco_imagenes\/mp3_icon.gif\" alt=\"Haz click para escuchar o grabar una versi\u00f3n en MP3\" border=\"0\" \/><\/a><br \/>\n<i><\/i><br \/>\n<b><\/b><\/td>\n<td bgcolor=\"#FFFFBD\">\n<p align=\"center\"><a href=\"http:\/\/fraynelson.com\/wiki2\/index.php?title=p054002a\"><img decoding=\"async\" title=\"Click normal para ir a la transcripci\u00f3n\" src=\"http:\/\/fraynelson.com\/banco_imagenes\/text_icon.gif\" alt=\"Click normal para ir a la transcripci\u00f3n\" border=\"0\" \/><\/a><\/p>\n<\/td>\n<\/tr>\n<tr>\n<td bgcolor=\"#FFFFBD\">\n<p align=\"center\">3<\/p>\n<\/td>\n<td bgcolor=\"#FFFFBD\">2011\/05\/26<\/td>\n<td bgcolor=\"#FFFFBD\"><a href=\"http:\/\/fraynelson.com\/homilias.php?year=2019&amp;mon=05&amp;mday=23#3p054003amp3\"><img decoding=\"async\" title=\"Haz click para escuchar o grabar una versi\u00f3n en MP3\" src=\"http:\/\/fraynelson.com\/banco_imagenes\/mp3_icon.gif\" alt=\"Haz click para escuchar o grabar una versi\u00f3n en MP3\" border=\"0\" \/><\/a><br \/>\n<span style=\"color: brown;\"><i>Lo mismo que los organismos vivos, la Iglesia est\u00e1 sujeta a las leyes del crecimiento: necesita ser fiel, pero a la vez, avanzar en la comprensi\u00f3n y el compartir de la riqueza que lleva dentro.<\/i><\/span><br \/>\n<b><\/b><\/td>\n<td bgcolor=\"#FFFFBD\">\n<p align=\"center\"><a href=\"http:\/\/fraynelson.com\/wiki2\/index.php?title=p054003a\"><img decoding=\"async\" title=\"Click normal para ir a la transcripci\u00f3n\" src=\"http:\/\/fraynelson.com\/banco_imagenes\/text_icon.gif\" alt=\"Click normal para ir a la transcripci\u00f3n\" border=\"0\" \/><\/a><\/p>\n<\/td>\n<\/tr>\n<tr>\n<td bgcolor=\"#FFFFBD\">\n<p align=\"center\">4<\/p>\n<\/td>\n<td bgcolor=\"#FFFFBD\">2011\/05\/26<\/td>\n<td bgcolor=\"#FFFFBD\"><a href=\"http:\/\/fraynelson.com\/homilias.php?year=2019&amp;mon=05&amp;mday=23#4p054004amp3\"><img decoding=\"async\" title=\"Haz click para escuchar o grabar una versi\u00f3n en MP3\" src=\"http:\/\/fraynelson.com\/banco_imagenes\/mp3_icon.gif\" alt=\"Haz click para escuchar o grabar una versi\u00f3n en MP3\" border=\"0\" \/><\/a><br \/>\n<span style=\"color: brown;\"><i>Frente al pr\u00f3jimo que te decepciona o hiere, \u00bfte encierras en tus intereses o manifiestas que Dios es la fuente inagotable de tu amor, tu paz y tu perd\u00f3n? Tal es el desaf\u00edo que trae Cristo.<\/i><\/span><br \/>\n<b><\/b><\/td>\n<td bgcolor=\"#FFFFBD\">\n<p align=\"center\"><a href=\"http:\/\/fraynelson.com\/wiki2\/index.php?title=p054004a\"><img decoding=\"async\" title=\"Click normal para ir a la transcripci\u00f3n\" src=\"http:\/\/fraynelson.com\/banco_imagenes\/text_icon.gif\" alt=\"Click normal para ir a la transcripci\u00f3n\" border=\"0\" \/><\/a><\/p>\n<\/td>\n<\/tr>\n<tr>\n<td bgcolor=\"#FFFFBD\">\n<p align=\"center\">5<\/p>\n<\/td>\n<td bgcolor=\"#FFFFBD\">2012\/05\/10<\/td>\n<td bgcolor=\"#FFFFBD\"><a href=\"http:\/\/fraynelson.com\/homilias.php?year=2019&amp;mon=05&amp;mday=23#5p054005amp3\"><img decoding=\"async\" title=\"Haz click para escuchar o grabar una versi\u00f3n en MP3\" src=\"http:\/\/fraynelson.com\/banco_imagenes\/mp3_icon.gif\" alt=\"Haz click para escuchar o grabar una versi\u00f3n en MP3\" border=\"0\" \/><\/a><br \/>\n<span style=\"color: brown;\"><i>Algunos eventos m\u00e1s importantes del Concilio de Jerusal\u00e9n, que trat\u00f3 de la vigencia de la Ley de Mois\u00e9s para los cristianos.<\/i><\/span><br \/>\n<b><\/b><\/td>\n<td bgcolor=\"#FFFFBD\">\n<p align=\"center\"><a href=\"http:\/\/fraynelson.com\/wiki2\/index.php?title=p054005a\"><img decoding=\"async\" title=\"Click normal para ir a la transcripci\u00f3n\" src=\"http:\/\/fraynelson.com\/banco_imagenes\/text_icon.gif\" alt=\"Click normal para ir a la transcripci\u00f3n\" border=\"0\" \/><\/a><\/p>\n<\/td>\n<\/tr>\n<tr>\n<td bgcolor=\"#FFFFBD\">\n<p align=\"center\">6<\/p>\n<\/td>\n<td bgcolor=\"#FFFFBD\">2012\/05\/10<\/td>\n<td bgcolor=\"#FFFFBD\"><a href=\"http:\/\/fraynelson.com\/homilias.php?year=2019&amp;mon=05&amp;mday=23#6p054006amp3\"><img decoding=\"async\" title=\"Haz click para escuchar o grabar una versi\u00f3n en MP3\" src=\"http:\/\/fraynelson.com\/banco_imagenes\/mp3_icon.gif\" alt=\"Haz click para escuchar o grabar una versi\u00f3n en MP3\" border=\"0\" \/><\/a><br \/>\n<span style=\"color: brown;\"><i>Permanecer en el amor de Cristo es darle oportunidad y tiempo de que haga completa su obra en nosotros.<\/i><\/span><br \/>\n<b><\/b><\/td>\n<td bgcolor=\"#FFFFBD\">\n<p align=\"center\"><a href=\"http:\/\/fraynelson.com\/wiki2\/index.php?title=p054006a\"><img decoding=\"async\" title=\"Click normal para ir a la transcripci\u00f3n\" src=\"http:\/\/fraynelson.com\/banco_imagenes\/text_icon.gif\" alt=\"Click normal para ir a la transcripci\u00f3n\" border=\"0\" \/><\/a><\/p>\n<\/td>\n<\/tr>\n<tr>\n<td bgcolor=\"#FFFFBD\">\n<p align=\"center\">7<\/p>\n<\/td>\n<td bgcolor=\"#FFFFBD\">2013\/05\/02<\/td>\n<td bgcolor=\"#FFFFBD\"><a href=\"http:\/\/fraynelson.com\/homilias.php?year=2019&amp;mon=05&amp;mday=23#7p054007amp3\"><img decoding=\"async\" title=\"Haz click para escuchar o grabar una versi\u00f3n en MP3\" src=\"http:\/\/fraynelson.com\/banco_imagenes\/mp3_icon.gif\" alt=\"Haz click para escuchar o grabar una versi\u00f3n en MP3\" border=\"0\" \/><\/a><br \/>\n<span style=\"color: brown;\"><i>\u00bfC\u00f3mo se articulan los mandamientos, el amor y la alegr\u00eda?<\/i><\/span><br \/>\n<b><\/b><\/td>\n<td bgcolor=\"#FFFFBD\">\n<p align=\"center\"><a href=\"http:\/\/fraynelson.com\/wiki2\/index.php?title=p054007a\"><img decoding=\"async\" title=\"Click normal para ir a la transcripci\u00f3n\" src=\"http:\/\/fraynelson.com\/banco_imagenes\/text_icon.gif\" alt=\"Click normal para ir a la transcripci\u00f3n\" border=\"0\" \/><\/a><\/p>\n<\/td>\n<\/tr>\n<tr>\n<td bgcolor=\"#FFFFBD\">\n<p align=\"center\">8<\/p>\n<\/td>\n<td bgcolor=\"#FFFFBD\">2014\/05\/22<\/td>\n<td bgcolor=\"#FFFFBD\"><a href=\"http:\/\/fraynelson.com\/homilias.php?year=2019&amp;mon=05&amp;mday=23#8p054008amp3\"><img decoding=\"async\" title=\"Haz click para escuchar o grabar una versi\u00f3n en MP3\" src=\"http:\/\/fraynelson.com\/banco_imagenes\/mp3_icon.gif\" alt=\"Haz click para escuchar o grabar una versi\u00f3n en MP3\" border=\"0\" \/><\/a><br \/>\n<span style=\"color: brown;\"><i>Obedecer al que sabemos que de verdad nos ama no destruye sino que hace firme la alegr\u00eda.<\/i><\/span><br \/>\n<b><\/b><\/td>\n<td bgcolor=\"#FFFFBD\">\n<p align=\"center\"><a href=\"http:\/\/fraynelson.com\/wiki2\/index.php?title=p054008a\"><img decoding=\"async\" title=\"Click normal para ir a la transcripci\u00f3n\" src=\"http:\/\/fraynelson.com\/banco_imagenes\/text_icon.gif\" alt=\"Click normal para ir a la transcripci\u00f3n\" border=\"0\" \/><\/a><\/p>\n<\/td>\n<\/tr>\n<tr>\n<td bgcolor=\"#FFFFBD\">\n<p align=\"center\">9<\/p>\n<\/td>\n<td bgcolor=\"#FFFFBD\">2014\/05\/22<\/td>\n<td bgcolor=\"#FFFFBD\"><a href=\"http:\/\/fraynelson.com\/homilias.php?year=2019&amp;mon=05&amp;mday=23#9p054009amp3\"><img decoding=\"async\" title=\"Haz click para escuchar o grabar una versi\u00f3n en MP3\" src=\"http:\/\/fraynelson.com\/banco_imagenes\/mp3_icon.gif\" alt=\"Haz click para escuchar o grabar una versi\u00f3n en MP3\" border=\"0\" \/><\/a><br \/>\n<span style=\"color: brown;\"><i>Dios Padre es a Cristo, como Cristo es a a nosotros: lo que ello implica en cuanto a amar y obedecer.<\/i><\/span><br \/>\n<b><\/b><\/td>\n<td bgcolor=\"#FFFFBD\">\n<p align=\"center\"><a href=\"http:\/\/fraynelson.com\/wiki2\/index.php?title=p054009a\"><img decoding=\"async\" title=\"Click normal para ir a la transcripci\u00f3n\" src=\"http:\/\/fraynelson.com\/banco_imagenes\/text_icon.gif\" alt=\"Click normal para ir a la transcripci\u00f3n\" border=\"0\" \/><\/a><\/p>\n<\/td>\n<\/tr>\n<tr>\n<td bgcolor=\"#FFFFBD\">\n<p align=\"center\">10<\/p>\n<\/td>\n<td bgcolor=\"#FFFFBD\">2015\/05\/07<\/td>\n<td bgcolor=\"#FFFFBD\"><a href=\"http:\/\/fraynelson.com\/homilias.php?year=2019&amp;mon=05&amp;mday=23#10p054010amp3\"><img decoding=\"async\" title=\"Haz click para escuchar o grabar una versi\u00f3n en MP3\" src=\"http:\/\/fraynelson.com\/banco_imagenes\/mp3_icon.gif\" alt=\"Haz click para escuchar o grabar una versi\u00f3n en MP3\" border=\"0\" \/><\/a><br \/>\n<span style=\"color: brown;\"><i>La alegr\u00eda del Evangelio es se\u00f1al de que el bien recibido es real, propio y adecuado a nuestra naturaleza y necesidades m\u00e1s profundas.<\/i><\/span><br \/>\n<b><\/b><\/td>\n<td bgcolor=\"#FFFFBD\">\n<p align=\"center\"><a href=\"http:\/\/fraynelson.com\/wiki2\/index.php?title=p054010a\"><img decoding=\"async\" title=\"Click normal para ir a la transcripci\u00f3n\" src=\"http:\/\/fraynelson.com\/banco_imagenes\/text_icon.gif\" alt=\"Click normal para ir a la transcripci\u00f3n\" border=\"0\" \/><\/a><\/p>\n<\/td>\n<\/tr>\n<tr>\n<td bgcolor=\"#FFFFBD\">\n<p align=\"center\">11<\/p>\n<\/td>\n<td bgcolor=\"#FFFFBD\">2015\/05\/07<\/td>\n<td bgcolor=\"#FFFFBD\"><a href=\"http:\/\/fraynelson.com\/homilias.php?year=2019&amp;mon=05&amp;mday=23#11p054011amp3\"><img decoding=\"async\" title=\"Haz click para escuchar o grabar una versi\u00f3n en MP3\" src=\"http:\/\/fraynelson.com\/banco_imagenes\/mp3_icon.gif\" alt=\"Haz click para escuchar o grabar una versi\u00f3n en MP3\" border=\"0\" \/><\/a><br \/>\n<span style=\"color: brown;\"><i>La cuesti\u00f3n de fondo en el Concilio de Jerusal\u00e9n es buscar c\u00f3mo entregar \u00edntegro y pleno el dep\u00f3sito de la fe a todos.<\/i><\/span><br \/>\n<b><\/b><\/td>\n<td bgcolor=\"#FFFFBD\">\n<p align=\"center\"><a href=\"http:\/\/fraynelson.com\/wiki2\/index.php?title=p054011a\"><img decoding=\"async\" title=\"Click normal para ir a la transcripci\u00f3n\" src=\"http:\/\/fraynelson.com\/banco_imagenes\/text_icon.gif\" alt=\"Click normal para ir a la transcripci\u00f3n\" border=\"0\" \/><\/a><\/p>\n<\/td>\n<\/tr>\n<tr>\n<td bgcolor=\"#FFFFBD\">\n<p align=\"center\">12<\/p>\n<\/td>\n<td bgcolor=\"#FFFFBD\">2016\/04\/28<\/td>\n<td bgcolor=\"#FFFFBD\"><a href=\"http:\/\/fraynelson.com\/homilias.php?year=2019&amp;mon=05&amp;mday=23#12p054012amp3\"><img decoding=\"async\" title=\"Haz click para escuchar o grabar una versi\u00f3n en MP3\" src=\"http:\/\/fraynelson.com\/banco_imagenes\/mp3_icon.gif\" alt=\"Haz click para escuchar o grabar una versi\u00f3n en MP3\" border=\"0\" \/><\/a><br \/>\n<span style=\"color: brown;\"><i>Las crisis bien llevadas son procesos de crecimiento, pues nos ayudan a profundizar en nuestras verdaderas ra\u00edces y a encontrar la voluntad del Se\u00f1or.<\/i><\/span><br \/>\n<b><\/b><\/td>\n<td bgcolor=\"#FFFFBD\">\n<p align=\"center\"><a href=\"http:\/\/fraynelson.com\/wiki2\/index.php?title=p054012a\"><img decoding=\"async\" title=\"Click normal para ir a la transcripci\u00f3n\" src=\"http:\/\/fraynelson.com\/banco_imagenes\/text_icon.gif\" alt=\"Click normal para ir a la transcripci\u00f3n\" border=\"0\" \/><\/a><\/p>\n<\/td>\n<\/tr>\n<tr>\n<td bgcolor=\"#FFFFBD\">\n<p align=\"center\">13<\/p>\n<\/td>\n<td bgcolor=\"#FFFFBD\">2017\/05\/18<\/td>\n<td bgcolor=\"#FFFFBD\"><a href=\"http:\/\/fraynelson.com\/homilias.php?year=2019&amp;mon=05&amp;mday=23#13p054013amp3\"><img decoding=\"async\" title=\"Haz click para escuchar o grabar una versi\u00f3n en MP3\" src=\"http:\/\/fraynelson.com\/banco_imagenes\/mp3_icon.gif\" alt=\"Haz click para escuchar o grabar una versi\u00f3n en MP3\" border=\"0\" \/><\/a><br \/>\n<span style=\"color: brown;\"><i>La vida nueva, la genuina salvaci\u00f3n s\u00f3lo viene del sacrificio de Jesucristo en la cruz y de la afirmaci\u00f3n viva y creyente de la efusi\u00f3n del Esp\u00edritu Santo.<\/i><\/span><br \/>\n<b><\/b><\/td>\n<td bgcolor=\"#FFFFBD\">\n<p align=\"center\"><a href=\"http:\/\/fraynelson.com\/wiki2\/index.php?title=p054013a\"><img decoding=\"async\" title=\"Click normal para ir a la transcripci\u00f3n\" src=\"http:\/\/fraynelson.com\/banco_imagenes\/text_icon.gif\" alt=\"Click normal para ir a la transcripci\u00f3n\" border=\"0\" \/><\/a><\/p>\n<\/td>\n<\/tr>\n<tr>\n<td bgcolor=\"#FFFFBD\">\n<p align=\"center\">14<\/p>\n<\/td>\n<td bgcolor=\"#FFFFBD\">2019\/05\/23<\/td>\n<td bgcolor=\"#FFFFBD\"><a href=\"http:\/\/fraynelson.com\/homilias.php?year=2019&amp;mon=05&amp;mday=23#14p054014amp3\"><img decoding=\"async\" title=\"Haz click para escuchar o grabar una versi\u00f3n en MP3\" src=\"http:\/\/fraynelson.com\/banco_imagenes\/mp3_icon.gif\" alt=\"Haz click para escuchar o grabar una versi\u00f3n en MP3\" border=\"0\" \/><\/a><br \/>\n<span style=\"color: brown;\"><i>La alegr\u00eda de Cristo es que el plan de Dios se realice: las personas reciben conversi\u00f3n por la fuerza del Evangelio y conocen al Padre d\u00e1ndole gloria.<\/i><\/span><br \/>\n<b><\/b><\/td>\n<td bgcolor=\"#FFFFBD\">\n<p align=\"center\"><a href=\"http:\/\/fraynelson.com\/wiki2\/index.php?title=p054014a\"><img decoding=\"async\" title=\"Click normal para ir a la transcripci\u00f3n\" src=\"http:\/\/fraynelson.com\/banco_imagenes\/text_icon.gif\" alt=\"Click normal para ir a la transcripci\u00f3n\" border=\"0\" \/><\/a><\/p>\n<\/td>\n<\/tr>\n<\/tbody>\n<\/table>\n<\/div>\n<\/td>\n<\/tr>\n<tr bgcolor=\"#fffff0\">\n<td colspan=\"2\">\n<p align=\"center\"><span style=\"color: #000000; font-family: Arial, Helvetica, sans-serif; font-size: small;\">M\u00e1s informaci\u00f3n sobre este d\u00eda <a href=\"http:\/\/fraynelson.com\/homilias.php?year=2019&amp;mon=05&amp;mday=23\">aqu\u00ed<\/a><\/span><\/p>\n<\/td>\n<\/tr>\n<tr bgcolor=\"#ffffcc\">\n<td colspan=\"2\" valign=\"bottom\"><img loading=\"lazy\" decoding=\"async\" src=\"http:\/\/fraynelson.com\/banco_imagenes\/transparente.gif\" width=\"8\" height=\"8\" \/><a class=\"linksmenu\" href=\"http:\/\/fraynelson.com\/sistema\/boletin\/mactboletin3.php#a\"><span style=\"color: #000066; font-family: Arial, Helvetica, sans-serif; font-size: xx-small;\"><strong>[arriba]<\/strong><\/span><\/a><\/td>\n<\/tr>\n<\/tbody>\n<\/table>\n<table border=\"0\" width=\"100%\" cellspacing=\"0\" cellpadding=\"0\" bgcolor=\"#ffcd88\">\n<tbody>\n<tr>\n<td valign=\"center\" width=\"55%\">\n<div align=\"left\"><img loading=\"lazy\" decoding=\"async\" src=\"http:\/\/fraynelson.com\/banco_imagenes\/arrow.gif\" width=\"16\" height=\"15\" \/><\/div>\n<\/td>\n<td>\n<div align=\"right\"><span class=\"titulo1\"><span style=\"color: #590b00; font-family: Arial, Helvetica, sans-serif; font-size: medium;\"><strong>Homil\u00eda para leer<\/strong><\/span><\/span><\/div>\n<\/td>\n<\/tr>\n<tr>\n<td colspan=\"2\" valign=\"bottom\" bgcolor=\"#ffffcc\"><img loading=\"lazy\" decoding=\"async\" src=\"http:\/\/fraynelson.com\/banco_imagenes\/transparente.gif\" width=\"8\" height=\"8\" \/><\/td>\n<\/tr>\n<tr>\n<td colspan=\"2\" valign=\"top\" bgcolor=\"#ffffcc\">\n<div align=\"justify\">\n<p><span style=\"color: #000000; font-family: Arial, Helvetica, sans-serif; font-size: small;\"><b>Temas de las lecturas: <\/b>A mi parecer, no hay que molestar a los gentiles que se convierten a Dios * Contad las maravillas del Se\u00f1or a todas las naciones. * Permaneced en mi amor, para que vuestra alegr\u00eda llegue a plenitud<\/span><\/p>\n<h4><span style=\"color: #000000; font-family: Arial, Helvetica, sans-serif; font-size: small;\">1. Una decisi\u00f3n que hizo historia<\/span><\/h4>\n<p>1.1 El \u201casunto de la circuncisi\u00f3n\u201d de que nos habla la primera lectura de hoy no era algo tan lejano ni tan complicado ni tan in\u00fatil como puede parecernos f\u00e1cilmente.<\/p>\n<p>1.2 La circuncisi\u00f3n era la se\u00f1al visible de la pertenencia al pueblo de Abraham, seg\u00fan dijo Dios al que es padre de todos nosotros en la fe: \u201cEste es mi pacto que guardar\u00e9is, entre yo y vosotros y tu descendencia despu\u00e9s de ti: Todo var\u00f3n de entre vosotros ser\u00e1 circuncidado. Ser\u00e9is circuncidados en la carne de vuestro prepucio, y esto ser\u00e1 la se\u00f1al de mi pacto con vosotros. A la edad de ocho d\u00edas ser\u00e1 circuncidado entre vosotros todo var\u00f3n por vuestras generaciones; asimismo el siervo nacido en tu casa, o que sea comprado con dinero a cualquier extranjero, que no sea de tu descendencia. Ciertamente ha de ser circuncidado el siervo nacido en tu casa o el comprado con tu dinero; as\u00ed estar\u00e1 mi pacto en vuestra carne como pacto perpetuo\u201d (Gen 17,10-13).<\/p>\n<p>1.3 Y aunque esta se\u00f1al fuera propia de los varones solamente, quedaba entendido, seg\u00fan la mentalidad de la \u00e9poca, que el rumbo de toda familia y la religi\u00f3n propia de cada hogar, lo mismo que su vida moral y las palabras de ense\u00f1anza, correspond\u00edan todas al var\u00f3n, de modo que era claro que entrar en la circuncisi\u00f3n era darle una familia a Dios. Y as\u00ed, cuando los jud\u00edos se dispersaron entre las naciones, su miembro circuncidado era algo m\u00e1s que una operaci\u00f3n quir\u00fargica: era pr\u00e1cticamente un motivo de orgullo como pueblo y como raza; de modo que era normal y bien visto llamarse \u201cde la circuncisi\u00f3n\u201d, como leemos en los Hechos de los Ap\u00f3stoles (cf. Hch 10,45; 11,2).<\/p>\n<p>1.4 Por contraste, \u00e9stos, los \u201cde la circuncisi\u00f3n\u201d lanzaban una mirada de cierto desprecio a los paganos \u201cincircuncisos\u201d, de modo que Pablo llega a hablar de una especie de \u201cmuro\u201d que separaba a los dos pueblos, y por eso escribe a los efesios: \u201cAhora en Cristo Jes\u00fas, vosotros, que en otro tiempo estabais lejos, hab\u00e9is sido acercados por la sangre de Cristo. Porque El mismo es nuestra paz, quien de ambos pueblos hizo uno, derribando la pared intermedia de separaci\u00f3n, aboliendo en su carne la enemistad, la ley de los mandamientos expresados en ordenanzas, para crear en s\u00ed mismo de los dos un nuevo hombre, estableciendo as\u00ed la paz, y para reconciliar con Dios a los dos en un cuerpo por medio de la cruz, habiendo dado muerte en ella a la enemistad\u201d (Ef 2,13-16).<\/p>\n<p>1.5 Es decir que lo que estamos presenciando en la escena de la primera lectura es la ca\u00edda de ese muro, mayor y m\u00e1s altanero y perjudicial que el infame \u201cmuro de Berl\u00edn\u201d. El Esp\u00edritu Santo, obrando con y m\u00e1s all\u00e1 de los Ap\u00f3stoles, traza una ruta que ser\u00e1 la gran ruta de la evangelizaci\u00f3n de los pueblos paganos. Si somos salvos por la gracia y mediante la fe, no cabe considerar a la Ley de Mois\u00e9s como una obligaci\u00f3n o como un requisito que todos han de cumplir para alcanzar la salvaci\u00f3n. Una decisi\u00f3n que hizo historia.<\/p>\n<h4>2. Permanecer en el Amor<\/h4>\n<p>2.1 El evangelio nos ense\u00f1a lo mismo con otras palabras. Notemos que los que fueron salvados de las garras del Fara\u00f3n, en otro tiempo, no pudieron permanecer en la alianza de Mois\u00e9s. Para dolor del mismo Mois\u00e9s, el pueblo que fue rescatado por Dios dio la espalda a su salvador, y no una sino muchas veces, al punto que el profeta Isa\u00edas, d\u00e1ndole su boca al dolor de amor del Santo entre los Santos exclama: \u201cO\u00edd, cielos, y escucha, tierra, porque el Se\u00f1or habla: Hijos cri\u00e9 y los hice crecer, mas ellos se han rebelado contra m\u00ed. El buey conoce a su due\u00f1o y el asno el pesebre de su amo; pero Israel no conoce, mi pueblo no tiene entendimiento. \u00a1Ay, naci\u00f3n pecadora, pueblo cargado de iniquidad, generaci\u00f3n de malvados, hijos corrompidos! Han abandonado al Se\u00f1or, han despreciado al Santo de Israel, se han apartado de El\u201d (Is 1,2-4).<\/p>\n<p>2.2 Uno puede preguntarse por qu\u00e9 no puede suceder lo mismo con la salvaci\u00f3n que nos trae Jesucristo. \u00bfNo ser\u00e1 que tambi\u00e9n esta vez, despu\u00e9s de un comienzo estelar, vendr\u00e1n la rebeld\u00eda y la traici\u00f3n al deseo de Dios? \u00bfEn qu\u00e9 es mejor la alianza de Jes\u00fas comparada con la de Mois\u00e9s? \u00bfQu\u00e9 nos hace suponer que esta vez si triunfar\u00e1 el plan de Dios?<\/p>\n<p>2.3 Para responder, d\u00e9monos cuenta de qu\u00e9 es o era lo propio de la alianza de Mois\u00e9s, leyendo en el libro Lev\u00edtico: \u201cYo soy el Se\u00f1or vuestro Dios. No har\u00e9is como hacen en la tierra de Egipto en la cual morasteis, ni har\u00e9is como hacen en la tierra de Cana\u00e1n adonde yo os llevo; no andar\u00e9is en sus estatutos. Habr\u00e9is de cumplir mis leyes y guardar\u00e9is mis estatutos para vivir seg\u00fan ellos; yo soy el Se\u00f1or vuestro Dios. Por tanto, guardar\u00e9is mis estatutos y mis leyes, por los cuales el hombre vivir\u00e1 si los cumple; yo soy el Se\u00f1or\u201d (Lev 18,1-5). Entendemos pronto que todo el peso de esta alianza reposa en las palabras \u201cguardar\u201d y \u201ccumplir\u201d. Cosa que resulta agradable a nuestra mente, pues son ciertamente muy bellas las disposiciones que all\u00ed se describen, pero muy pesada para nuestra carne mal inclinada y para la limitaci\u00f3n de nuestras fuerzas.<\/p>\n<p>2.4 El lenguaje de Cristo es nuevo. No se trata ahora de ver lo bueno y cumplirlo, sino de recibir lo bueno y dejarlo obrar en nosotros. Bien claro lo ense\u00f1a el ap\u00f3stol Juan: \u201cNosotros amamos, porque El nos am\u00f3 primero\u201d (1 Jn 4,19). Y lo que hoy pide Cristo es que \u201cpermanezcamos\u201d en ese amor. Abastecidos de amor, tenemos c\u00f3mo amar lo que \u00e9l nos pide y c\u00f3mo esperar en lo que nos promete. \u00bfNo es cosa bella y eficaz, con la eficacia del poder de Dios?<\/p>\n<\/div>\n<\/td>\n<\/tr>\n<tr bgcolor=\"#ffffcc\">\n<td colspan=\"2\" valign=\"bottom\"><img loading=\"lazy\" decoding=\"async\" src=\"http:\/\/fraynelson.com\/banco_imagenes\/transparente.gif\" width=\"8\" height=\"8\" \/><a class=\"linksmenu\" href=\"http:\/\/fraynelson.com\/sistema\/boletin\/mactboletin3.php#a\"><span style=\"color: #000066; font-family: Arial, Helvetica, sans-serif; font-size: xx-small;\"><strong>[arriba]<\/strong><\/span><\/a><\/td>\n<\/tr>\n<\/tbody>\n<\/table>\n<\/td>\n<\/tr>\n<\/tbody>\n<\/table>\n<table border=\"0\" width=\"100%\" cellspacing=\"0\" cellpadding=\"0\" bgcolor=\"#ffcd88\">\n<tbody>\n<tr>\n<td valign=\"center\" width=\"55%\"><a id=\"8\" name=\"8\"><\/a><\/p>\n<div align=\"left\"><a id=\"8\" name=\"8\"><\/a><img loading=\"lazy\" decoding=\"async\" src=\"http:\/\/fraynelson.com\/banco_imagenes\/arrow.gif\" width=\"16\" height=\"15\" \/><\/div>\n<\/td>\n<td>\n<div align=\"right\"><span class=\"titulo1\"><span style=\"color: #590b00; font-family: Arial, Helvetica, sans-serif; font-size: x-large;\"><strong><span style=\"color: red;\"><em>Video<\/em><\/span> recomendado para este dia<em>!<\/em><\/strong><\/span><\/span><\/div>\n<\/td>\n<\/tr>\n<tr>\n<td colspan=\"2\" valign=\"bottom\" bgcolor=\"#ffffcc\"><img loading=\"lazy\" decoding=\"async\" src=\"http:\/\/fraynelson.com\/banco_imagenes\/transparente.gif\" width=\"8\" height=\"8\" \/><\/td>\n<\/tr>\n<tr>\n<td colspan=\"2\" valign=\"top\" bgcolor=\"#ffffcc\">\n<div align=\"center\">\n<p><span style=\"color: #000000; font-family: Arial, Helvetica, sans-serif; font-size: small;\"><strong><a href=\"http:\/\/www.youtube.com\/watch?v=FImiYCdg6to\"><img decoding=\"async\" src=\"http:\/\/fraynelson.com\/banco_imagenes\/videos\/20190523.jpg\" border=\"0\" \/><\/a><\/p>\n<p>Los Tres Descubrimientos: 1 de 3, descubrirse pecador: No sirve de nada esconderse Tema 1 de 3: Descubrirse pecador; no sirve de nada esconderse * Como Ad\u00e1n en el para\u00edso, tambi\u00e9n nosotros solemos usar varias estrategias tratando de escondernos de la Verdad, que es Dios mismo, para justificar nuestro pecado o quitarle importancia. Estos son algunos de los \u201c\u00e1rboles\u201d que m\u00e1s usamos, as\u00ed como Ad\u00e1n busc\u00f3 el bosque (G\u00e9nesis 3) :<\/strong><\/span><\/p>\n<\/div>\n<\/td>\n<\/tr>\n<tr bgcolor=\"#ffffcc\">\n<td colspan=\"2\" valign=\"bottom\"><img loading=\"lazy\" decoding=\"async\" src=\"http:\/\/fraynelson.com\/banco_imagenes\/transparente.gif\" width=\"8\" height=\"8\" \/><a class=\"linksmenu\" href=\"http:\/\/fraynelson.com\/sistema\/boletin\/mactboletin3.php#a\"><span style=\"color: #000066; font-family: Arial, Helvetica, sans-serif; font-size: xx-small;\"><strong>[arriba]<\/strong><\/span><\/a><\/td>\n<\/tr>\n<\/tbody>\n<\/table>\n<table border=\"0\" width=\"100%\" cellspacing=\"0\" cellpadding=\"0\" bgcolor=\"#ffcd88\">\n<tbody>\n<tr>\n<td valign=\"center\" width=\"55%\"><a id=\"9\" name=\"9\"><\/a><\/p>\n<div align=\"left\"><a id=\"9\" name=\"9\"><\/a><img loading=\"lazy\" decoding=\"async\" src=\"http:\/\/fraynelson.com\/banco_imagenes\/arrow.gif\" width=\"16\" height=\"15\" \/><\/div>\n<\/td>\n<td>\n<div align=\"right\"><span class=\"titulo1\"><span style=\"color: #590b00; font-family: Arial, Helvetica, sans-serif; font-size: medium;\"><strong>Informaci\u00f3n legal y de suscripci\u00f3n<\/strong><\/span><\/span><\/div>\n<\/td>\n<\/tr>\n<tr>\n<td colspan=\"2\" valign=\"bottom\" bgcolor=\"#ffffcc\"><img loading=\"lazy\" decoding=\"async\" src=\"http:\/\/fraynelson.com\/banco_imagenes\/transparente.gif\" width=\"8\" height=\"8\" \/><\/td>\n<\/tr>\n<tr>\n<td colspan=\"2\" valign=\"top\" bgcolor=\"#ffffcc\">\n<div align=\"justify\">\n<div align=\"justify\">\n<p><span style=\"color: #000000; font-family: Arial, Helvetica, sans-serif; font-size: small;\"><strong>Para saber m\u00e1s&#8230;<\/strong><\/span><\/p>\n<\/div>\n<\/div>\n<ul>\n<li>Este bolet\u00edn es el veh\u00edculo de comunicaci\u00f3n diario de la p\u00e1gina <a href=\"http:\/\/fraynelson.com\">FRAYNELSON.COM<\/a>, Casa para tu Fe Cat\u00f3lica. <strong>Servimos con gozo a la evangelizaci\u00f3n<\/strong> dentro de nuestra Iglesia, en comuni\u00f3n con el Santo Padre.<\/li>\n<\/ul>\n<div align=\"justify\">\n<div align=\"justify\"><\/div>\n<\/div>\n<ul>\n<li>Todos nuestros servicios y todo lo que encuentres en FRAYNELSON.COM es gratuito y solamente recibimos donaciones. Es decir: nunca cobramos ni aceptamos dinero por publicidad ni tampoco pagamos servicios. Todos <strong>nuestros donantes y colaboradores permanentes son voluntarios<\/strong> que viven y trabajan en distintas partes del mundo.<\/li>\n<\/ul>\n<div align=\"justify\">\n<div align=\"justify\"><\/div>\n<\/div>\n<ul>\n<li>Es posible que hayas recibido este mensaje sin haberlo solicitado. Nuestra intenci\u00f3n no es fastidiar a nadie, y por eso es sencillo el proceso de darse de baja. Si nunca pediste recibir este bolet\u00edn, es posible que alg\u00fan pariente o amigo tuyo haya incluido tu nombre y direcci\u00f3n. Con respeto te invito a que consideres lo que ofrecemos antes de dejarnos, pero en cualquier caso eres libre de darte de baja cuando quieras.<\/li>\n<\/ul>\n<div align=\"justify\">\n<div align=\"justify\"><\/div>\n<\/div>\n<ul>\n<li><i>Si deseas incluir en este bolet\u00edn tu cumplea\u00f1os, o una fecha que es importante para ti o tu familia o tu grupo<\/i>, entra a <a href=\"http:\/\/fraynelson.com\/calendario.php\"><strong>nuestro calendario<\/strong><\/a>. Las entradas a este calendario tiene que ser aprobadas antes de ser publicadas. El prop\u00f3sito es favorecer la oraci\u00f3n y amistad entre todos. \ud83d\ude42<\/li>\n<\/ul>\n<div align=\"justify\">\n<div align=\"justify\"><\/div>\n<\/div>\n<ul>\n<li>\u00a1Por supuesto t\u00fa tambi\u00e9n <strong>puedes invitar a otras personas<\/strong>! Estamos convencidos que un poco de nuestro Alimento del Alma puede hacer una GRAN DIFERENCIA en muchas vidas. Puedes responder a este correo indic\u00e1ndonos a qui\u00e9n quieres que regalemos nuestro Alimento. Por supuesto, si sospechas que a alguien no le va a interesar, no le hagas ni nos hagas perder tiempo. Sin embargo, es un hecho que m\u00e1s y m\u00e1s gente est\u00e1 siendo bendecida con nuestros servicios.<\/li>\n<\/ul>\n<div align=\"justify\">\n<div align=\"justify\"><\/div>\n<\/div>\n<ul>\n<li>Los textos del <b>SANTO DEL D\u00cdA<\/b> son responsabilidad y cortes\u00eda de <a href=\"http:\/\/aciprensa.com\">Aciprensa<\/a> o de la <a href=\"http:\/\/www.archimadrid.es\/\">Archidi\u00f3cesis de Madrid<\/a>. Ten en cuenta, sin embargo, que la celebraci\u00f3n lit\u00fargica de un santo o santa en particular depende de factores locales, del tiempo lit\u00fargico, de si cae en domingo, y algunos otros. Los breves esquemas que ofrecemos son s\u00f3lo para edificaci\u00f3n espiritual. Los dem\u00e1s textos no b\u00edblicos son responsabilidad de sus autores o si no se indica, de <b>Fray Nelson Medina, O.P.<\/b> Estos pueden ser divulgados declarando la fuente. Tus aportes en <strong>oraci\u00f3n, tiempo, servicios, ideas o dinero<\/strong> son siempre bienvenidos. Puedes visitar nuestra <a href=\"http:\/\/fraynelson.com\/ayuda.html\">p\u00e1gina de ayuda<\/a>.<\/li>\n<\/ul>\n<\/td>\n<\/tr>\n<tr bgcolor=\"#ffffcc\">\n<td colspan=\"2\" valign=\"bottom\"><img loading=\"lazy\" decoding=\"async\" src=\"http:\/\/fraynelson.com\/banco_imagenes\/transparente.gif\" width=\"8\" height=\"8\" \/><a class=\"linksmenu\" href=\"http:\/\/fraynelson.com\/sistema\/boletin\/mactboletin3.php#a\"><span style=\"color: #000066; font-family: Arial, Helvetica, sans-serif; font-size: xx-small;\"><strong>[arriba]<\/strong><\/span><\/a><\/td>\n<\/tr>\n<\/tbody>\n<\/table>\n<\/td>\n<\/tr>\n<\/tbody>\n<\/table>\n<\/div>\n<\/td>\n<\/tr>\n<\/tbody>\n<\/table>\n","protected":false},"excerpt":{"rendered":"<p>[ Ver en la WEB ] [ Suscribirse \/ Darse de baja ]<\/p>\n","protected":false},"author":1138,"featured_media":0,"comment_status":"closed","ping_status":"closed","sticky":false,"template":"","format":"standard","meta":{"footnotes":""},"categories":[919],"tags":[],"class_list":["post-71446","post","type-post","status-publish","format-standard","hentry","category-boletin"],"jetpack_featured_media_url":"","_links":{"self":[{"href":"https:\/\/fraynelson.com\/blog\/wp-json\/wp\/v2\/posts\/71446","targetHints":{"allow":["GET"]}}],"collection":[{"href":"https:\/\/fraynelson.com\/blog\/wp-json\/wp\/v2\/posts"}],"about":[{"href":"https:\/\/fraynelson.com\/blog\/wp-json\/wp\/v2\/types\/post"}],"author":[{"embeddable":true,"href":"https:\/\/fraynelson.com\/blog\/wp-json\/wp\/v2\/users\/1138"}],"replies":[{"embeddable":true,"href":"https:\/\/fraynelson.com\/blog\/wp-json\/wp\/v2\/comments?post=71446"}],"version-history":[{"count":1,"href":"https:\/\/fraynelson.com\/blog\/wp-json\/wp\/v2\/posts\/71446\/revisions"}],"predecessor-version":[{"id":71447,"href":"https:\/\/fraynelson.com\/blog\/wp-json\/wp\/v2\/posts\/71446\/revisions\/71447"}],"wp:attachment":[{"href":"https:\/\/fraynelson.com\/blog\/wp-json\/wp\/v2\/media?parent=71446"}],"wp:term":[{"taxonomy":"category","embeddable":true,"href":"https:\/\/fraynelson.com\/blog\/wp-json\/wp\/v2\/categories?post=71446"},{"taxonomy":"post_tag","embeddable":true,"href":"https:\/\/fraynelson.com\/blog\/wp-json\/wp\/v2\/tags?post=71446"}],"curies":[{"name":"wp","href":"https:\/\/api.w.org\/{rel}","templated":true}]}}