{"id":7102,"date":"2010-08-31T01:27:15","date_gmt":"2010-08-31T06:27:15","guid":{"rendered":"http:\/\/fraynelson.com\/blog\/?p=7102"},"modified":"2010-08-29T08:32:04","modified_gmt":"2010-08-29T13:32:04","slug":"testimonio-del-medico-del-papa","status":"publish","type":"post","link":"https:\/\/fraynelson.com\/blog\/2010\/08\/31\/testimonio-del-medico-del-papa\/","title":{"rendered":"Testimonio del medico del Papa"},"content":{"rendered":"<p><img decoding=\"async\" src=\"http:\/\/fraynelson.com\/banco_imagenes\/recomendados\/20100902.jpg\" alt=\"medico del papa\" \/><br \/>\n&#8220;El Dr. Patrizio Polisca es, desde el 15 de junio de 2009, el m\u00e9dico personal del Papa Benedicto XVI. Sin embargo su historia al servicio del Sucesor de San Pedro se remonta a 1986, cuando le solicitaron estar de guardia en Castel Gandolfo para asistir a Juan Pablo II. El tambi\u00e9n nuevo Director de los Servicios de Sanidad del Vaticano relata an\u00e9cdotas, hechos y dichos de su trabajo con ambos pont\u00edfices, y explica que no entiende su vida sin este servicio a la Iglesia que considera el plan de Dios para \u00e9l&#8230;&#8221; <a href=\"http:\/\/www.aciprensa.com\/noticia.php?n=30773\">Click!<\/a><\/p>\n","protected":false},"excerpt":{"rendered":"<p>&#8220;El Dr. Patrizio Polisca es, desde el 15 de junio de 2009, el m\u00e9dico personal del Papa Benedicto XVI. Sin embargo su historia al servicio del Sucesor de San Pedro se remonta a 1986, cuando le solicitaron estar de guardia en Castel Gandolfo para asistir a Juan Pablo II. El tambi\u00e9n nuevo Director de los &hellip; <\/p>\n<p class=\"link-more\"><a href=\"https:\/\/fraynelson.com\/blog\/2010\/08\/31\/testimonio-del-medico-del-papa\/\" class=\"more-link\">Continuar leyendo<span class=\"screen-reader-text\"> &#8220;Testimonio del medico del Papa&#8221;<\/span><\/a><\/p>\n","protected":false},"author":1138,"featured_media":0,"comment_status":"open","ping_status":"open","sticky":false,"template":"","format":"standard","meta":{"footnotes":""},"categories":[620,65],"tags":[],"class_list":["post-7102","post","type-post","status-publish","format-standard","hentry","category-enlaces","category-testimonios"],"jetpack_featured_media_url":"","_links":{"self":[{"href":"https:\/\/fraynelson.com\/blog\/wp-json\/wp\/v2\/posts\/7102","targetHints":{"allow":["GET"]}}],"collection":[{"href":"https:\/\/fraynelson.com\/blog\/wp-json\/wp\/v2\/posts"}],"about":[{"href":"https:\/\/fraynelson.com\/blog\/wp-json\/wp\/v2\/types\/post"}],"author":[{"embeddable":true,"href":"https:\/\/fraynelson.com\/blog\/wp-json\/wp\/v2\/users\/1138"}],"replies":[{"embeddable":true,"href":"https:\/\/fraynelson.com\/blog\/wp-json\/wp\/v2\/comments?post=7102"}],"version-history":[{"count":1,"href":"https:\/\/fraynelson.com\/blog\/wp-json\/wp\/v2\/posts\/7102\/revisions"}],"predecessor-version":[{"id":7103,"href":"https:\/\/fraynelson.com\/blog\/wp-json\/wp\/v2\/posts\/7102\/revisions\/7103"}],"wp:attachment":[{"href":"https:\/\/fraynelson.com\/blog\/wp-json\/wp\/v2\/media?parent=7102"}],"wp:term":[{"taxonomy":"category","embeddable":true,"href":"https:\/\/fraynelson.com\/blog\/wp-json\/wp\/v2\/categories?post=7102"},{"taxonomy":"post_tag","embeddable":true,"href":"https:\/\/fraynelson.com\/blog\/wp-json\/wp\/v2\/tags?post=7102"}],"curies":[{"name":"wp","href":"https:\/\/api.w.org\/{rel}","templated":true}]}}