{"id":6987,"date":"2010-08-21T01:36:42","date_gmt":"2010-08-21T06:36:42","guid":{"rendered":"http:\/\/fraynelson.com\/blog\/?p=6987"},"modified":"2010-08-20T19:42:52","modified_gmt":"2010-08-21T00:42:52","slug":"contemplar-el-evangelio-de-hoy","status":"publish","type":"post","link":"https:\/\/fraynelson.com\/blog\/2010\/08\/21\/contemplar-el-evangelio-de-hoy\/","title":{"rendered":"Contemplar el Evangelio de hoy"},"content":{"rendered":"<p><img decoding=\"async\" src=\"http:\/\/fraynelson.com\/banco_imagenes\/recomendados\/20100823.jpg\" alt=\"evangelio de hoy\" \/><br \/>\n&#8220;Desde el a\u00f1o 2003, la misi\u00f3n de evangeli.net es hacer llegar el Evangelio mediante internet a todos los rincones del mundo para favorecer el desarrollo de la humanidad: * Editamos el Evangelio de la misa del d\u00eda, acompa\u00f1ado de un breve comentario (unas 300 palabras). * Los comentarios\/homil\u00edas son redactados por un equipo internacional de m\u00e1s de 200 cl\u00e9rigos (entre obispos, sacerdotes y di\u00e1conos), tanto seculares como religiosos. * Los usuarios que lo solicitan reciben gratuitamente por e-mail el servicio diario de Contemplar el Evangelio de hoy. * evangeli.net se ofrece en ingl\u00e9s, espa\u00f1ol, portugu\u00e9s, franc\u00e9s y catal\u00e1n. Se ir\u00e1n incorporando todos los idiomas posibles&#8230;&#8221; <a href=\"http:\/\/evangeli.net\">Click!<\/a><\/p>\n","protected":false},"excerpt":{"rendered":"<p>&#8220;Desde el a\u00f1o 2003, la misi\u00f3n de evangeli.net es hacer llegar el Evangelio mediante internet a todos los rincones del mundo para favorecer el desarrollo de la humanidad: * Editamos el Evangelio de la misa del d\u00eda, acompa\u00f1ado de un breve comentario (unas 300 palabras). * Los comentarios\/homil\u00edas son redactados por un equipo internacional de &hellip; <\/p>\n<p class=\"link-more\"><a href=\"https:\/\/fraynelson.com\/blog\/2010\/08\/21\/contemplar-el-evangelio-de-hoy\/\" class=\"more-link\">Continuar leyendo<span class=\"screen-reader-text\"> &#8220;Contemplar el Evangelio de hoy&#8221;<\/span><\/a><\/p>\n","protected":false},"author":1138,"featured_media":0,"comment_status":"open","ping_status":"open","sticky":false,"template":"","format":"standard","meta":{"footnotes":""},"categories":[620,431],"tags":[],"class_list":["post-6987","post","type-post","status-publish","format-standard","hentry","category-enlaces","category-liturgia"],"jetpack_featured_media_url":"","_links":{"self":[{"href":"https:\/\/fraynelson.com\/blog\/wp-json\/wp\/v2\/posts\/6987","targetHints":{"allow":["GET"]}}],"collection":[{"href":"https:\/\/fraynelson.com\/blog\/wp-json\/wp\/v2\/posts"}],"about":[{"href":"https:\/\/fraynelson.com\/blog\/wp-json\/wp\/v2\/types\/post"}],"author":[{"embeddable":true,"href":"https:\/\/fraynelson.com\/blog\/wp-json\/wp\/v2\/users\/1138"}],"replies":[{"embeddable":true,"href":"https:\/\/fraynelson.com\/blog\/wp-json\/wp\/v2\/comments?post=6987"}],"version-history":[{"count":2,"href":"https:\/\/fraynelson.com\/blog\/wp-json\/wp\/v2\/posts\/6987\/revisions"}],"predecessor-version":[{"id":6989,"href":"https:\/\/fraynelson.com\/blog\/wp-json\/wp\/v2\/posts\/6987\/revisions\/6989"}],"wp:attachment":[{"href":"https:\/\/fraynelson.com\/blog\/wp-json\/wp\/v2\/media?parent=6987"}],"wp:term":[{"taxonomy":"category","embeddable":true,"href":"https:\/\/fraynelson.com\/blog\/wp-json\/wp\/v2\/categories?post=6987"},{"taxonomy":"post_tag","embeddable":true,"href":"https:\/\/fraynelson.com\/blog\/wp-json\/wp\/v2\/tags?post=6987"}],"curies":[{"name":"wp","href":"https:\/\/api.w.org\/{rel}","templated":true}]}}