{"id":671,"date":"2003-11-03T12:03:35","date_gmt":"2003-11-03T17:03:35","guid":{"rendered":"250394919"},"modified":"2005-09-29T15:24:26","modified_gmt":"2005-09-29T15:24:26","slug":"64","status":"publish","type":"post","link":"https:\/\/fraynelson.com\/blog\/2003\/11\/03\/64\/","title":{"rendered":"Un amigo de infancia"},"content":{"rendered":"<p>La primera vida de santo que yo le\u00ed, siendo ni\u00f1o, fue la de <strong>San Mart\u00edn de Porres<\/strong>, cuya fiesta se celebra precisamente el 3 de Noviembre.<\/p>\n<p>Y para alegr\u00eda de mi alma, hay una buena devoci\u00f3n y entra\u00f1able afecto por San Mart\u00edn aqu\u00ed en Irlanda. Una peque\u00f1a pero muy hermosa e instructiva revista de estos dominicos contiene \u00e1giles escritos, reflexiones \u00a1y hasta recetas caseras!, para hacer conocer m\u00e1s y mejor las riquezas de este sencillo y santo hombre de Dios.<\/p>\n<p>Como preparaci\u00f3n para esta fiesta hemos tenido la <strong>Novena<\/strong>, y en uno de los d\u00edas me ha correspondido predicar, un poco por accidente (<em>Providencia de Dios<\/em>, digamos mejor).<\/p>\n<p>Comparto esa predicaci\u00f3n mientras pido que este amigo de infancia bendiga a todos los que se acerquen a las p\u00e1ginas de este diario.<\/p>\n<p>Para <strong>o\u00edr<\/strong> directamente:<br \/><a href=\"http:\/\/fraynelson.com\/homilias\/fechas\/11\/smtp001b.ram\">http:\/\/fraynelson.com\/homilias\/fechas\/11\/smtp001b.ram<\/a><\/p>\n<p>Para <strong>grabar<\/strong> al PC:<br \/><a href=\"http:\/\/fraynelson.com\/homilias\/fechas\/11\/smtp001b.rm\">http:\/\/fraynelson.com\/homilias\/fechas\/11\/smtp001b.rm<\/a><\/p>\n","protected":false},"excerpt":{"rendered":"<p>La primera vida de santo que yo le\u00ed, siendo ni\u00f1o, fue la de San Mart\u00edn de Porres, cuya fiesta se celebra precisamente el 3 de Noviembre. Y para alegr\u00eda de mi alma, hay una buena devoci\u00f3n y entra\u00f1able afecto por San Mart\u00edn aqu\u00ed en Irlanda. Una peque\u00f1a pero muy hermosa e instructiva revista de estos &hellip; <\/p>\n<p class=\"link-more\"><a href=\"https:\/\/fraynelson.com\/blog\/2003\/11\/03\/64\/\" class=\"more-link\">Continuar leyendo<span class=\"screen-reader-text\"> &#8220;Un amigo de infancia&#8221;<\/span><\/a><\/p>\n","protected":false},"author":1138,"featured_media":0,"comment_status":"open","ping_status":"open","sticky":false,"template":"","format":"standard","meta":{"footnotes":""},"categories":[35],"tags":[],"class_list":["post-671","post","type-post","status-publish","format-standard","hentry","category-personas"],"jetpack_featured_media_url":"","_links":{"self":[{"href":"https:\/\/fraynelson.com\/blog\/wp-json\/wp\/v2\/posts\/671","targetHints":{"allow":["GET"]}}],"collection":[{"href":"https:\/\/fraynelson.com\/blog\/wp-json\/wp\/v2\/posts"}],"about":[{"href":"https:\/\/fraynelson.com\/blog\/wp-json\/wp\/v2\/types\/post"}],"author":[{"embeddable":true,"href":"https:\/\/fraynelson.com\/blog\/wp-json\/wp\/v2\/users\/1138"}],"replies":[{"embeddable":true,"href":"https:\/\/fraynelson.com\/blog\/wp-json\/wp\/v2\/comments?post=671"}],"version-history":[{"count":0,"href":"https:\/\/fraynelson.com\/blog\/wp-json\/wp\/v2\/posts\/671\/revisions"}],"wp:attachment":[{"href":"https:\/\/fraynelson.com\/blog\/wp-json\/wp\/v2\/media?parent=671"}],"wp:term":[{"taxonomy":"category","embeddable":true,"href":"https:\/\/fraynelson.com\/blog\/wp-json\/wp\/v2\/categories?post=671"},{"taxonomy":"post_tag","embeddable":true,"href":"https:\/\/fraynelson.com\/blog\/wp-json\/wp\/v2\/tags?post=671"}],"curies":[{"name":"wp","href":"https:\/\/api.w.org\/{rel}","templated":true}]}}