{"id":66,"date":"2005-06-30T01:21:00","date_gmt":"2005-06-30T06:21:00","guid":{"rendered":"331411268"},"modified":"2005-08-15T12:42:17","modified_gmt":"2005-08-15T12:42:17","slug":"669","status":"publish","type":"post","link":"https:\/\/fraynelson.com\/blog\/2005\/06\/30\/669\/","title":{"rendered":"El hombre"},"content":{"rendered":"<p>Una ma\u00f1ana caliente (&#8220;calda,&#8221; dicen en italiano); un hombre mayor, de mirada penetrante, rostro sereno, visible timidez, como abrumado por las oleadas de aplausos que brotan sin cesar cuando \u00e9l entra a la Bas\u00edlica de San Pedro. Casi se dir\u00eda que lo tolera, como tolera con paciencia el calor que le hace sacar el pa\u00f1uelo varias veces durante la larga misa.<\/p>\n<p><!--more--><\/p>\n<p>Aunque su sonrisa ante la gente no es s\u00f3lo tolerancia: tiene un gui\u00f1o de picard\u00eda. Somos todos c\u00f3mplices de este anciano b\u00e1varo que sabe que tiene poco tiempo y que por eso es preciso en las palabras, como queriendo que nuestros corazones se apresuren a vibrar con el suyo en lo que \u00e9l siente que es urgente: la unidad de los cristianos, las ra\u00edces de la fe en Europa, la conciencia de que la liturgia es m\u00e1s que lo que <em>nosotros<\/em> hacemos, o sea, la triple sensibilidad: al misterio, a la gracia y a la Historia.<\/p>\n<p>Predica como un maestro. Se mueve con gracia y con maravillosa comodidad en el curso de los siglos, habituado como est\u00e1 a dialogar con autores de todos los siglos. Un p\u00e1rrafo suyo puede tener una alusi\u00f3n a Gregorio Magno y una cita a un escritor del siglo XX. Agust\u00edn, los salmos, el Concilio Vaticano&#8230; todo es vecino, todo es pr\u00f3ximo a su inter\u00e9s y todo sirve a la profundidad y belleza de su palabra.<\/p>\n<p>Pero no s\u00f3lo quiere llenarnos de palabras. Sin tener la facilidad medi\u00e1tica de su predecesor, su atenci\u00f3n nos arrastra hacia la grandeza de lo que acontece en la simplicidad majestuosa de nuestra liturgia com\u00fan.<\/p>\n<p>Y en aquella Misa, que no olvidar\u00e9, no falt\u00f3 un detalle conmovedor: al momento de la paz, la primera persona a la que salud\u00f3 fue al delegado del Patriarca Ortodoxo de Constantinopla.<\/p>\n<p>Terminada la ceremonia, se aleja a paso sosegado, de nuevo desbordado por risas, fotos, llantos y cantos. No le resulta f\u00e1cil, pero lo vive con simplicidad y un tono de amor que deja cargada de paz a la inmensa bas\u00edlica.<\/p>\n<p>Se llama Benedcito XVI.<\/p>\n","protected":false},"excerpt":{"rendered":"<p>Una ma\u00f1ana caliente (&#8220;calda,&#8221; dicen en italiano); un hombre mayor, de mirada penetrante, rostro sereno, visible timidez, como abrumado por las oleadas de aplausos que brotan sin cesar cuando \u00e9l entra a la Bas\u00edlica de San Pedro. Casi se dir\u00eda que lo tolera, como tolera con paciencia el calor que le hace sacar el pa\u00f1uelo &hellip; <\/p>\n<p class=\"link-more\"><a href=\"https:\/\/fraynelson.com\/blog\/2005\/06\/30\/669\/\" class=\"more-link\">Continuar leyendo<span class=\"screen-reader-text\"> &#8220;El hombre&#8221;<\/span><\/a><\/p>\n","protected":false},"author":1138,"featured_media":0,"comment_status":"open","ping_status":"open","sticky":false,"template":"","format":"standard","meta":{"footnotes":""},"categories":[56],"tags":[],"class_list":["post-66","post","type-post","status-publish","format-standard","hentry","category-la-iglesia-hoy"],"jetpack_featured_media_url":"","_links":{"self":[{"href":"https:\/\/fraynelson.com\/blog\/wp-json\/wp\/v2\/posts\/66","targetHints":{"allow":["GET"]}}],"collection":[{"href":"https:\/\/fraynelson.com\/blog\/wp-json\/wp\/v2\/posts"}],"about":[{"href":"https:\/\/fraynelson.com\/blog\/wp-json\/wp\/v2\/types\/post"}],"author":[{"embeddable":true,"href":"https:\/\/fraynelson.com\/blog\/wp-json\/wp\/v2\/users\/1138"}],"replies":[{"embeddable":true,"href":"https:\/\/fraynelson.com\/blog\/wp-json\/wp\/v2\/comments?post=66"}],"version-history":[{"count":0,"href":"https:\/\/fraynelson.com\/blog\/wp-json\/wp\/v2\/posts\/66\/revisions"}],"wp:attachment":[{"href":"https:\/\/fraynelson.com\/blog\/wp-json\/wp\/v2\/media?parent=66"}],"wp:term":[{"taxonomy":"category","embeddable":true,"href":"https:\/\/fraynelson.com\/blog\/wp-json\/wp\/v2\/categories?post=66"},{"taxonomy":"post_tag","embeddable":true,"href":"https:\/\/fraynelson.com\/blog\/wp-json\/wp\/v2\/tags?post=66"}],"curies":[{"name":"wp","href":"https:\/\/api.w.org\/{rel}","templated":true}]}}