{"id":64811,"date":"2018-08-22T01:42:21","date_gmt":"2018-08-22T06:42:21","guid":{"rendered":"http:\/\/fraynelson.com\/blog\/?p=64811"},"modified":"2018-08-21T22:45:40","modified_gmt":"2018-08-22T03:45:40","slug":"san-francisco-solano-superior-de-los-franciscanos-en-tucuman","status":"publish","type":"post","link":"https:\/\/fraynelson.com\/blog\/2018\/08\/22\/san-francisco-solano-superior-de-los-franciscanos-en-tucuman\/","title":{"rendered":"San Francisco Solano, Superior de los franciscanos en Tucum\u00e1n"},"content":{"rendered":"<p>En 1592 fray Francisco Solano fue constitu\u00eddo superior -custodio- de los franciscanos de la zona de Tucum\u00e1n. El Comisario general del Per\u00fa, fray Antonio de Ortiz, pens\u00f3 en \u00e9l como el misionero m\u00e1s indicado para levantar el esp\u00edritu de los frailes instalados en conventos urbanos y de los misioneros encargados de doctrinas de indios, unos y otros no siempre ejemplares en su vida y ministerio. \u00bfPodr\u00eda con el cargo un fraile tan especial como nuestro Santo?&#8230;<\/p>\n<p>El padre Solano se dedic\u00f3, en los a\u00f1os 1592-1595, a visitar los centros franciscanos de su jurisdicci\u00f3n. Desde luego no era un custodio que desempe\u00f1ara su oficio al modo ordinario. Al cl\u00e9rigo portugu\u00e9s Manuel N\u00fa\u00f1ez Magro de Almeyda, que en \u00e9l buscaba ayuda espiritual, una vez le confi\u00f3 con toda humildad: \u00abAunque yo soy custodio, no siento en m\u00ed las partes que se requieren para serlo. Y as\u00ed, no uso de ello; oc\u00fapome por estos montes en la conversi\u00f3n de estos indios\u00bb.<\/p>\n<p>En realidad, el Santo hac\u00eda lo que pod\u00eda, es decir, era custodio franciscano a su modo, y sin duda hac\u00eda a su manera mucho bien. No siempre concede Dios a sus hijos obrar de modo ejemplar, pero siempre les da su gracia para que puedan obrar santamente.<\/p>\n<p>Comenz\u00f3 fray Francisco sus visitas en Talavera de Esteco, donde fue su comienzo misionero, y pas\u00f3 por Salta, San Miguel de Tucum\u00e1n, Santiago del Estero, Catamarca y C\u00f3rdoba. Quiz\u00e1 se alargase a Buenos Aires y al Paraguay, que pertenec\u00edan tambi\u00e9n a la misma custodia; pero no hay sobre esto datos ciertos. Lo que s\u00ed es seguro es que en todos los lugares que visit\u00f3 dej\u00f3 la huella indeleble de su presencia fascinante.<\/p>\n<p>Donde quiera que \u00e9l estuvo, all\u00ed predic\u00f3, conmovi\u00f3 los corazones y habl\u00f3 de Dios con la gente. Aqu\u00ed cant\u00f3 y danz\u00f3 en una procesi\u00f3n de la Virgen, all\u00ed hizo curaciones milagrosas, especialmente de ni\u00f1os, en otra parte descubri\u00f3 fuentes, y siempre dej\u00f3 a su paso amigos espirituales que nunca le olvidaron. Almeyda, el cura ya citado, que en \u00e9l buscaba consejo y aliento, lo recuerda con emoci\u00f3n: \u00abTodas las noches se sentaba el padre fray Francisco con el cura en una pampa, y le ten\u00eda tres horas, dici\u00e9ndole cosas que le conven\u00edan&#8230; Tal era la eficacia de estas palabras, que luego que el santo se iba, para no apesadumbrarlo, se echaba en tierra y, besando la tierra donde hab\u00eda tenido los pies, veneraba al Se\u00f1or y al mensajero que de su parte se las dec\u00eda\u00bb.<\/p>\n<p>Y todo lo hac\u00eda siempre Solano con gran llaneza, con humor festivo, como en aquella noche en que, esgrimiendo \u00abuna gaita hecha de ca\u00f1a\u00bb, le dijo a Almeyda con un gui\u00f1o: \u00ab\u00bfQuer\u00e9is o\u00edr la mejor m\u00fasica que hab\u00e9is o\u00eddo en vuestra vida? Y le comenz\u00f3 a ta\u00f1er con ojos fijos en el cielo, haciendo con el cuerpo unos meneos que parec\u00eda que hablaba. Y jubilando, cantaba con una simplicidad que no acierta a declarar\u00bb. Era su estilo humilde y llano. Cuenta Pedro de Vildosola Gamboa, que acompa\u00f1\u00f3 al Santo en muchas jornadas, que una vez \u00abcon una red que ten\u00eda y tra\u00eda de ordinario consigo, y con un anzuelo, fue el padre fray Francisco al r\u00edo. En otras tantas veces recogi\u00f3 pescado en tal cantidad que, habiendo m\u00e1s de doce espa\u00f1oles y m\u00e1s de otros tantos indios, fue bastante como para poder decirles que les hab\u00eda de dar de cenar. Y no hab\u00eda de llegar otro al fuego sino \u00e9l. Remang\u00e1ndose los h\u00e1bitos de los brazos, les hizo cenar. Y habi\u00e9ndoles dado a todos muy aventajadamente, se retir\u00f3. Y debajo de una carreta sac\u00f3 una mazorca de ma\u00edz, y esto solo fue su alimento\u00bb.<\/p>\n<p>Como es l\u00f3gico, San Francisco Solano suscitaba muchas conversiones entre los espa\u00f1oles, marcaba en ellos huellas espirituales indelebles, y suscitaba en sus conversos no pocas vocaciones religiosas, como la del soldado Juan Fern\u00e1ndez -fray Juan de Techada, que luego dejar\u00eda relatos sobre el Santo-, el capit\u00e1n Pedro N\u00fa\u00f1ez Rold\u00e1n o el licenciado Silva, franciscanos m\u00e1s tarde en Lima. Los indios, por su parte, sent\u00edan por el padre Francisco, que les trataba en su lengua y con tanta bondad y alegr\u00eda, verdadera fascinaci\u00f3n.<\/p>\n<p>Recordaremos aqu\u00ed aquel Jueves Santo de 1593, en La Rioja, seg\u00fan testimonios de Almeyda y del capit\u00e1n Pedro Sotelo. Se hab\u00edan juntado cuarenta y cinco caciques paganos con su gente, y el peque\u00f1o grupo hispano estaba ya temiendo lo peor. Fray Francisco hace uno de aquellos sermones suyos, que eran capaces de conmover a las piedras. En la procesi\u00f3n penitencial, los espa\u00f1oles se disciplinan, ante la consternaci\u00f3n de los indios, que est\u00e1n asombrados. Solano les explica, qui\u00e9n sabe c\u00f3mo, que est\u00e1n queriendo participar de la pasi\u00f3n de Jes\u00fas. Finalmente, los indios comienzan tambi\u00e9n a azotarse. \u00abY el dicho padre fray Francisco Solano andaba con tanta alegr\u00eda y devoci\u00f3n, como sargento del cielo entre los indios, quit\u00e1ndoles los azotes y dici\u00e9ndoles mil cosas, toda la noche sin descansar, predic\u00e1ndoles y ense\u00f1\u00e1ndoles\u00bb. Nueve mil de aquellos indios habr\u00eda de recibir m\u00e1s tarde el bautismo.<\/p>\n<p>\u00bfDesempe\u00f1\u00f3 bien el padre Solano su ministerio de custodio del Tucum\u00e1n? No lo hizo, sin duda, de un modo ejemplar, es decir, que pueda ser norma para otros custodios. Pero cumpli\u00f3, ciertamente, su ministerio santamente, y santificando a muchos, eso s\u00ed, a su aire, que era el soplo del Esp\u00edritu Santo en \u00e9l. Se cuenta que en Paraguay pudo visitar al gran ap\u00f3stol de la regi\u00f3n, fray Luis Bola\u00f1os, su antiguo compa\u00f1ero, y que \u00e9ste le dijo en la despedida: \u00abAdi\u00f3s, mi padre. Su Reverencia luego no m\u00e1s ser\u00e1 santo, y yo me quedar\u00e9 Bola\u00f1os\u00bb.<\/p>\n<hr \/>\n<p><em>El autor de esta obra es el sacerdote espa\u00f1ol Jos\u00e9 Ma. Iraburu, a quien expresamos nuestra gratitud. Aqu\u00ed la obra se publica \u00edntegra, por entregas. Lo ya publicado puede consultarse<\/em> <a href=\"http:\/\/is.gd\/iglesiamerica\">aqu\u00ed<\/a>.<\/p>\n","protected":false},"excerpt":{"rendered":"<p>En 1592 fray Francisco Solano fue constitu\u00eddo superior -custodio- de los franciscanos de la zona de Tucum\u00e1n. El Comisario general del Per\u00fa, fray Antonio de Ortiz, pens\u00f3 en \u00e9l como el misionero m\u00e1s indicado para levantar el esp\u00edritu de los frailes instalados en conventos urbanos y de los misioneros encargados de doctrinas de indios, unos &hellip; <\/p>\n<p class=\"link-more\"><a href=\"https:\/\/fraynelson.com\/blog\/2018\/08\/22\/san-francisco-solano-superior-de-los-franciscanos-en-tucuman\/\" class=\"more-link\">Continuar leyendo<span class=\"screen-reader-text\"> &#8220;San Francisco Solano, Superior de los franciscanos en Tucum\u00e1n&#8221;<\/span><\/a><\/p>\n","protected":false},"author":1138,"featured_media":0,"comment_status":"closed","ping_status":"closed","sticky":false,"template":"","format":"standard","meta":{"footnotes":""},"categories":[849,1098],"tags":[],"class_list":["post-64811","post","type-post","status-publish","format-standard","hentry","category-argentina","category-hechos-de-los-apostoles-de-america"],"jetpack_featured_media_url":"","_links":{"self":[{"href":"https:\/\/fraynelson.com\/blog\/wp-json\/wp\/v2\/posts\/64811","targetHints":{"allow":["GET"]}}],"collection":[{"href":"https:\/\/fraynelson.com\/blog\/wp-json\/wp\/v2\/posts"}],"about":[{"href":"https:\/\/fraynelson.com\/blog\/wp-json\/wp\/v2\/types\/post"}],"author":[{"embeddable":true,"href":"https:\/\/fraynelson.com\/blog\/wp-json\/wp\/v2\/users\/1138"}],"replies":[{"embeddable":true,"href":"https:\/\/fraynelson.com\/blog\/wp-json\/wp\/v2\/comments?post=64811"}],"version-history":[{"count":1,"href":"https:\/\/fraynelson.com\/blog\/wp-json\/wp\/v2\/posts\/64811\/revisions"}],"predecessor-version":[{"id":64812,"href":"https:\/\/fraynelson.com\/blog\/wp-json\/wp\/v2\/posts\/64811\/revisions\/64812"}],"wp:attachment":[{"href":"https:\/\/fraynelson.com\/blog\/wp-json\/wp\/v2\/media?parent=64811"}],"wp:term":[{"taxonomy":"category","embeddable":true,"href":"https:\/\/fraynelson.com\/blog\/wp-json\/wp\/v2\/categories?post=64811"},{"taxonomy":"post_tag","embeddable":true,"href":"https:\/\/fraynelson.com\/blog\/wp-json\/wp\/v2\/tags?post=64811"}],"curies":[{"name":"wp","href":"https:\/\/api.w.org\/{rel}","templated":true}]}}