{"id":63649,"date":"2018-06-28T05:50:48","date_gmt":"2018-06-28T10:50:48","guid":{"rendered":"http:\/\/fraynelson.com\/blog\/?p=63649"},"modified":"2018-06-27T10:51:20","modified_gmt":"2018-06-27T15:51:20","slug":"alimento-20180630","status":"publish","type":"post","link":"https:\/\/fraynelson.com\/blog\/2018\/06\/28\/alimento-20180630\/","title":{"rendered":"ALIMENTO 20180630"},"content":{"rendered":"<div align=\"center\">\n<p><b>[<\/b> <a href=\"https:\/\/fraynelson.com\/blog\/2018\/06\/28\/alimento-20180630\/\" target=\"_blank\" rel=\"noopener\">Ver en la WEB<\/a> <b>] [<\/b> <a href=\"http:\/\/fraynelson.com\/suscripciones.html\" target=\"_blank\" rel=\"noopener\">Suscribirse \/ Darse de baja<\/a> <b>]<\/b><\/p>\n<\/div>\n<p><!--more--><\/p>\n<table border=\"0\" width=\"80%\" cellspacing=\"2\" cellpadding=\"2\" align=\"center\" bgcolor=\"#ffffcc\">\n<tbody>\n<tr>\n<td>\n<div align=\"center\">\n<table border=\"0\" cellspacing=\"0\" cellpadding=\"0\" align=\"center\" bgcolor=\"#ffffff\">\n<tbody>\n<tr>\n<td colspan=\"2\" bgcolor=\"#ffffcc\">\n<div align=\"center\"><img decoding=\"async\" src=\"http:\/\/fraynelson.com\/banco_imagenes\/casita.jpg\" height=\"115\" \/><\/div>\n<\/td>\n<\/tr>\n<tr>\n<td colspan=\"2\" bgcolor=\"#ffffff\" height=\"1\">\n<div align=\"center\"><span style=\"color: #ffffff; font-family: Arial, Helvetica, sans-serif; font-size: xx-small;\"><img decoding=\"async\" src=\"http:\/\/fraynelson.com\/_blnk.gif\" height=\"1\" vspace=\"1\" \/><\/span><\/div>\n<\/td>\n<\/tr>\n<tr>\n<td colspan=\"2\" bgcolor=\"#ffffff\" height=\"1\">\n<div align=\"center\">\n<table border=\"0\" width=\"98%\" cellspacing=\"0\" cellpadding=\"0\" align=\"center\" bgcolor=\"#590b00\">\n<tbody>\n<tr>\n<td width=\"5\" height=\"45\"><\/td>\n<td>\n<div align=\"center\">\n<p><span class=\"resaltado\"><span style=\"color: #ffffcc; font-family: Arial, Helvetica, sans-serif; font-size: medium;\"><strong>Alimento del Alma<\/strong><\/span><strong><br \/>\n<span style=\"color: #ffffcc; font-family: Arial, Helvetica, sans-serif; font-size: small;\">S\u00e1bado 30 de junio de 2018<\/span><\/strong><\/span><br \/>\n<span style=\"color: #ffffcc; font-family: Arial, Helvetica, sans-serif; font-size: xx-small;\"><span class=\"cierre\">Convento de Santo Domingo, Bogot\u00e1, COLOMBIA.<br \/>\nTel. +57 (1) 249-3385<\/span><\/span><\/p>\n<\/div>\n<\/td>\n<td bgcolor=\"#ffcc99\">\n<div align=\"center\"><span style=\"color: #590b00; font-family: Arial, Helvetica, sans-serif; font-size: small;\"><strong>No. 9631<\/strong><\/span><\/div>\n<\/td>\n<\/tr>\n<\/tbody>\n<\/table>\n<\/div>\n<\/td>\n<\/tr>\n<tr>\n<td colspan=\"2\">\n<table border=\"0\" cellspacing=\"2\" cellpadding=\"2\" align=\"center\">\n<tbody>\n<tr>\n<td valign=\"top\" bgcolor=\"#ffffdd\" height=\"2989\">\n<table border=\"0\" width=\"98%\" align=\"center\">\n<tbody>\n<tr>\n<td colspan=\"2\" bgcolor=\"#ffcc99\">\n<div align=\"center\"><span style=\"color: #590b00; font-family: Verdana, Arial, Helvetica, sans-serif; font-size: small;\"><strong>Cada d\u00eda tiene su gracia&#8230;<\/strong><\/span><\/div>\n<\/td>\n<\/tr>\n<tr bgcolor=\"#ffffff\">\n<td>\n<p align=\"center\"><a href=\"http:\/\/is.gd\/fraynelson20180630\" target=\"_blank\" rel=\"noopener\"><img decoding=\"async\" src=\"http:\/\/fraynelson.com\/banco_imagenes\/b_lagracia.png\" border=\"0\" \/><\/a><\/p>\n<\/td>\n<\/tr>\n<tr>\n<td colspan=\"2\" bgcolor=\"#ffcc99\"><\/td>\n<\/tr>\n<\/tbody>\n<\/table>\n<p>&nbsp;<\/p>\n<p align=\"center\"><a href=\"http:\/\/www.vatican.va\" target=\"_blank\" rel=\"noopener\"><img decoding=\"async\" src=\"http:\/\/fraynelson.com\/banco_imagenes\/boletin_izq_010.jpg\" border=\"0\" \/><\/a><\/p>\n<p>&nbsp;<\/p>\n<table border=\"0\" width=\"98%\" align=\"center\">\n<tbody>\n<tr>\n<td colspan=\"2\" bgcolor=\"#ffcc99\">\n<div align=\"center\"><span style=\"color: #590b00; font-family: Verdana, Arial, Helvetica, sans-serif; font-size: small;\"><strong>A\u00fan m\u00e1s contenido,<br \/>\nen FRAYNELSON.COM y FRAYNELSON.NET:<\/strong><\/span><\/div>\n<\/td>\n<\/tr>\n<tr bgcolor=\"#ffffff\">\n<td>\n<div align=\"center\"><span style=\"color: #590b00; font-size: large;\">\u2022<\/span><\/div>\n<\/td>\n<td><a href=\"http:\/\/fraynelson.com\"><span style=\"color: #000066; font-family: Arial, Helvetica, sans-serif; font-size: small;\"><strong>Inicio<\/strong><\/span><\/a><\/td>\n<\/tr>\n<tr bgcolor=\"#ffffff\">\n<td>\n<div align=\"center\"><span style=\"color: #590b00; font-size: large;\">\u2022<\/span><\/div>\n<\/td>\n<td><a href=\"http:\/\/fraynelson.net\"><span style=\"color: #000066; font-family: Arial, Helvetica, sans-serif; font-size: small;\"><strong>AMIGOS EN LA FE<\/strong><\/span><\/a><\/td>\n<\/tr>\n<tr bgcolor=\"#ffffff\">\n<td>\n<div align=\"center\"><span style=\"color: #590b00; font-size: large;\">\u2022<\/span><\/div>\n<\/td>\n<td><a href=\"http:\/\/fraynelson.com\/calendario.php\"><span style=\"color: #000066; font-family: Arial, Helvetica, sans-serif; font-size: small;\"><strong>Calendario<\/strong><\/span><\/a><\/td>\n<\/tr>\n<tr bgcolor=\"#ffffff\">\n<td>\n<div align=\"center\"><span style=\"color: #590b00; font-size: large;\">\u2022<\/span><\/div>\n<\/td>\n<td><a href=\"https:\/\/fraynelson.com\/blog\/categorias\/audio\"><span style=\"color: #000066; font-family: Arial, Helvetica, sans-serif; font-size: small;\"><strong>Predicaci\u00f3n de viva voz<\/strong><\/span><\/a><\/td>\n<\/tr>\n<tr bgcolor=\"#ffffff\">\n<td>\n<div align=\"center\"><span style=\"color: #590b00; font-size: large;\">\u2022<\/span><\/div>\n<\/td>\n<td><a href=\"http:\/\/fraynelson.com\/homilias.html\"><span style=\"color: #000066; font-family: Arial, Helvetica, sans-serif; font-size: small;\"><strong>Homil\u00edas<\/strong><\/span><\/a><\/td>\n<\/tr>\n<tr bgcolor=\"#ffffff\">\n<td>\n<div align=\"center\"><span style=\"color: #590b00; font-size: large;\">\u2022<\/span><\/div>\n<\/td>\n<td><a href=\"http:\/\/fraynelson.com\/preguntas.php\"><span style=\"color: #000066; font-family: Arial, Helvetica, sans-serif; font-size: small;\"><strong>Preguntas y Respuestas<\/strong><\/span><\/a><\/td>\n<\/tr>\n<tr bgcolor=\"#ffffff\">\n<td>\n<div align=\"center\"><span style=\"color: #590b00; font-size: large;\">\u2022<\/span><\/div>\n<\/td>\n<td><a href=\"http:\/\/fraynelson.com\/imprenta.html\"><span style=\"color: #000066; font-family: Arial, Helvetica, sans-serif; font-size: small;\"><strong>Imprenta (PDF)<\/strong><\/span><\/a><\/td>\n<\/tr>\n<tr bgcolor=\"#ffffff\">\n<td>\n<div align=\"center\"><span style=\"color: #590b00; font-size: large;\">\u2022<\/span><\/div>\n<\/td>\n<td><a href=\"http:\/\/fraynelson.com\/wiki2\"><span style=\"color: #000066; font-family: Arial, Helvetica, sans-serif; font-size: small;\"><strong>Wiki (transcripciones)<\/strong><\/span><\/a><\/td>\n<\/tr>\n<tr bgcolor=\"#ffffff\">\n<td>\n<div align=\"center\"><span style=\"color: #590b00; font-size: large;\">\u2022<\/span><\/div>\n<\/td>\n<td><a href=\"https:\/\/fraynelson.com\/blog\"><span style=\"color: #000066; font-family: Arial, Helvetica, sans-serif; font-size: small;\"><strong>Diario (Weblog)<\/strong><\/span><\/a><\/td>\n<\/tr>\n<tr bgcolor=\"#ffffff\">\n<td>\n<div align=\"center\"><span style=\"color: #590b00; font-size: large;\">\u2022<\/span><\/div>\n<\/td>\n<td><a href=\"http:\/\/fraynelson.com\/comunidad\/\"><span style=\"color: #000066; font-family: Arial, Helvetica, sans-serif; font-size: small;\"><strong>Oraci\u00f3n Compartida<\/strong><\/span><\/a><\/td>\n<\/tr>\n<tr bgcolor=\"#ffffff\">\n<td>\n<div align=\"center\"><span style=\"color: #590b00; font-size: large;\">\u2022<\/span><\/div>\n<\/td>\n<td><a href=\"http:\/\/www.htmlgear.tripod.com\/guest\/control.guest?u=fraynelson0&amp;i=1&amp;a=view\"><span style=\"color: #000066; font-family: Arial, Helvetica, sans-serif; font-size: small;\"><strong>Testimonios<\/strong><\/span><\/a><\/td>\n<\/tr>\n<tr bgcolor=\"#ffffff\">\n<td>\n<div align=\"center\"><span style=\"color: #590b00; font-size: large;\">\u2022<\/span><\/div>\n<\/td>\n<td><a href=\"http:\/\/fraynelson.com\/ayuda.html\"><span style=\"color: #000066; font-family: Arial, Helvetica, sans-serif; font-size: small;\"><strong>C\u00f3mo ayudar<\/strong><\/span><\/a><\/td>\n<\/tr>\n<tr bgcolor=\"#ffffff\">\n<td colspan=\"2\" bgcolor=\"#ffcc99\"><\/td>\n<\/tr>\n<\/tbody>\n<\/table>\n<p>&nbsp;<\/p>\n<p align=\"center\"><a href=\"http:\/\/www.opcolombia.org\" target=\"_blank\" rel=\"noopener\"><img decoding=\"async\" src=\"http:\/\/fraynelson.com\/banco_imagenes\/boletin_izq_02.jpg\" border=\"0\" \/><\/a><\/p>\n<p>&nbsp;<\/p>\n<table border=\"0\" width=\"98%\" align=\"center\">\n<tbody>\n<tr>\n<td colspan=\"2\" bgcolor=\"#ffcc99\">\n<div align=\"center\"><span style=\"color: #590b00; font-family: Verdana, Arial, Helvetica, sans-serif; font-size: small;\"><strong>\u00a1 PONTE AL D\u00cdA !<br \/>\nEstas son nuestras series:<\/strong><\/span><\/div>\n<\/td>\n<\/tr>\n<tr bgcolor=\"#ffffff\">\n<td>\n<div align=\"center\"><span style=\"color: #590b00; font-size: large;\">\u2022<\/span><\/div>\n<\/td>\n<td><a href=\"https:\/\/fraynelson.com\/blog\/categorias\/iglesia-catolica\/biblioteca-pontificia\/\"><span style=\"color: #000066; font-family: Arial, Helvetica, sans-serif; font-size: small;\"><strong>Biblioteca Pontificia<\/strong><\/span><\/a><\/td>\n<\/tr>\n<tr bgcolor=\"#ffffff\">\n<td>\n<div align=\"center\"><span style=\"color: #590b00; font-size: large;\">\u2022<\/span><\/div>\n<\/td>\n<td><a href=\"https:\/\/fraynelson.com\/blog\/categorias\/teologia-espiritual\/las-palabras-del-angel\/\"><span style=\"color: #000066; font-family: Arial, Helvetica, sans-serif; font-size: small;\"><strong>Las Palabras del Angel<\/strong><\/span><\/a><\/td>\n<\/tr>\n<tr bgcolor=\"#ffffff\">\n<td>\n<div align=\"center\"><span style=\"color: #590b00; font-size: large;\">\u2022<\/span><\/div>\n<\/td>\n<td><a href=\"https:\/\/fraynelson.com\/blog\/categorias\/teologia-espiritual\/conoce-tu-dios\/\"><span style=\"color: #000066; font-family: Arial, Helvetica, sans-serif; font-size: small;\"><strong>Conoce a tu Dios (P. Jaime Forero, q.e.p.d)<\/strong><\/span><\/a><\/td>\n<\/tr>\n<tr bgcolor=\"#ffffff\">\n<td>\n<div align=\"center\"><span style=\"color: #590b00; font-size: large;\">\u2022<\/span><\/div>\n<\/td>\n<td><a href=\"https:\/\/fraynelson.com\/blog\/?s=ejercicios+perdon\"><span style=\"color: #000066; font-family: Arial, Helvetica, sans-serif; font-size: small;\"><strong>Ejercicios para el Perd\u00f3n (P. Jaime Forero, q.e.p.d)<\/strong><\/span><\/a><\/td>\n<\/tr>\n<tr bgcolor=\"#ffffff\">\n<td>\n<div align=\"center\"><span style=\"color: #590b00; font-size: large;\">\u2022<\/span><\/div>\n<\/td>\n<td><a href=\"http:\/\/fraynelson.com\/preguntas.php\"><span style=\"color: #000066; font-family: Arial, Helvetica, sans-serif; font-size: small;\"><strong>Preguntas &amp; Respuestas<\/strong><\/span><\/a><\/td>\n<\/tr>\n<tr bgcolor=\"#ffffff\">\n<td>\n<div align=\"center\"><span style=\"color: #590b00; font-size: large;\">\u2022<\/span><\/div>\n<\/td>\n<td><a href=\"http:\/\/www.youtube.com\/view_play_list?p=7155E7B865615CCF&amp;hl=es\"><span style=\"color: #000066; font-family: Arial, Helvetica, sans-serif; font-size: small;\"><strong>Videos publicados en el Bolet\u00edn<\/strong><\/span><\/a><\/td>\n<\/tr>\n<tr bgcolor=\"#ffffff\">\n<td>\n<div align=\"center\"><span style=\"color: #590b00; font-size: large;\">\u2022<\/span><\/div>\n<\/td>\n<td><a href=\"http:\/\/www.youtube.com\/view_play_list?p=E680DA141F25BCF5&amp;hl=es\"><span style=\"color: #000066; font-family: Arial, Helvetica, sans-serif; font-size: small;\"><strong>Cantos publicados en el Bolet\u00edn<\/strong><\/span><\/a><\/td>\n<\/tr>\n<tr bgcolor=\"#ffffff\">\n<td>\n<div align=\"center\"><span style=\"color: #590b00; font-size: large;\">\u2022<\/span><\/div>\n<\/td>\n<td><a href=\"http:\/\/fraynelson.com\/ayuda.html\"><span style=\"color: #000066; font-family: Arial, Helvetica, sans-serif; font-size: small;\"><strong>C\u00f3mo ayudar<\/strong><\/span><\/a><\/td>\n<\/tr>\n<tr bgcolor=\"#ffffff\">\n<td colspan=\"2\" bgcolor=\"#ffcc99\"><\/td>\n<\/tr>\n<\/tbody>\n<\/table>\n<p>&nbsp;<\/p>\n<div align=\"center\">\n<p><span class=\"resaltado\"><span style=\"font-family: Arial, Helvetica, sans-serif; font-size: small;\"><strong>Inscribe tu e-mail en:<br \/>\n<span style=\"color: red;\"><a href=\"http:\/\/www.fraynelson.com\">www.fraynelson.com<\/a><\/span><\/strong><\/span><\/span><\/p>\n<p>&nbsp;<\/p>\n<p align=\"center\"><a href=\"http:\/\/fraynelson.com\/ayuda.html\"><img decoding=\"async\" src=\"http:\/\/fraynelson.com\/banco_imagenes\/boletin_izq_03.jpg\" border=\"0\" \/><\/a><\/p>\n<p><span class=\"resaltado\"><span style=\"font-family: Arial, Helvetica, sans-serif; font-size: small;\"><strong>Una canci\u00f3n <em>gratis<\/em><br \/>\npara este d\u00eda:<br \/>\n<a href=\"http:\/\/fraynelson.com\/cantos\/0206_quien_te_dijo.rm\"><span style=\"font-size: x-large;\">Quien Te Dijo<\/span><\/a><\/strong><\/span><\/span><\/p>\n<p>&nbsp;<\/p>\n<\/div>\n<\/td>\n<td valign=\"top\">\n<div align=\"center\">\n<table border=\"0\" width=\"100%\" cellspacing=\"2\" cellpadding=\"0\" bgcolor=\"#ffffff\">\n<tbody>\n<tr>\n<td>\n<div align=\"left\"><span class=\"titulo1\"><span style=\"color: #590b00; font-family: Arial, Helvetica, sans-serif; font-size: small;\"><strong><em>* Para el S\u00c1BADO: Testimonios y Narraciones *<\/em><\/strong><\/span><\/span><\/div>\n<\/td>\n<\/tr>\n<\/tbody>\n<\/table>\n<\/div>\n<table border=\"0\" width=\"100%\" cellspacing=\"0\" cellpadding=\"0\" bgcolor=\"#ffcd88\">\n<tbody>\n<tr>\n<td valign=\"center\" width=\"55%\"><a id=\"1\" name=\"1\"><\/a><\/p>\n<div align=\"left\"><a id=\"1\" name=\"1\"><\/a><img loading=\"lazy\" decoding=\"async\" src=\"http:\/\/fraynelson.com\/banco_imagenes\/arrow.gif\" width=\"16\" height=\"15\" \/><a name=\"1\"><\/a><\/div>\n<\/td>\n<td>\n<div align=\"right\"><span class=\"titulo1\"><span style=\"color: #590b00; font-family: Arial, Helvetica, sans-serif; font-size: x-large;\">Una mujer cuenta el vac\u00edo que experiment\u00f3 siendo criada por dos lesbianas<\/span><\/span><\/div>\n<\/td>\n<\/tr>\n<tr>\n<td colspan=\"2\" valign=\"bottom\" bgcolor=\"#ffffcc\"><img loading=\"lazy\" decoding=\"async\" src=\"http:\/\/fraynelson.com\/banco_imagenes\/transparente.gif\" width=\"8\" height=\"8\" \/><\/td>\n<\/tr>\n<tr>\n<td colspan=\"2\" valign=\"top\" bgcolor=\"#ffffcc\">\n<div align=\"justify\">\n<p><span style=\"color: #000000; font-family: Arial, Helvetica, sans-serif; font-size: small;\">Varios estudios cient\u00edficos realizados por importantes investigadores revelan los da\u00f1os y consecuencias negativas que tienen para los ni\u00f1os que crecen en parejas del mismo sexo. El soci\u00f3logo estadounidense Paul Sullins concluye en uno de estos informes que \u201clos problemas emocionales de los ni\u00f1os con progenitores del mismo sexo son m\u00e1s del doble respecto a los que tienen progenitores de sexo opuesto\u201d.<\/span><\/p>\n<p>Pero adem\u00e1s de este tipo de investigaciones est\u00e1n tambi\u00e9n los propios testimonios de personas que han sido criadas por parejas del mismo sexo. Son cada vez m\u00e1s numerosos, pero curiosamente se encuentran con un muro de silencio dentro de la comunidad LGTB.<\/p>\n<p>El otro lado del mundo LGBT<\/p>\n<p>Precisamente, para derribar todas estas barreras Millie Fontana decidi\u00f3 hacer p\u00fablico su testimonio de lo que ha sido para ella haber nacido en una pareja de lesbianas, gracias al esperma de un donante.<\/p>\n<p>Esta joven australiana de 27 a\u00f1os realiz\u00f3 una intervenci\u00f3n en p\u00fablico que se hizo viral y que sigue circulando por las redes sociales tres a\u00f1os despu\u00e9s de haber pronunciado estas palabras. Pero sus argumentos, lejos de haber caducado, est\u00e1n ahora m\u00e1s de actualidad que nunca, pues la ideolog\u00eda de g\u00e9nero ha apretado todav\u00eda m\u00e1s fuerte el acelerador.<\/p>\n<p>Fontana afirmaba que \u201ceste es un testimonio inaudito porque nadie quiere escuchar lo que hay al otro lado del arco\u00edris, un lado que no es atendido, de ni\u00f1os que no crecen felices, porque crecen con una idea equivocada de c\u00f3mo debe ser una estructura familiar\u201d.<\/p>\n<p>&#8220;Realmente me estaba perdiendo algo especial&#8221;<\/p>\n<p>En su testimonio, que recog\u00eda Daily Mail, esta joven aseguraba que desde muy ni\u00f1a \u201csent\u00ed dentro de m\u00ed que carec\u00eda de un padre antes incluso de poder entender lo que esto significaba. Sab\u00eda que quer\u00eda a mis dos madres, pero no pod\u00eda entender lo que faltaba dentro de m\u00ed\u201d.<\/p>\n<p>Sin embargo, Millie contaba que \u201ccuando fui a la escuela comenc\u00e9 a darme cuenta al observar a otros ni\u00f1os y sus lazos de amor con sus padres, que realmente me estaba perdiendo algo especial\u201d.<\/p>\n<p>Durante todos estos a\u00f1os, sus \u201cmadres\u201d y profesores \u201cme mintieron, me dijeron que no ten\u00eda padre o que tal vez no sab\u00edan qui\u00e9n era\u201d. Y por ello, el no tener una figura paterna en su vida, y ni siquiera tener un remoto conocimiento sobre ella, hac\u00eda que le \u201cresultara muy dif\u00edcil afirmar una identidad estable\u201d.<\/p>\n<p>La forma en que le arrebataron esta figura de padre fue para ella muy duro. \u201cHe escuchado esta mentira del lobby LGTB: a los ni\u00f1os no les importa qui\u00e9n es su familia, y que hombres o mujeres son intercambiables. Considero que esto en s\u00ed mismo es una forma de discriminaci\u00f3n\u2026 Hombres y mujeres ofrecen roles complementarios en la crianza del ni\u00f1o y deben ser respetados con igualdad\u201d, afirmaba esta joven.<\/p>\n<p>Las preguntas que se hac\u00eda de ni\u00f1a<\/p>\n<p>Millie denunciaba adem\u00e1s que \u201ctengo historias de amigos gays que me explican que otros homosexuales los llaman hom\u00f3fobos porque prefieren que los ni\u00f1os crezcan con un padre y una madre\u201d.<\/p>\n<p>\u201c\u00bfEra hom\u00f3foba cuando me miraba en el espejo y me preguntaba d\u00f3nde estaba mi padre? \u00bfEra hom\u00f3foba cuando ped\u00ed a mis madres que me dijera qui\u00e9n era?\u201d, se preguntaba esta hija de lesbianas.<\/p>\n<p>A los 11 a\u00f1os, se vieron obligadas a decir a Millie qui\u00e9n era su padre. Se trataba de un amigo de una de ellas, y con cuyo esperma fue concebida tanto Millie como sus dos hermanos. Asegura que el saber que ten\u00eda un padre y quien era le ayud\u00f3 en su desarrollo. \u201cProbablemente fue la primera vez en mi vida que me sent\u00ed como una ni\u00f1a estable, era mi parte faltante\u201d, agregaba. Por fin sab\u00eda de d\u00f3nde ven\u00eda.<\/p>\n<p>Le encantaba ver a las familias naturales<\/p>\n<p>Pese a ello, sus madres le dec\u00edan que no ten\u00eda padre. Pero para Millie esto era algo que no pod\u00eda lograr entender. Por ello, confesaba que durante esos a\u00f1os se aferr\u00f3 \u201caferr\u00f3\u201d a los hombres de otras familias mientras buscaba una figura paterna propia.<\/p>\n<p>\u201cPasaba una cantidad de tiempo enorme en sus casas porque me fascinaba la estructura familiar heterosexual\u201d, explicaba. Pero pese a ello, no pod\u00eda reemplazar a su padre real. Ten\u00eda un vac\u00edo muy grande en su vida que no lograba llenar.<\/p>\n<p>A tenor de su experiencia, Millie alertaba de las \u201cgraves consecuencias\u201d para los ni\u00f1os a los que se les niega \u201cel acceso a sus padres biol\u00f3gicos\u201d. Este es, seg\u00fan afirmaba, \u201cmi principal problema con la comunidad gay en este momento\u201d.<\/p>\n<p><span style=\"color: #000000; font-family: Arial, Helvetica, sans-serif; font-size: small;\"><strong>Fr. Nelson M.<br \/>\namigos@fraynelson.com<\/strong><\/span><\/p>\n<\/div>\n<\/td>\n<\/tr>\n<tr bgcolor=\"#ffffcc\">\n<td colspan=\"2\" valign=\"bottom\"><img loading=\"lazy\" decoding=\"async\" src=\"http:\/\/fraynelson.com\/banco_imagenes\/transparente.gif\" width=\"8\" height=\"8\" \/><a class=\"linksmenu\" href=\"http:\/\/fraynelson.com\/sistema\/boletin\/mactboletin3.php#a\"><span style=\"color: #000066; font-family: Arial, Helvetica, sans-serif; font-size: xx-small;\"><strong>[arriba]<\/strong><\/span><\/a><\/td>\n<\/tr>\n<\/tbody>\n<\/table>\n<table border=\"0\" width=\"100%\" cellspacing=\"0\" cellpadding=\"0\" bgcolor=\"#ffcd88\">\n<tbody>\n<tr>\n<td valign=\"center\" width=\"55%\"><a id=\"2\" name=\"2\"><\/a><\/p>\n<div align=\"left\"><a id=\"2\" name=\"2\"><\/a><img loading=\"lazy\" decoding=\"async\" src=\"http:\/\/fraynelson.com\/banco_imagenes\/arrow.gif\" width=\"16\" height=\"15\" \/><\/div>\n<\/td>\n<td>\n<div align=\"right\"><span class=\"titulo1\"><span style=\"color: #590b00; font-family: Arial, Helvetica, sans-serif; font-size: medium;\"><strong>La Foto de Hoy<\/strong><\/span><\/span><\/div>\n<\/td>\n<\/tr>\n<tr>\n<td colspan=\"2\" valign=\"bottom\" bgcolor=\"#ffffcc\"><img loading=\"lazy\" decoding=\"async\" src=\"http:\/\/fraynelson.com\/banco_imagenes\/transparente.gif\" width=\"8\" height=\"8\" \/><\/td>\n<\/tr>\n<tr>\n<td colspan=\"2\" valign=\"top\" bgcolor=\"#ffffcc\">\n<div align=\"center\">\n<p><span style=\"color: #000000; font-family: Arial, Helvetica, sans-serif; font-size: xx-small;\"><a href=\"http:\/\/fraynelson.com\/fotodeldia.php\"><img decoding=\"async\" src=\"http:\/\/fraynelson.com\/banco_imagenes\/diario\/20180630.jpg\" width=\"320\" border=\"0\" \/><\/a><br \/>\n<em>Efectos del alcohol, parece&#8230;<\/em><\/span><\/p>\n<\/div>\n<\/td>\n<\/tr>\n<tr bgcolor=\"#ffffcc\">\n<td colspan=\"2\" valign=\"bottom\"><img loading=\"lazy\" decoding=\"async\" src=\"http:\/\/fraynelson.com\/banco_imagenes\/transparente.gif\" width=\"8\" height=\"8\" \/><a class=\"linksmenu\" href=\"http:\/\/fraynelson.com\/sistema\/boletin\/mactboletin3.php#a\"><span style=\"color: #000066; font-family: Arial, Helvetica, sans-serif; font-size: xx-small;\"><strong>[arriba]<\/strong><\/span><\/a><\/td>\n<\/tr>\n<\/tbody>\n<\/table>\n<table border=\"0\" width=\"100%\" cellspacing=\"0\" cellpadding=\"0\" bgcolor=\"#ffcd88\">\n<tbody>\n<tr>\n<td valign=\"center\" width=\"55%\"><a id=\"3a\" name=\"3a\"><\/a><\/p>\n<div align=\"left\"><a id=\"3a\" name=\"3a\"><\/a><img loading=\"lazy\" decoding=\"async\" src=\"http:\/\/fraynelson.com\/banco_imagenes\/arrow.gif\" width=\"16\" height=\"15\" \/><\/div>\n<\/td>\n<td>\n<div align=\"right\"><span class=\"titulo1\"><span style=\"color: #590b00; font-family: Arial, Helvetica, sans-serif; font-size: medium;\"><strong>Santo del D\u00eda<\/strong><\/span><\/span><\/div>\n<\/td>\n<\/tr>\n<tr>\n<td colspan=\"2\" valign=\"bottom\" bgcolor=\"#ffffcc\"><img loading=\"lazy\" decoding=\"async\" src=\"http:\/\/fraynelson.com\/banco_imagenes\/transparente.gif\" width=\"8\" height=\"8\" \/><\/td>\n<\/tr>\n<tr>\n<td colspan=\"2\" valign=\"top\" bgcolor=\"#ffffcc\">\n<div align=\"left\">\n<p><span style=\"color: #000000; font-family: Arial, Helvetica, sans-serif; font-size: small;\"><b>Santos Protom\u00e1rtires de la Santa Iglesia Romana<\/b>.- <\/span><\/p>\n<p><span style=\"color: #000000; font-family: Arial, Helvetica, sans-serif; font-size: small;\">Tanto el historiador pagano T\u00e1cito, en su obra Annales, como el Papa Clemente, en su Carta a los Corintios, testifican que muchos cristianos sufrieron martirio en medio de indecibles tormentos.<\/span><\/p>\n<p>Esto ocurri\u00f3 con la persecuci\u00f3n desencadenada por el emperador Ner\u00f3n despu\u00e9s del incendio de Roma, en el a\u00f1o 64.<\/p>\n<p>Algunos de ellos fueron quemados como antorchas humanas en los banquetes nocturnos; otros crucificados o echados como alimento de animales salvajes.<\/p>\n<p>Estos M\u00e1rtires murieron antes que San Pablo y San Pedro, y son llamados &#8220;Los Disc\u00edpulos de los Ap\u00f3stoles&#8221;.<\/p>\n<\/div>\n<\/td>\n<\/tr>\n<tr bgcolor=\"#ffffcc\">\n<td colspan=\"2\" valign=\"bottom\"><img loading=\"lazy\" decoding=\"async\" src=\"http:\/\/fraynelson.com\/banco_imagenes\/transparente.gif\" width=\"8\" height=\"8\" \/><a class=\"linksmenu\" href=\"http:\/\/fraynelson.com\/sistema\/boletin\/mactboletin3.php#a\"><span style=\"color: #000066; font-family: Arial, Helvetica, sans-serif; font-size: xx-small;\"><strong>[arriba]<\/strong><\/span><\/a><\/td>\n<\/tr>\n<\/tbody>\n<\/table>\n<table border=\"0\" width=\"100%\" cellspacing=\"0\" cellpadding=\"0\" bgcolor=\"#ffcd88\">\n<tbody>\n<tr>\n<td valign=\"center\" width=\"55%\"><a id=\"3b\" name=\"3b\"><\/a><\/p>\n<div align=\"left\"><a id=\"3b\" name=\"3b\"><\/a><img loading=\"lazy\" decoding=\"async\" src=\"http:\/\/fraynelson.com\/banco_imagenes\/arrow.gif\" width=\"16\" height=\"15\" \/><\/div>\n<\/td>\n<td>\n<div align=\"right\"><span class=\"titulo1\"><span style=\"color: #590b00; font-family: Arial, Helvetica, sans-serif; font-size: medium;\"><strong>Cumplea\u00f1os<\/strong><\/span><\/span><\/div>\n<\/td>\n<\/tr>\n<tr>\n<td colspan=\"2\" valign=\"bottom\" bgcolor=\"#ffffcc\"><img loading=\"lazy\" decoding=\"async\" src=\"http:\/\/fraynelson.com\/banco_imagenes\/transparente.gif\" width=\"8\" height=\"8\" \/><\/td>\n<\/tr>\n<tr>\n<td colspan=\"2\" valign=\"top\" bgcolor=\"#ffffcc\">\n<div align=\"left\">\n<p><span style=\"color: #000000; font-family: Arial, Helvetica, sans-serif; font-size: small;\"><img decoding=\"async\" src=\"http:\/\/fraynelson.com\/banco_imagenes\/cumple.gif\" border=\"0\" \/> <b>Luis Carlos Hostios Rico<\/b>.- Bogot\u00e1, Colombia<\/span><\/p>\n<p><span style=\"color: #000000; font-family: Arial, Helvetica, sans-serif; font-size: small;\"><img decoding=\"async\" src=\"http:\/\/fraynelson.com\/banco_imagenes\/cumple.gif\" border=\"0\" \/> <b>Ingrid Barrancos M.<\/b>.- Santa Cruz de la Sierra, Bolivia &#8211; Pido a Dios me colme de paz, mucha paz en mi coraz\u00f3n.<\/span><\/p>\n<p><span style=\"color: #000000; font-family: Arial, Helvetica, sans-serif; font-size: small;\"><img decoding=\"async\" src=\"http:\/\/fraynelson.com\/banco_imagenes\/cumple.gif\" border=\"0\" \/> <b>Juan Carlos Garc\u00eda S\u00e1nchez<\/b>.- Funza-Cundinamarca, Colombia &#8211; El Se\u00f1or de la vida te siga regalando las gracias que necesitas y te bendiga por siempre.<\/span><\/p>\n<p><span style=\"color: #000000; font-family: Arial, Helvetica, sans-serif; font-size: small;\"><img decoding=\"async\" src=\"http:\/\/fraynelson.com\/banco_imagenes\/cumple.gif\" border=\"0\" \/> <b>Sandra Bola\u00f1os Ceron<\/b>.- Pitalito, Colombia &#8211; Feliz cumplea\u00f1os.<\/span><\/p>\n<p><span style=\"color: #000000; font-family: Arial, Helvetica, sans-serif; font-size: small;\">[<a href=\"http:\/\/fraynelson.com\/calendario.php\">A\u00f1ade otro cumplea\u00f1os<\/a>]<\/span><\/p>\n<\/div>\n<\/td>\n<\/tr>\n<tr bgcolor=\"#ffffcc\">\n<td colspan=\"2\" valign=\"bottom\"><img loading=\"lazy\" decoding=\"async\" src=\"http:\/\/fraynelson.com\/banco_imagenes\/transparente.gif\" width=\"8\" height=\"8\" \/><a class=\"linksmenu\" href=\"http:\/\/fraynelson.com\/sistema\/boletin\/mactboletin3.php#a\"><span style=\"color: #000066; font-family: Arial, Helvetica, sans-serif; font-size: xx-small;\"><strong>[arriba]<\/strong><\/span><\/a><\/td>\n<\/tr>\n<\/tbody>\n<\/table>\n<table border=\"0\" width=\"100%\" cellspacing=\"0\" cellpadding=\"0\" bgcolor=\"#ffcd88\">\n<tbody>\n<tr>\n<td valign=\"center\" width=\"55%\"><a id=\"3c\" name=\"3c\"><\/a><\/p>\n<div align=\"left\"><a id=\"3c\" name=\"3c\"><\/a><img loading=\"lazy\" decoding=\"async\" src=\"http:\/\/fraynelson.com\/banco_imagenes\/arrow.gif\" width=\"16\" height=\"15\" \/><\/div>\n<\/td>\n<td>\n<div align=\"right\"><span class=\"titulo1\"><span style=\"color: #590b00; font-family: Arial, Helvetica, sans-serif; font-size: medium;\"><strong>Bautismos<\/strong><\/span><\/span><\/div>\n<\/td>\n<\/tr>\n<tr>\n<td colspan=\"2\" valign=\"bottom\" bgcolor=\"#ffffcc\"><img loading=\"lazy\" decoding=\"async\" src=\"http:\/\/fraynelson.com\/banco_imagenes\/transparente.gif\" width=\"8\" height=\"8\" \/><\/td>\n<\/tr>\n<tr>\n<td colspan=\"2\" valign=\"top\" bgcolor=\"#ffffcc\">\n<div align=\"left\">\n<p><span style=\"color: #000000; font-family: Arial, Helvetica, sans-serif; font-size: small;\">[<a href=\"http:\/\/fraynelson.com\/calendario.php\">A\u00f1ade otro aniversario de bautismo<\/a>]<\/span><\/p>\n<\/div>\n<\/td>\n<\/tr>\n<tr bgcolor=\"#ffffcc\">\n<td colspan=\"2\" valign=\"bottom\"><img loading=\"lazy\" decoding=\"async\" src=\"http:\/\/fraynelson.com\/banco_imagenes\/transparente.gif\" width=\"8\" height=\"8\" \/><a class=\"linksmenu\" href=\"http:\/\/fraynelson.com\/sistema\/boletin\/mactboletin3.php#a\"><span style=\"color: #000066; font-family: Arial, Helvetica, sans-serif; font-size: xx-small;\"><strong>[arriba]<\/strong><\/span><\/a><\/td>\n<\/tr>\n<\/tbody>\n<\/table>\n<table border=\"0\" width=\"100%\" cellspacing=\"0\" cellpadding=\"0\" bgcolor=\"#ffcd88\">\n<tbody>\n<tr>\n<td valign=\"center\" width=\"55%\"><a id=\"3d\" name=\"3d\"><\/a><\/p>\n<div align=\"left\"><a id=\"3d\" name=\"3d\"><\/a><img loading=\"lazy\" decoding=\"async\" src=\"http:\/\/fraynelson.com\/banco_imagenes\/arrow.gif\" width=\"16\" height=\"15\" \/><\/div>\n<\/td>\n<td>\n<div align=\"right\"><span class=\"titulo1\"><span style=\"color: #590b00; font-family: Arial, Helvetica, sans-serif; font-size: medium;\"><strong>Aniversario de Ordenaci\u00f3n Sacerdotal<\/strong><\/span><\/span><\/div>\n<\/td>\n<\/tr>\n<tr>\n<td colspan=\"2\" valign=\"bottom\" bgcolor=\"#ffffcc\"><img loading=\"lazy\" decoding=\"async\" src=\"http:\/\/fraynelson.com\/banco_imagenes\/transparente.gif\" width=\"8\" height=\"8\" \/><\/td>\n<\/tr>\n<tr>\n<td colspan=\"2\" valign=\"top\" bgcolor=\"#ffffcc\">\n<div align=\"left\">\n<p><span style=\"color: #000000; font-family: Arial, Helvetica, sans-serif; font-size: small;\">[<a href=\"http:\/\/fraynelson.com\/calendario.php\">A\u00f1ade otro aniversario de ordenaci\u00f3n<\/a>]<\/span><\/p>\n<\/div>\n<\/td>\n<\/tr>\n<tr bgcolor=\"#ffffcc\">\n<td colspan=\"2\" valign=\"bottom\"><img loading=\"lazy\" decoding=\"async\" src=\"http:\/\/fraynelson.com\/banco_imagenes\/transparente.gif\" width=\"8\" height=\"8\" \/><a class=\"linksmenu\" href=\"http:\/\/fraynelson.com\/sistema\/boletin\/mactboletin3.php#a\"><span style=\"color: #000066; font-family: Arial, Helvetica, sans-serif; font-size: xx-small;\"><strong>[arriba]<\/strong><\/span><\/a><\/td>\n<\/tr>\n<\/tbody>\n<\/table>\n<table border=\"0\" width=\"100%\" cellspacing=\"0\" cellpadding=\"0\" bgcolor=\"#ffcd88\">\n<tbody>\n<tr>\n<td valign=\"center\" width=\"55%\"><a id=\"3e\" name=\"3e\"><\/a><\/p>\n<div align=\"left\"><a id=\"3e\" name=\"3e\"><\/a><img loading=\"lazy\" decoding=\"async\" src=\"http:\/\/fraynelson.com\/banco_imagenes\/arrow.gif\" width=\"16\" height=\"15\" \/><\/div>\n<\/td>\n<td>\n<div align=\"right\"><span class=\"titulo1\"><span style=\"color: #590b00; font-family: Arial, Helvetica, sans-serif; font-size: medium;\"><strong>Aniversario de Matrimonio<\/strong><\/span><\/span><\/div>\n<\/td>\n<\/tr>\n<tr>\n<td colspan=\"2\" valign=\"bottom\" bgcolor=\"#ffffcc\"><img loading=\"lazy\" decoding=\"async\" src=\"http:\/\/fraynelson.com\/banco_imagenes\/transparente.gif\" width=\"8\" height=\"8\" \/><\/td>\n<\/tr>\n<tr>\n<td colspan=\"2\" valign=\"top\" bgcolor=\"#ffffcc\">\n<div align=\"left\">\n<p><span style=\"color: #000000; font-family: Arial, Helvetica, sans-serif; font-size: small;\"><img decoding=\"async\" src=\"http:\/\/fraynelson.com\/banco_imagenes\/matri.gif\" border=\"0\" \/> <b>Carlos Fuentes y Paulina Fragoso<\/b>.- Irapuato, M\u00e9xico (2001) &#8211; Recordar ese d\u00eda lleno de felicidad para mi esposo y para m\u00ed y pedirle a Dios nos siga bendiciendo y llenando de amor entre nosotros y para nuestros dos hermosos hijos.<\/span><\/p>\n<p><span style=\"color: #000000; font-family: Arial, Helvetica, sans-serif; font-size: small;\"><img decoding=\"async\" src=\"http:\/\/fraynelson.com\/banco_imagenes\/matri.gif\" border=\"0\" \/> <b>Jonny y Jan\u00e9, Esqueche Montalvo<\/b>.- Chiclayo, Per\u00fa (2007) &#8211; Que Dios y la Sant\u00edsima Virgen reinen en su hogar y que siempre est\u00e9n juntos, mas all\u00e1 de la muerte. Que sean muchos aniversarios mas y que esta fecha les recuerde su compromiso del cual fuimos testigos varios y que se amen para siempre.<\/span><\/p>\n<p><span style=\"color: #000000; font-family: Arial, Helvetica, sans-serif; font-size: small;\"><img decoding=\"async\" src=\"http:\/\/fraynelson.com\/banco_imagenes\/matri.gif\" border=\"0\" \/> <b>Luis Armando Jaimes Rico y Luz Fanny Castillo Castro<\/b>.- Bogot\u00e1, Colombia &#8211; El Se\u00f1or Jesucristo, es nuestra luz, amor, perd\u00f3n y ternura en estos 20 a\u00f1os de matrimonio. Doy gracias al Padre Celestial por este camino, que nos ha guiado de su mano bondadosa y poderosa. <\/span><\/p>\n<p><span style=\"color: #000000; font-family: Arial, Helvetica, sans-serif; font-size: small;\">[<a href=\"http:\/\/fraynelson.com\/calendario.php\">A\u00f1ade otro aniversario de matrimonio<\/a>]<\/span><\/p>\n<\/div>\n<\/td>\n<\/tr>\n<tr bgcolor=\"#ffffcc\">\n<td colspan=\"2\" valign=\"bottom\"><img loading=\"lazy\" decoding=\"async\" src=\"http:\/\/fraynelson.com\/banco_imagenes\/transparente.gif\" width=\"8\" height=\"8\" \/><a class=\"linksmenu\" href=\"http:\/\/fraynelson.com\/sistema\/boletin\/mactboletin3.php#a\"><span style=\"color: #000066; font-family: Arial, Helvetica, sans-serif; font-size: xx-small;\"><strong>[arriba]<\/strong><\/span><\/a><\/td>\n<\/tr>\n<\/tbody>\n<\/table>\n<table border=\"0\" width=\"100%\" cellspacing=\"0\" cellpadding=\"0\" bgcolor=\"#ffcd88\">\n<tbody>\n<tr>\n<td valign=\"center\" width=\"55%\"><a id=\"3f\" name=\"3f\"><\/a><\/p>\n<div align=\"left\"><a id=\"3f\" name=\"3f\"><\/a><img loading=\"lazy\" decoding=\"async\" src=\"http:\/\/fraynelson.com\/banco_imagenes\/arrow.gif\" width=\"16\" height=\"15\" \/><\/div>\n<\/td>\n<td>\n<div align=\"right\"><span class=\"titulo1\"><span style=\"color: #590b00; font-family: Arial, Helvetica, sans-serif; font-size: medium;\"><strong>Grupos, Comunidades, Congregaciones&#8230;<\/strong><\/span><\/span><\/div>\n<\/td>\n<\/tr>\n<tr>\n<td colspan=\"2\" valign=\"bottom\" bgcolor=\"#ffffcc\"><img loading=\"lazy\" decoding=\"async\" src=\"http:\/\/fraynelson.com\/banco_imagenes\/transparente.gif\" width=\"8\" height=\"8\" \/><\/td>\n<\/tr>\n<tr>\n<td colspan=\"2\" valign=\"top\" bgcolor=\"#ffffcc\">\n<div align=\"left\">\n<p><span style=\"color: #000000; font-family: Arial, Helvetica, sans-serif; font-size: small;\">[<a href=\"http:\/\/fraynelson.com\/calendario.php\">A\u00f1ade otro aniversario de un grupo<\/a>]<\/span><\/p>\n<\/div>\n<\/td>\n<\/tr>\n<tr bgcolor=\"#ffffcc\">\n<td colspan=\"2\" valign=\"bottom\"><img loading=\"lazy\" decoding=\"async\" src=\"http:\/\/fraynelson.com\/banco_imagenes\/transparente.gif\" width=\"8\" height=\"8\" \/><a class=\"linksmenu\" href=\"http:\/\/fraynelson.com\/sistema\/boletin\/mactboletin3.php#a\"><span style=\"color: #000066; font-family: Arial, Helvetica, sans-serif; font-size: xx-small;\"><strong>[arriba]<\/strong><\/span><\/a><\/td>\n<\/tr>\n<\/tbody>\n<\/table>\n<table border=\"0\" width=\"100%\" cellspacing=\"0\" cellpadding=\"0\" bgcolor=\"#ffcd88\">\n<tbody>\n<tr>\n<td valign=\"center\" width=\"55%\"><a id=\"3g\" name=\"3g\"><\/a><\/p>\n<div align=\"left\"><a id=\"3g\" name=\"3g\"><\/a><img loading=\"lazy\" decoding=\"async\" src=\"http:\/\/fraynelson.com\/banco_imagenes\/arrow.gif\" width=\"16\" height=\"15\" \/><\/div>\n<\/td>\n<td>\n<div align=\"right\"><span class=\"titulo1\"><span style=\"color: #590b00; font-family: Arial, Helvetica, sans-serif; font-size: medium;\"><strong>Evangelizaci\u00f3n Viva para hoy y los pr\u00f3ximos d\u00edas<\/strong><\/span><\/span><\/div>\n<\/td>\n<\/tr>\n<tr>\n<td colspan=\"2\" valign=\"bottom\" bgcolor=\"#ffffcc\"><img loading=\"lazy\" decoding=\"async\" src=\"http:\/\/fraynelson.com\/banco_imagenes\/transparente.gif\" width=\"8\" height=\"8\" \/><\/td>\n<\/tr>\n<tr>\n<td colspan=\"2\" valign=\"top\" bgcolor=\"#ffffcc\">\n<div align=\"left\">\n<p><span style=\"color: #000000; font-family: Arial, Helvetica, sans-serif; font-size: small;\">[<a href=\"http:\/\/fraynelson.com\/calendario.php\">A\u00f1ade otro evento de evangelizaci\u00f3n<\/a>: Son bienvenidas fechas futuras, por ejemplo si deseas dar a conocer alg\u00fan congreso, concierto, retiro, o similares]<\/span><\/p>\n<\/div>\n<\/td>\n<\/tr>\n<tr bgcolor=\"#ffffcc\">\n<td colspan=\"2\" valign=\"bottom\"><img loading=\"lazy\" decoding=\"async\" src=\"http:\/\/fraynelson.com\/banco_imagenes\/transparente.gif\" width=\"8\" height=\"8\" \/><a class=\"linksmenu\" href=\"http:\/\/fraynelson.com\/sistema\/boletin\/mactboletin3.php#a\"><span style=\"color: #000066; font-family: Arial, Helvetica, sans-serif; font-size: xx-small;\"><strong>[arriba]<\/strong><\/span><\/a><\/td>\n<\/tr>\n<\/tbody>\n<\/table>\n<table border=\"0\" width=\"100%\" cellspacing=\"0\" cellpadding=\"0\" bgcolor=\"#ffcd88\">\n<tbody>\n<tr>\n<td valign=\"center\" width=\"55%\"><a id=\"3h\" name=\"3h\"><\/a><\/p>\n<div align=\"left\"><a id=\"3h\" name=\"3h\"><\/a><img loading=\"lazy\" decoding=\"async\" src=\"http:\/\/fraynelson.com\/banco_imagenes\/arrow.gif\" width=\"16\" height=\"15\" \/><\/div>\n<\/td>\n<td>\n<div align=\"right\"><span class=\"titulo1\"><span style=\"color: #590b00; font-family: Arial, Helvetica, sans-serif; font-size: medium;\"><strong>Otras fechas importantes para ti<\/strong><\/span><\/span><\/div>\n<\/td>\n<\/tr>\n<tr>\n<td colspan=\"2\" valign=\"bottom\" bgcolor=\"#ffffcc\"><img loading=\"lazy\" decoding=\"async\" src=\"http:\/\/fraynelson.com\/banco_imagenes\/transparente.gif\" width=\"8\" height=\"8\" \/><\/td>\n<\/tr>\n<tr>\n<td colspan=\"2\" valign=\"top\" bgcolor=\"#ffffcc\">\n<div align=\"left\">\n<p><span style=\"color: #000000; font-family: Arial, Helvetica, sans-serif; font-size: small;\"><img decoding=\"async\" src=\"http:\/\/fraynelson.com\/banco_imagenes\/otros_aniversarios.gif\" border=\"0\" \/> <b>Juan David Trujillo e Isabel P\u00e9rez<\/b>.- Bogot\u00e1 &#8211; Colombia (2011) &#8211; En nuestro 1er a\u00f1o de noviazgo, la luz del Esp\u00edritu Santo nos siga cubriendo muchos a\u00f1os para ser siempre una pareja a la manera de Cristo, servidores, amorosos, unidos, fieles y comprometidos.<\/span><\/p>\n<p><span style=\"color: #000000; font-family: Arial, Helvetica, sans-serif; font-size: small;\">[<a href=\"http:\/\/fraynelson.com\/calendario.php\">A\u00f1ade otros aniversarios de personas o parejas<\/a>]<\/span><\/p>\n<\/div>\n<\/td>\n<\/tr>\n<tr bgcolor=\"#ffffcc\">\n<td colspan=\"2\" valign=\"bottom\"><img loading=\"lazy\" decoding=\"async\" src=\"http:\/\/fraynelson.com\/banco_imagenes\/transparente.gif\" width=\"8\" height=\"8\" \/><a class=\"linksmenu\" href=\"http:\/\/fraynelson.com\/sistema\/boletin\/mactboletin3.php#a\"><span style=\"color: #000066; font-family: Arial, Helvetica, sans-serif; font-size: xx-small;\"><strong>[arriba]<\/strong><\/span><\/a><\/td>\n<\/tr>\n<\/tbody>\n<\/table>\n<table border=\"0\" width=\"100%\" cellspacing=\"0\" cellpadding=\"0\" bgcolor=\"#ffcd88\">\n<tbody>\n<tr>\n<td valign=\"center\" width=\"55%\"><a id=\"3i\" name=\"3i\"><\/a><\/p>\n<div align=\"left\"><a id=\"3i\" name=\"3i\"><\/a><img loading=\"lazy\" decoding=\"async\" src=\"http:\/\/fraynelson.com\/banco_imagenes\/arrow.gif\" width=\"16\" height=\"15\" \/><\/div>\n<\/td>\n<td>\n<div align=\"right\"><span class=\"titulo1\"><span style=\"color: #590b00; font-family: Arial, Helvetica, sans-serif; font-size: medium;\"><strong>Fallecieron en un d\u00eda como hoy&#8230;<\/strong><\/span><\/span><\/div>\n<\/td>\n<\/tr>\n<tr>\n<td colspan=\"2\" valign=\"bottom\" bgcolor=\"#ffffcc\"><img loading=\"lazy\" decoding=\"async\" src=\"http:\/\/fraynelson.com\/banco_imagenes\/transparente.gif\" width=\"8\" height=\"8\" \/><\/td>\n<\/tr>\n<tr>\n<td colspan=\"2\" valign=\"top\" bgcolor=\"#ffffcc\">\n<div align=\"left\">\n<p><span style=\"color: #000000; font-family: Arial, Helvetica, sans-serif; font-size: small;\"><img decoding=\"async\" src=\"http:\/\/fraynelson.com\/banco_imagenes\/difuntos.gif\" border=\"0\" \/> <b>Francisco Ros Saez<\/b>.- Guadalajara, M\u00e9xico (1985) &#8211; Gracias Padre por darme la vida. Gracias por educarme en valores, con tu ejemplo. Gracias por tu testimonio de conversi\u00f3n. Gracias por mi regalo de cumplea\u00f1os al saber tu partida a la casa de Nuestro Padre Celestial. Sigue orando por nosotros, nosotros seguimos orando por ti. descansa en paz.<\/span><\/p>\n<p><span style=\"color: #000000; font-family: Arial, Helvetica, sans-serif; font-size: small;\"><img decoding=\"async\" src=\"http:\/\/fraynelson.com\/banco_imagenes\/difuntos.gif\" border=\"0\" \/> <b>Barrett<\/b>.- Montevideo, Uruguay (2007)<\/span><\/p>\n<p><span style=\"color: #000000; font-family: Arial, Helvetica, sans-serif; font-size: small;\"><img decoding=\"async\" src=\"http:\/\/fraynelson.com\/banco_imagenes\/difuntos.gif\" border=\"0\" \/> <b>Pablo Ignacio Reyes Trivi\u00f1o<\/b>.- Bogot\u00e1, Colombia &#8211; Hoy cumples un a\u00f1o mas y estas en la precencia del se\u00f1or. Te extra\u00f1o taaanto, pero se que desde alli estas con mi hija y conmigo se que eres nuestro angel y sabes que tu recuerdo esta en nuestro coraz\u00f3n te amamos mucho y descansa en la paz del se\u00f1or. Tu hija kika y nieta valentona<\/span><\/p>\n<p><span style=\"color: #000000; font-family: Arial, Helvetica, sans-serif; font-size: small;\"><img decoding=\"async\" src=\"http:\/\/fraynelson.com\/banco_imagenes\/difuntos.gif\" border=\"0\" \/> <b>Manuel Antonio Saavedra<\/b>.- Chitre Herrera, Panama (2010) &#8211; A mi pap\u00e1 recordado.<\/span><\/p>\n<p><span style=\"color: #000000; font-family: Arial, Helvetica, sans-serif; font-size: small;\"><img decoding=\"async\" src=\"http:\/\/fraynelson.com\/banco_imagenes\/difuntos.gif\" border=\"0\" \/> <b>Consuelo Orozco<\/b>.- Guadalajara, M\u00e9xico<\/span><\/p>\n<p><span style=\"color: #000000; font-family: Arial, Helvetica, sans-serif; font-size: small;\">[<a href=\"http:\/\/fraynelson.com\/calendario.php\">A\u00f1ade el nombre de personas fallecidas por las que quieres que oremos<\/a>]<\/span><\/p>\n<\/div>\n<\/td>\n<\/tr>\n<tr bgcolor=\"#ffffcc\">\n<td colspan=\"2\" valign=\"bottom\"><img loading=\"lazy\" decoding=\"async\" src=\"http:\/\/fraynelson.com\/banco_imagenes\/transparente.gif\" width=\"8\" height=\"8\" \/><a class=\"linksmenu\" href=\"http:\/\/fraynelson.com\/sistema\/boletin\/mactboletin3.php#a\"><span style=\"color: #000066; font-family: Arial, Helvetica, sans-serif; font-size: xx-small;\"><strong>[arriba]<\/strong><\/span><\/a><\/td>\n<\/tr>\n<\/tbody>\n<\/table>\n<table border=\"0\" width=\"100%\" cellspacing=\"0\" cellpadding=\"0\" bgcolor=\"#ffcd88\">\n<tbody>\n<tr>\n<td valign=\"center\" width=\"55%\"><a id=\"4\" name=\"4\"><\/a><\/p>\n<div align=\"left\"><a id=\"4\" name=\"4\"><\/a><img loading=\"lazy\" decoding=\"async\" src=\"http:\/\/fraynelson.com\/banco_imagenes\/arrow.gif\" width=\"16\" height=\"15\" \/><\/div>\n<\/td>\n<td>\n<div align=\"right\"><span class=\"titulo1\"><span style=\"color: #590b00; font-family: Arial, Helvetica, sans-serif; font-size: medium;\"><strong>Enlace recomendado para este d\u00eda<\/strong><\/span><\/span><\/div>\n<\/td>\n<\/tr>\n<tr>\n<td colspan=\"2\" valign=\"bottom\" bgcolor=\"#ffffcc\"><img loading=\"lazy\" decoding=\"async\" src=\"http:\/\/fraynelson.com\/banco_imagenes\/transparente.gif\" width=\"8\" height=\"8\" \/><\/td>\n<\/tr>\n<tr>\n<td colspan=\"2\" valign=\"top\" bgcolor=\"#ffffcc\">\n<div align=\"center\">\n<p><span style=\"color: #000000; font-family: Arial, Helvetica, sans-serif; font-size: xx-small;\"><b>\u00bfHay un calentamiento global antropog\u00e9nico catastr\u00f3fico?<\/b><\/span><\/p>\n<p><center><span style=\"color: #000000; font-family: Arial, Helvetica, sans-serif; font-size: xx-small;\"><a href=\"https:\/\/www.evernote.com\/shard\/s254\/sh\/a0085ad8-dc6f-40c5-864e-9d4f9d7d6f6a\/42ac9334016e52a6a95aa685fbeffef7\" target=\"_blank\" rel=\"noopener\"><img decoding=\"async\" src=\"http:\/\/fraynelson.com\/banco_imagenes\/recomendados\/20180630.jpg\" alt=\"\" width=\"320\" border=\"0\" \/><\/a><\/span><\/p>\n<div align=\"left\">\n<p><em>&#8220;El t\u00edtulo de esta ponencia contiene dos preguntas. La primera (\u00bfHay un calentamiento global antropog\u00e9nico catastr\u00f3fico?) es una cuesti\u00f3n cient\u00edfica. La segunda (\u00bfQu\u00e9 debemos hacer?) es una cuesti\u00f3n moral. N\u00f3tese que la cuesti\u00f3n moral depende absolutamente de la cuesti\u00f3n cient\u00edfica, no al rev\u00e9s. La cuesti\u00f3n moral viene en segundo lugar porque, como dec\u00edan los escol\u00e1sticos, \u201cel obrar sigue al ser\u201d. Por lo tanto, en primer lugar tratar\u00e9 de dar respuesta a la primera pregunta. En otras palabras, intentar\u00e9 determinar si la teor\u00eda cient\u00edfica del calentamiento global antropog\u00e9nico catastr\u00f3fico es verdadera o falsa&#8230;&#8221; Haz click <a href=\"https:\/\/www.evernote.com\/shard\/s254\/sh\/a0085ad8-dc6f-40c5-864e-9d4f9d7d6f6a\/42ac9334016e52a6a95aa685fbeffef7\" target=\"_blank\" rel=\"noopener\">AQU\u00cd<\/a>.<\/em><\/p>\n<\/div>\n<p><\/center><\/div>\n<\/td>\n<\/tr>\n<tr bgcolor=\"#ffffcc\">\n<td colspan=\"2\" valign=\"bottom\"><img loading=\"lazy\" decoding=\"async\" src=\"http:\/\/fraynelson.com\/banco_imagenes\/transparente.gif\" width=\"8\" height=\"8\" \/><a class=\"linksmenu\" href=\"http:\/\/fraynelson.com\/sistema\/boletin\/mactboletin3.php#a\"><span style=\"color: #000066; font-family: Arial, Helvetica, sans-serif; font-size: xx-small;\"><strong>[arriba]<\/strong><\/span><\/a><\/td>\n<\/tr>\n<\/tbody>\n<\/table>\n<table border=\"0\" width=\"100%\" cellspacing=\"0\" cellpadding=\"0\" bgcolor=\"#ffcd88\">\n<tbody>\n<tr>\n<td valign=\"center\" width=\"55%\"><a id=\"5\" name=\"5\"><\/a><\/p>\n<div align=\"left\"><a id=\"5\" name=\"5\"><\/a><img loading=\"lazy\" decoding=\"async\" src=\"http:\/\/fraynelson.com\/banco_imagenes\/arrow.gif\" width=\"16\" height=\"15\" \/><\/div>\n<\/td>\n<td>\n<div align=\"right\"><span class=\"titulo1\"><span style=\"color: #590b00; font-family: Arial, Helvetica, sans-serif; font-size: medium;\"><strong>Un poco de <span style=\"color: red;\"><em>Humor&#8230;<\/em><\/span><\/strong><\/span><\/span><\/div>\n<\/td>\n<\/tr>\n<tr>\n<td colspan=\"2\" valign=\"bottom\" bgcolor=\"#ffffcc\"><img loading=\"lazy\" decoding=\"async\" src=\"http:\/\/fraynelson.com\/banco_imagenes\/transparente.gif\" width=\"8\" height=\"8\" \/><\/td>\n<\/tr>\n<tr>\n<td colspan=\"2\" valign=\"top\" bgcolor=\"#ffffcc\">\n<div align=\"center\">\n<p><span style=\"color: #000000; font-family: Arial, Helvetica, sans-serif; font-size: xx-small;\"><b>Cuesti\u00f3n filos\u00f3fica compleja<\/b><\/span><\/p>\n<div align=\"left\">\n<p><span style=\"color: #000000; font-family: Arial, Helvetica, sans-serif; font-size: xx-small;\">&#8220;Cu\u00e1ndo los fabricantes de carteles y pancartas hacen una huelga&#8230; \u00bfqu\u00e9 usan?&#8221;<\/span><\/p>\n<\/div>\n<\/div>\n<\/td>\n<\/tr>\n<tr bgcolor=\"#ffffcc\">\n<td colspan=\"2\" valign=\"bottom\"><img loading=\"lazy\" decoding=\"async\" src=\"http:\/\/fraynelson.com\/banco_imagenes\/transparente.gif\" width=\"8\" height=\"8\" \/><a class=\"linksmenu\" href=\"http:\/\/fraynelson.com\/sistema\/boletin\/mactboletin3.php#a\"><span style=\"color: #000066; font-family: Arial, Helvetica, sans-serif; font-size: xx-small;\"><strong>[arriba]<\/strong><\/span><\/a><\/td>\n<\/tr>\n<\/tbody>\n<\/table>\n<hr \/>\n<hr \/>\n<p><center><\/p>\n<h2>Palabra de Dios<br \/>\npara alimentar tu d\u00eda<\/h2>\n<p><\/center><\/p>\n<hr \/>\n<table border=\"0\" width=\"100%\" cellspacing=\"0\" cellpadding=\"0\" bgcolor=\"#ffcd88\">\n<tbody>\n<tr>\n<td colspan=\"2\" valign=\"top\" bgcolor=\"#ffffff\">\n<div align=\"center\">\n<p><span style=\"color: #000000; font-family: Arial, Helvetica, sans-serif; font-size: small;\">Tiempo Ordinario, A\u00f1o Par,<br \/>\nSemana No. 12, S\u00e1bado<\/span><\/p>\n<\/div>\n<\/td>\n<\/tr>\n<\/tbody>\n<\/table>\n<hr \/>\n<table border=\"0\" width=\"100%\" cellspacing=\"0\" cellpadding=\"0\" bgcolor=\"#ffcd88\">\n<tbody>\n<tr>\n<td valign=\"center\" width=\"55%\"><a id=\"6\" name=\"6\"><\/a><\/p>\n<div align=\"left\"><a id=\"6\" name=\"6\"><\/a><img loading=\"lazy\" decoding=\"async\" src=\"http:\/\/fraynelson.com\/banco_imagenes\/arrow.gif\" width=\"16\" height=\"15\" \/><\/div>\n<\/td>\n<td>\n<div align=\"right\"><span class=\"titulo1\"><span style=\"color: #590b00; font-family: Arial, Helvetica, sans-serif; font-size: medium;\"><strong>Lecturas de la S. Biblia<\/strong><\/span><\/span><\/div>\n<\/td>\n<\/tr>\n<tr>\n<td colspan=\"2\" valign=\"bottom\" bgcolor=\"#ffffcc\"><img loading=\"lazy\" decoding=\"async\" src=\"http:\/\/fraynelson.com\/banco_imagenes\/transparente.gif\" width=\"8\" height=\"8\" \/><\/td>\n<\/tr>\n<tr>\n<td colspan=\"2\" valign=\"top\" bgcolor=\"#ffffcc\">\n<div align=\"justify\">\n<p><span style=\"color: #000000; font-family: Arial, Helvetica, sans-serif; font-size: small;\"><b>Temas de las lecturas: <\/b>Grita al Se\u00f1or, lam\u00e9ntate, Si\u00f3n * No olvides sin remedio la vida de tus pobres. * Vendr\u00e1n muchos de oriente y occidente y se sentar\u00e1n con Abrah\u00e1n, Isaac y Jacob<\/span><\/p>\n<p><span style=\"color: #000000; font-family: Arial, Helvetica, sans-serif; font-size: small;\"><b>Textos para este d\u00eda: <\/b><\/span><\/p>\n<p><span style=\"color: #000000; font-family: Arial, Helvetica, sans-serif; font-size: small;\"><b>Lamentaciones 2, 2. 10-14. 18-19<\/b>: <\/span><\/p>\n<p><span style=\"color: #000000; font-family: Arial, Helvetica, sans-serif; font-size: small;\">El Se\u00f1or destruy\u00f3 sin compasi\u00f3n todas las moradas de Jacob, con su indignaci\u00f3n demoli\u00f3 las plazas fuertes de Jud\u00e1; derrib\u00f3 por tierra, deshonrados, al rey y a los pr\u00edncipes. <\/span><\/p>\n<p><span style=\"color: #000000; font-family: Arial, Helvetica, sans-serif; font-size: small;\">Los ancianos de Si\u00f3n se sientan en el suelo silenciosos, se echan polvo en la cabeza y se visten de sayal; las doncellas de Jerusal\u00e9n humillan hasta el suelo la cabeza. <\/span><\/p>\n<p><span style=\"color: #000000; font-family: Arial, Helvetica, sans-serif; font-size: small;\">Se consumen en l\u00e1grimas mis ojos, de amargura mis entra\u00f1as; se derrama por tierra mi hiel, por la ruina de la capital de mi pueblo; muchachos y ni\u00f1os de pecho desfallecen por las calles de la ciudad. <\/span><\/p>\n<p><span style=\"color: #000000; font-family: Arial, Helvetica, sans-serif; font-size: small;\">Preguntaban a sus madres: &#8220;\u00bfD\u00f3nde hay pan y vino?&#8221;, mientras desfallec\u00edan, como los heridos, por las calles de la ciudad, mientras expiraban en brazos de sus madres. <\/span><\/p>\n<p><span style=\"color: #000000; font-family: Arial, Helvetica, sans-serif; font-size: small;\">\u00bfQui\u00e9n se te iguala, qui\u00e9n se te asemeja, ciudad de Jerusal\u00e9n? \u00bfA qui\u00e9n te comparar\u00e9, para consolarte, Si\u00f3n, la doncella? Inmensa como el mar es tu desgracia: \u00bfqui\u00e9n podr\u00e1 curarte? <\/span><\/p>\n<p><span style=\"color: #000000; font-family: Arial, Helvetica, sans-serif; font-size: small;\">Tus profetas te ofrec\u00edan visiones falsas y enga\u00f1osas; y no te denunciaban tus culpas para cambiar tu suerte, sino que te anunciaban visiones falsas y seductoras. <\/span><\/p>\n<p><span style=\"color: #000000; font-family: Arial, Helvetica, sans-serif; font-size: small;\">Grita con toda el alma al Se\u00f1or, lam\u00e9ntate, Si\u00f3n; derrama torrentes de l\u00e1grimas, de d\u00eda y de noche; no te concedas reposo, no descansen tus ojos. <\/span><\/p>\n<p><span style=\"color: #000000; font-family: Arial, Helvetica, sans-serif; font-size: small;\">Lev\u00e1ntate y grita de noche, al relevo de la guardia; derrama como agua tu coraz\u00f3n en presencia del Se\u00f1or; levanta hacia \u00e9l las manos por la vida de tus ni\u00f1os, desfallecidos de hambre en las encrucijadas.<\/span><\/p>\n<p><span style=\"color: #000000; font-family: Arial, Helvetica, sans-serif; font-size: small;\"><b>Salmo 73<\/b>: <\/span><\/p>\n<p><span style=\"color: #000000; font-family: Arial, Helvetica, sans-serif; font-size: small;\">\u00bfPor qu\u00e9, oh Dios, nos tienes siempre abandonados, \/ y est\u00e1 ardiendo tu c\u00f3lera contra las ovejas de tu reba\u00f1o? \/ Acu\u00e9rdate de la comunidad que adquiriste desde antiguo, \/ de la tribu que rescataste para posesi\u00f3n tuya, \/ del monte Si\u00f3n donde pusiste tu morada. R. <\/span><\/p>\n<p><span style=\"color: #000000; font-family: Arial, Helvetica, sans-serif; font-size: small;\">Dirige tus pasos a estas ruinas sin remedio; \/ el enemigo ha arrasado del todo el santuario. \/ Rug\u00edan los agresores en medio de tu asamblea, \/ levantaron sus propios estandartes. R. <\/span><\/p>\n<p><span style=\"color: #000000; font-family: Arial, Helvetica, sans-serif; font-size: small;\">En la entrada superior \/ abatieron a hachazos el entramado; \/ despu\u00e9s, con martillos y mazas, \/ destrozaron todas las esculturas. \/ Prendieron fuego a tu santuario, \/ derribaron y profanaron la morada de tu nombre. R. <\/span><\/p>\n<p><span style=\"color: #000000; font-family: Arial, Helvetica, sans-serif; font-size: small;\">Piensa en tu alianza: que los rincones del pa\u00eds \/ est\u00e1n llenos de violencias. \/ Que el humilde no se marche defraudado, \/ que pobres y afligidos alaben tu nombre. R.<\/span><\/p>\n<p><span style=\"color: #000000; font-family: Arial, Helvetica, sans-serif; font-size: small;\"><b>Mateo 8, 5-17<\/b>: <\/span><\/p>\n<p><span style=\"color: #000000; font-family: Arial, Helvetica, sans-serif; font-size: small;\">En aquel tiempo, al entrar Jes\u00fas en Cafarna\u00fam, un centuri\u00f3n se le acerc\u00f3 dici\u00e9ndole: &#8220;Se\u00f1or, tengo en casa un criado que est\u00e1 en cama paral\u00edtico y sufre mucho&#8221;. El le contest\u00f3: &#8220;Voy yo a curarlo&#8221;. Pero el centuri\u00f3n le replic\u00f3: &#8220;Se\u00f1or, \u00bfqui\u00e9n soy yo para que entres bajo mi techo? Basta que lo digas de palabra, y mi criado quedar\u00e1 sano. Porque yo tambi\u00e9n vivo bajo disciplina y tengo soldados a mis \u00f3rdenes y le digo a uno: &#8220;Ve&#8221;, y va; al otro: &#8220;Ven&#8221;, y viene; a mi criado: &#8220;Haz esto&#8221;, y lo hace&#8221;. <\/span><\/p>\n<p><span style=\"color: #000000; font-family: Arial, Helvetica, sans-serif; font-size: small;\">Cuando Jes\u00fas lo oy\u00f3 qued\u00f3 admirado y dijo a los que le segu\u00edan: &#8220;Os aseguro que en Israel no he encontrado en nadie tanta fe. Os digo que vendr\u00e1n muchos de oriente y occidente y sentar\u00e1n con Abrah\u00e1n, Isaac y Jacob en el Reino de los cielos; en cambio, a los ciudadanos del Reino los echar\u00e1n afuera, a las tinieblas. All\u00ed ser\u00e1 el llanto y el rechinar de dientes. Y al centuri\u00f3n le dijo: &#8220;Vuelve a casa, que se cumpla lo que has cre\u00eddo&#8221;. Y en aquel momento se puso bueno el criado. <\/span><\/p>\n<p><span style=\"color: #000000; font-family: Arial, Helvetica, sans-serif; font-size: small;\">Al llegar Jes\u00fas a casa de Pedro, encontr\u00f3 a la suegra en cama con fiebre; la cogi\u00f3 de la mano, y se le pas\u00f3 la fiebre; se levant\u00f3 y se puso a servirles. Al anochecer, le llevaron muchos endemoniados; \u00e9l con su palabra expuls\u00f3 los esp\u00edritus y cur\u00f3 a todos los enfermos. As\u00ed se cumpli\u00f3 lo que dijo el profeta Isa\u00edas: &#8220;El tom\u00f3 nuestras dolencias y carg\u00f3 con nuestras enfermedades&#8221;.<\/span><\/p>\n<\/div>\n<\/td>\n<\/tr>\n<tr bgcolor=\"#ffffcc\">\n<td colspan=\"2\" valign=\"bottom\"><img loading=\"lazy\" decoding=\"async\" src=\"http:\/\/fraynelson.com\/banco_imagenes\/transparente.gif\" width=\"8\" height=\"8\" \/><a class=\"linksmenu\" href=\"http:\/\/fraynelson.com\/sistema\/boletin\/mactboletin3.php#a\"><span style=\"color: #000066; font-family: Arial, Helvetica, sans-serif; font-size: xx-small;\"><strong>[arriba]<\/strong><\/span><\/a><\/td>\n<\/tr>\n<\/tbody>\n<\/table>\n<table border=\"0\" width=\"100%\" cellspacing=\"0\" cellpadding=\"0\" bgcolor=\"#ffcd88\">\n<tbody>\n<tr>\n<td valign=\"center\" width=\"55%\"><a id=\"7\" name=\"7\"><\/a><\/p>\n<div align=\"left\"><a id=\"7\" name=\"7\"><\/a><img loading=\"lazy\" decoding=\"async\" src=\"http:\/\/fraynelson.com\/banco_imagenes\/arrow.gif\" width=\"16\" height=\"15\" \/><\/div>\n<\/td>\n<td>\n<div align=\"right\"><span class=\"titulo1\"><span style=\"color: #590b00; font-family: Arial, Helvetica, sans-serif; font-size: medium;\"><strong>Homil\u00edas para escuchar<\/strong><\/span><\/span><\/div>\n<\/td>\n<\/tr>\n<tr>\n<td colspan=\"2\" valign=\"bottom\" bgcolor=\"#ffffcc\"><img loading=\"lazy\" decoding=\"async\" src=\"http:\/\/fraynelson.com\/banco_imagenes\/transparente.gif\" width=\"8\" height=\"8\" \/><\/td>\n<\/tr>\n<tr>\n<td colspan=\"2\" valign=\"top\" bgcolor=\"#ffffcc\">\n<div align=\"center\">\n<table border=\"2\" width=\"80%\" cellspacing=\"2\" cellpadding=\"2\">\n<tbody>\n<tr>\n<th valign=\"center\" bgcolor=\"#ffcc99\">\n<h4>Versi\u00f3n<\/h4>\n<\/th>\n<th valign=\"center\" bgcolor=\"#ffcc99\">\n<h4>Fecha<\/h4>\n<\/th>\n<th valign=\"center\" bgcolor=\"#ffcc99\">\n<h4>Escuchar<\/h4>\n<\/th>\n<th valign=\"center\" bgcolor=\"#ffcc99\">\n<h4>M\u00e1s&#8230;<\/h4>\n<\/th>\n<\/tr>\n<tr>\n<td bgcolor=\"#FFFFBD\">\n<p align=\"center\">1<\/p>\n<\/td>\n<td bgcolor=\"#FFFFBD\">2004\/06\/26<\/td>\n<td bgcolor=\"#FFFFBD\"><a href=\"http:\/\/fraynelson.com\/homilias.php?year=2018&amp;mon=06&amp;mday=30#1o126001amp3\"><img decoding=\"async\" title=\"Haz click para escuchar o grabar una versi\u00f3n en MP3\" src=\"http:\/\/fraynelson.com\/banco_imagenes\/mp3_icon.gif\" alt=\"Haz click para escuchar o grabar una versi\u00f3n en MP3\" border=\"0\" \/><\/a><br \/>\n<span style=\"color: brown;\"><i>En nuestro camino de fe necesitamos advertencias y se\u00f1ales.<\/i><\/span><br \/>\n<b><\/b><\/td>\n<td bgcolor=\"#FFFFBD\">\n<p align=\"center\"><a href=\"http:\/\/fraynelson.com\/wiki2\/index.php?title=o126001a\"><img decoding=\"async\" title=\"Click normal para ir a la transcripci\u00f3n\" src=\"http:\/\/fraynelson.com\/banco_imagenes\/text_icon.gif\" alt=\"Click normal para ir a la transcripci\u00f3n\" border=\"0\" \/><\/a><\/p>\n<\/td>\n<\/tr>\n<tr>\n<td bgcolor=\"#FFFFBD\">\n<p align=\"center\">2<\/p>\n<\/td>\n<td bgcolor=\"#FFFFBD\">2010\/06\/26<\/td>\n<td bgcolor=\"#FFFFBD\"><a href=\"http:\/\/fraynelson.com\/homilias.php?year=2018&amp;mon=06&amp;mday=30#2o126002amp3\"><img decoding=\"async\" title=\"Haz click para escuchar o grabar una versi\u00f3n en MP3\" src=\"http:\/\/fraynelson.com\/banco_imagenes\/mp3_icon.gif\" alt=\"Haz click para escuchar o grabar una versi\u00f3n en MP3\" border=\"0\" \/><\/a><br \/>\n<i><\/i><br \/>\n<b><\/b><\/td>\n<td bgcolor=\"#FFFFBD\">\n<p align=\"center\"><a href=\"http:\/\/fraynelson.com\/wiki2\/index.php?title=o126002a\"><img decoding=\"async\" title=\"Click normal para ir a la transcripci\u00f3n\" src=\"http:\/\/fraynelson.com\/banco_imagenes\/text_icon.gif\" alt=\"Click normal para ir a la transcripci\u00f3n\" border=\"0\" \/><\/a><\/p>\n<\/td>\n<\/tr>\n<tr>\n<td bgcolor=\"#FFFFBD\">\n<p align=\"center\">3<\/p>\n<\/td>\n<td bgcolor=\"#FFFFBD\">2012\/06\/30<\/td>\n<td bgcolor=\"#FFFFBD\"><a href=\"http:\/\/fraynelson.com\/homilias.php?year=2018&amp;mon=06&amp;mday=30#3o126003amp3\"><img decoding=\"async\" title=\"Haz click para escuchar o grabar una versi\u00f3n en MP3\" src=\"http:\/\/fraynelson.com\/banco_imagenes\/mp3_icon.gif\" alt=\"Haz click para escuchar o grabar una versi\u00f3n en MP3\" border=\"0\" \/><\/a><br \/>\n<span style=\"color: brown;\"><i>La puerta \u00fanica que hace posible la entrada de los tesoros de amor de Cristo es la fe.<\/i><\/span><br \/>\n<b><\/b><\/td>\n<td bgcolor=\"#FFFFBD\">\n<p align=\"center\"><a href=\"http:\/\/fraynelson.com\/wiki2\/index.php?title=o126003a\"><img decoding=\"async\" title=\"Click normal para ir a la transcripci\u00f3n\" src=\"http:\/\/fraynelson.com\/banco_imagenes\/text_icon.gif\" alt=\"Click normal para ir a la transcripci\u00f3n\" border=\"0\" \/><\/a><\/p>\n<\/td>\n<\/tr>\n<tr>\n<td bgcolor=\"#FFFFBD\">\n<p align=\"center\">4<\/p>\n<\/td>\n<td bgcolor=\"#FFFFBD\">2012\/06\/30<\/td>\n<td bgcolor=\"#FFFFBD\"><a href=\"http:\/\/fraynelson.com\/homilias.php?year=2018&amp;mon=06&amp;mday=30#4o126004amp3\"><img decoding=\"async\" title=\"Haz click para escuchar o grabar una versi\u00f3n en MP3\" src=\"http:\/\/fraynelson.com\/banco_imagenes\/mp3_icon.gif\" alt=\"Haz click para escuchar o grabar una versi\u00f3n en MP3\" border=\"0\" \/><\/a><br \/>\n<span style=\"color: brown;\"><i>El doloroso destierro a Babilonia revel\u00f3 de modo patente la diferencia entre la falsa esperanza, que no incluye conversi\u00f3n, y la verdadera, que comienza en el arrepentimiento.<\/i><\/span><br \/>\n<b><\/b><\/td>\n<td bgcolor=\"#FFFFBD\">\n<p align=\"center\"><a href=\"http:\/\/fraynelson.com\/wiki2\/index.php?title=o126004a\"><img decoding=\"async\" title=\"Click normal para ir a la transcripci\u00f3n\" src=\"http:\/\/fraynelson.com\/banco_imagenes\/text_icon.gif\" alt=\"Click normal para ir a la transcripci\u00f3n\" border=\"0\" \/><\/a><\/p>\n<\/td>\n<\/tr>\n<tr>\n<td bgcolor=\"#FFFFBD\">\n<p align=\"center\">5<\/p>\n<\/td>\n<td bgcolor=\"#FFFFBD\">2016\/06\/25<\/td>\n<td bgcolor=\"#FFFFBD\"><a href=\"http:\/\/fraynelson.com\/homilias.php?year=2018&amp;mon=06&amp;mday=30#5o126005amp3\"><img decoding=\"async\" title=\"Haz click para escuchar o grabar una versi\u00f3n en MP3\" src=\"http:\/\/fraynelson.com\/banco_imagenes\/mp3_icon.gif\" alt=\"Haz click para escuchar o grabar una versi\u00f3n en MP3\" border=\"0\" \/><\/a><br \/>\n<span style=\"color: brown;\"><i>No debemos huir de Dios que quiere que tomemos conciencia de que aunque parezca divertido, funcional, conveniente \u00f3 lucrativo el pecado es pecado y lo ser\u00e1 siempre.<\/i><\/span><br \/>\n<b><\/b><\/td>\n<td bgcolor=\"#FFFFBD\">\n<p align=\"center\"><a href=\"http:\/\/fraynelson.com\/wiki2\/index.php?title=o126005a\"><img decoding=\"async\" title=\"Click normal para ir a la transcripci\u00f3n\" src=\"http:\/\/fraynelson.com\/banco_imagenes\/text_icon.gif\" alt=\"Click normal para ir a la transcripci\u00f3n\" border=\"0\" \/><\/a><\/p>\n<\/td>\n<\/tr>\n<tr>\n<td bgcolor=\"#FFFFBD\">\n<p align=\"center\">6<\/p>\n<\/td>\n<td bgcolor=\"#FFFFBD\">2018\/06\/30<\/td>\n<td bgcolor=\"#FFFFBD\"><a href=\"http:\/\/fraynelson.com\/homilias.php?year=2018&amp;mon=06&amp;mday=30#6o126006amp3\"><img decoding=\"async\" title=\"Haz click para escuchar o grabar una versi\u00f3n en MP3\" src=\"http:\/\/fraynelson.com\/banco_imagenes\/mp3_icon.gif\" alt=\"Haz click para escuchar o grabar una versi\u00f3n en MP3\" border=\"0\" \/><\/a><br \/>\n<span style=\"color: brown;\"><i>Nosotros tambi\u00e9n podemos ser los primeros en entrar al Reino de los cielos si reconocemos qui\u00e9n es el Se\u00f1or y poner toda nuestra confianza en \u00c9l.<\/i><\/span><br \/>\n<b><\/b><\/td>\n<td bgcolor=\"#FFFFBD\">\n<p align=\"center\"><a href=\"http:\/\/fraynelson.com\/wiki2\/index.php?title=o126006a\"><img decoding=\"async\" title=\"Click normal para ir a la transcripci\u00f3n\" src=\"http:\/\/fraynelson.com\/banco_imagenes\/text_icon.gif\" alt=\"Click normal para ir a la transcripci\u00f3n\" border=\"0\" \/><\/a><\/p>\n<\/td>\n<\/tr>\n<\/tbody>\n<\/table>\n<\/div>\n<\/td>\n<\/tr>\n<tr bgcolor=\"#fffff0\">\n<td colspan=\"2\">\n<p align=\"center\"><span style=\"color: #000000; font-family: Arial, Helvetica, sans-serif; font-size: small;\">M\u00e1s informaci\u00f3n sobre este d\u00eda <a href=\"http:\/\/fraynelson.com\/homilias.php?year=2018&amp;mon=06&amp;mday=30\">aqu\u00ed<\/a><\/span><\/p>\n<\/td>\n<\/tr>\n<tr bgcolor=\"#ffffcc\">\n<td colspan=\"2\" valign=\"bottom\"><img loading=\"lazy\" decoding=\"async\" src=\"http:\/\/fraynelson.com\/banco_imagenes\/transparente.gif\" width=\"8\" height=\"8\" \/><a class=\"linksmenu\" href=\"http:\/\/fraynelson.com\/sistema\/boletin\/mactboletin3.php#a\"><span style=\"color: #000066; font-family: Arial, Helvetica, sans-serif; font-size: xx-small;\"><strong>[arriba]<\/strong><\/span><\/a><\/td>\n<\/tr>\n<\/tbody>\n<\/table>\n<table border=\"0\" width=\"100%\" cellspacing=\"0\" cellpadding=\"0\" bgcolor=\"#ffcd88\">\n<tbody>\n<tr>\n<td valign=\"center\" width=\"55%\">\n<div align=\"left\"><img loading=\"lazy\" decoding=\"async\" src=\"http:\/\/fraynelson.com\/banco_imagenes\/arrow.gif\" width=\"16\" height=\"15\" \/><\/div>\n<\/td>\n<td>\n<div align=\"right\"><span class=\"titulo1\"><span style=\"color: #590b00; font-family: Arial, Helvetica, sans-serif; font-size: medium;\"><strong>Homil\u00eda para leer<\/strong><\/span><\/span><\/div>\n<\/td>\n<\/tr>\n<tr>\n<td colspan=\"2\" valign=\"bottom\" bgcolor=\"#ffffcc\"><img loading=\"lazy\" decoding=\"async\" src=\"http:\/\/fraynelson.com\/banco_imagenes\/transparente.gif\" width=\"8\" height=\"8\" \/><\/td>\n<\/tr>\n<tr>\n<td colspan=\"2\" valign=\"top\" bgcolor=\"#ffffcc\">\n<div align=\"justify\">\n<p><span style=\"color: #000000; font-family: Arial, Helvetica, sans-serif; font-size: small;\"><b>Temas de las lecturas: <\/b>Grita al Se\u00f1or, lam\u00e9ntate, Si\u00f3n * No olvides sin remedio la vida de tus pobres. * Vendr\u00e1n muchos de oriente y occidente y se sentar\u00e1n con Abrah\u00e1n, Isaac y Jacob<\/span><\/p>\n<h4><span style=\"color: #000000; font-family: Arial, Helvetica, sans-serif; font-size: small;\">1. Del Enga\u00f1o al Desenga\u00f1o<\/span><\/h4>\n<p>1.1 En medio de la tristeza propia de los acontecimientos que cuenta la primera lectura, cuando el asedio a Jerusal\u00e9n y el destierro a Babilonia, hay preciosas ense\u00f1anzas que no debemos dejar perder.<\/p>\n<p>1.2 Una muy importante es esta: al enga\u00f1o s\u00f3lo puede seguirle el desenga\u00f1o. Las llamadas que Dios hac\u00eda con insistencia, clamando la conversi\u00f3n de su pueblo, fueron ahogadas por voces espurias, voces de los falsos profetas, que induc\u00edan a una falsa seguridad. A este enga\u00f1o sigui\u00f3 el amargo desenga\u00f1o, pero ya era demasiado tarde.<\/p>\n<p>1.3 Santa Catalina de Siena ense\u00f1a que es estrategia del demonio mantenernos con los ojos vendados mientras vivimos y quitar la venda a la hora de la muerte. Lo primero para que andemos enga\u00f1ados y pensemos que no importa pecar; lo segundo para que nos desenga\u00f1emos cuando ya es, o parece que es, demasiado tarde, de modo que pasemos de la frivolidad a la desesperaci\u00f3n.<\/p>\n<p>1.4 Un verdadero cristiano no cae en ese enga\u00f1o. Vive con los ojos abiertos, se arrepiente de sus culpas y cree en Cristo y los medios que Cristo nos ha dado para conocer la voluntad de Dios a trav\u00e9s de su Iglesia y de los sacramentos. Como no vive enga\u00f1ado ni cultiva falsas seguridades, tampoco teme la horas del desenga\u00f1o ni el golpe fr\u00edo de la desesperaci\u00f3n. Su ancla est\u00e1 firme en el oc\u00e9ano luminoso de la misericordia divina.<\/p>\n<h4>2. Dios nos hace dignos<\/h4>\n<p>2.1 Con tanta fe como humildad el centuri\u00f3n romano del evangelio de hoy dijo una hermosa profesi\u00f3n de fe: &#8220;yo no soy digno de que entres en mi casa; con que digas una sola palabra, mi criado quedar\u00e1 sano&#8221;.<\/p>\n<p>2.2 Y aunque se cre\u00eda indigno, recibi\u00f3 elogio de Jesucristo, que con su palabra de admiraci\u00f3n lo hizo digno no s\u00f3lo de aquel milagro esperado sino tambi\u00e9n digno de habitar para siempre las p\u00e1ginas del evangelio, junto a nuestro Divino Salvador. Jes\u00fas lo hizo digno.<\/p>\n<p>2.3 El centuri\u00f3n estaba seguro del poder de Jes\u00fas. Miraba a Nuestro Se\u00f1or como uno que tiene autoridad en su palabra, pues entend\u00eda que la enfermedad y el mal ten\u00edan que obedecer a Cristo as\u00ed como los soldados de un regimiento obedecen a su general. Este tipo de fe trasciende el hecho puntual de la enfermedad de aquel criado. Es verdaderamente una manera de mirar el mundo.<\/p>\n<p>2.4 Si Cristo es el gran comandante de todas las fuerzas del universo, si la enfermedad y el mal finalmente tienen que obedecer a su palabra, entonces debemos entender que todo mal tiene un lugar y un sentido dentro del conjunto de un plan m\u00e1s amplio que nosotros no vemos pero que nuestro Rey y Emperador, nuestro Jefe y General s\u00ed est\u00e1 viendo. Es maravilloso entender esto.<\/p>\n<\/div>\n<\/td>\n<\/tr>\n<tr bgcolor=\"#ffffcc\">\n<td colspan=\"2\" valign=\"bottom\"><img loading=\"lazy\" decoding=\"async\" src=\"http:\/\/fraynelson.com\/banco_imagenes\/transparente.gif\" width=\"8\" height=\"8\" \/><a class=\"linksmenu\" href=\"http:\/\/fraynelson.com\/sistema\/boletin\/mactboletin3.php#a\"><span style=\"color: #000066; font-family: Arial, Helvetica, sans-serif; font-size: xx-small;\"><strong>[arriba]<\/strong><\/span><\/a><\/td>\n<\/tr>\n<\/tbody>\n<\/table>\n<\/td>\n<\/tr>\n<\/tbody>\n<\/table>\n<table border=\"0\" width=\"100%\" cellspacing=\"0\" cellpadding=\"0\" bgcolor=\"#ffcd88\">\n<tbody>\n<tr>\n<td valign=\"center\" width=\"55%\"><a id=\"8\" name=\"8\"><\/a><\/p>\n<div align=\"left\"><a id=\"8\" name=\"8\"><\/a><img loading=\"lazy\" decoding=\"async\" src=\"http:\/\/fraynelson.com\/banco_imagenes\/arrow.gif\" width=\"16\" height=\"15\" \/><\/div>\n<\/td>\n<td>\n<div align=\"right\"><span class=\"titulo1\"><span style=\"color: #590b00; font-family: Arial, Helvetica, sans-serif; font-size: x-large;\"><strong><span style=\"color: red;\"><em>Video<\/em><\/span> recomendado para este dia<em>!<\/em><\/strong><\/span><\/span><\/div>\n<\/td>\n<\/tr>\n<tr>\n<td colspan=\"2\" valign=\"bottom\" bgcolor=\"#ffffcc\"><img loading=\"lazy\" decoding=\"async\" src=\"http:\/\/fraynelson.com\/banco_imagenes\/transparente.gif\" width=\"8\" height=\"8\" \/><\/td>\n<\/tr>\n<tr>\n<td colspan=\"2\" valign=\"top\" bgcolor=\"#ffffcc\">\n<div align=\"center\">\n<p><span style=\"color: #000000; font-family: Arial, Helvetica, sans-serif; font-size: small;\"><strong><a href=\"http:\/\/www.youtube.com\/watch?v=fk8qjZlCBnE\"><img decoding=\"async\" src=\"http:\/\/fraynelson.com\/banco_imagenes\/videos\/20180630.jpg\" border=\"0\" \/><\/a><\/p>\n<p>Hoy ya puedes despedirte de tus faraones Textos como 1 Corintios 6,9-10 no dejan dudas sobre c\u00f3mo los pecados nos retienen lejos de Dios: &#8220;\u00bfO no sab\u00e9is que los injustos no heredar\u00e1n el reino de Dios? No os dej\u00e9is enga\u00f1ar: ni los inmorales, ni los id\u00f3latras, ni los ad\u00falteros, ni los afeminados, ni los homosexuales, ni los ladrones, ni los avaros, ni los borrachos, ni los difamadores, ni los estafadores heredar\u00e1n el reino de Dios.&#8221;<\/strong><\/span><\/p>\n<\/div>\n<\/td>\n<\/tr>\n<tr bgcolor=\"#ffffcc\">\n<td colspan=\"2\" valign=\"bottom\"><img loading=\"lazy\" decoding=\"async\" src=\"http:\/\/fraynelson.com\/banco_imagenes\/transparente.gif\" width=\"8\" height=\"8\" \/><a class=\"linksmenu\" href=\"http:\/\/fraynelson.com\/sistema\/boletin\/mactboletin3.php#a\"><span style=\"color: #000066; font-family: Arial, Helvetica, sans-serif; font-size: xx-small;\"><strong>[arriba]<\/strong><\/span><\/a><\/td>\n<\/tr>\n<\/tbody>\n<\/table>\n<table border=\"0\" width=\"100%\" cellspacing=\"0\" cellpadding=\"0\" bgcolor=\"#ffcd88\">\n<tbody>\n<tr>\n<td valign=\"center\" width=\"55%\"><a id=\"9\" name=\"9\"><\/a><\/p>\n<div align=\"left\"><a id=\"9\" name=\"9\"><\/a><img loading=\"lazy\" decoding=\"async\" src=\"http:\/\/fraynelson.com\/banco_imagenes\/arrow.gif\" width=\"16\" height=\"15\" \/><\/div>\n<\/td>\n<td>\n<div align=\"right\"><span class=\"titulo1\"><span style=\"color: #590b00; font-family: Arial, Helvetica, sans-serif; font-size: medium;\"><strong>Informaci\u00f3n legal y de suscripci\u00f3n<\/strong><\/span><\/span><\/div>\n<\/td>\n<\/tr>\n<tr>\n<td colspan=\"2\" valign=\"bottom\" bgcolor=\"#ffffcc\"><img loading=\"lazy\" decoding=\"async\" src=\"http:\/\/fraynelson.com\/banco_imagenes\/transparente.gif\" width=\"8\" height=\"8\" \/><\/td>\n<\/tr>\n<tr>\n<td colspan=\"2\" valign=\"top\" bgcolor=\"#ffffcc\">\n<div align=\"justify\">\n<div align=\"justify\">\n<p><span style=\"color: #000000; font-family: Arial, Helvetica, sans-serif; font-size: small;\"><strong>Para saber m\u00e1s&#8230;<\/strong><\/span><\/p>\n<\/div>\n<\/div>\n<ul>\n<li>Este bolet\u00edn es el veh\u00edculo de comunicaci\u00f3n diario de la p\u00e1gina <a href=\"http:\/\/fraynelson.com\">FRAYNELSON.COM<\/a>, Casa para tu Fe Cat\u00f3lica. <strong>Servimos con gozo a la evangelizaci\u00f3n<\/strong> dentro de nuestra Iglesia, en comuni\u00f3n con el Santo Padre.<\/li>\n<\/ul>\n<div align=\"justify\">\n<div align=\"justify\"><\/div>\n<\/div>\n<ul>\n<li>Todos nuestros servicios y todo lo que encuentres en FRAYNELSON.COM es gratuito y solamente recibimos donaciones. Es decir: nunca cobramos ni aceptamos dinero por publicidad ni tampoco pagamos servicios. Todos <strong>nuestros donantes y colaboradores permanentes son voluntarios<\/strong> que viven y trabajan en distintas partes del mundo.<\/li>\n<\/ul>\n<div align=\"justify\">\n<div align=\"justify\"><\/div>\n<\/div>\n<ul>\n<li>Es posible que hayas recibido este mensaje sin haberlo solicitado. Nuestra intenci\u00f3n no es fastidiar a nadie, y por eso es sencillo el proceso de darse de baja. Si nunca pediste recibir este bolet\u00edn, es posible que alg\u00fan pariente o amigo tuyo haya incluido tu nombre y direcci\u00f3n. Con respeto te invito a que consideres lo que ofrecemos antes de dejarnos, pero en cualquier caso eres libre de darte de baja cuando quieras.<\/li>\n<\/ul>\n<div align=\"justify\">\n<div align=\"justify\"><\/div>\n<\/div>\n<ul>\n<li><i>Si deseas incluir en este bolet\u00edn tu cumplea\u00f1os, o una fecha que es importante para ti o tu familia o tu grupo<\/i>, entra a <a href=\"http:\/\/fraynelson.com\/calendario.php\"><strong>nuestro calendario<\/strong><\/a>. Las entradas a este calendario tiene que ser aprobadas antes de ser publicadas. El prop\u00f3sito es favorecer la oraci\u00f3n y amistad entre todos. \ud83d\ude42<\/li>\n<\/ul>\n<div align=\"justify\">\n<div align=\"justify\"><\/div>\n<\/div>\n<ul>\n<li>\u00a1Por supuesto t\u00fa tambi\u00e9n <strong>puedes invitar a otras personas<\/strong>! Estamos convencidos que un poco de nuestro Alimento del Alma puede hacer una GRAN DIFERENCIA en muchas vidas. Puedes responder a este correo indic\u00e1ndonos a qui\u00e9n quieres que regalemos nuestro Alimento. Por supuesto, si sospechas que a alguien no le va a interesar, no le hagas ni nos hagas perder tiempo. Sin embargo, es un hecho que m\u00e1s y m\u00e1s gente est\u00e1 siendo bendecida con nuestros servicios.<\/li>\n<\/ul>\n<div align=\"justify\">\n<div align=\"justify\"><\/div>\n<\/div>\n<ul>\n<li>Los textos del <b>SANTO DEL D\u00cdA<\/b> son responsabilidad y cortes\u00eda de <a href=\"http:\/\/aciprensa.com\">Aciprensa<\/a> o de la <a href=\"http:\/\/www.archimadrid.es\/\">Archidi\u00f3cesis de Madrid<\/a>. Ten en cuenta, sin embargo, que la celebraci\u00f3n lit\u00fargica de un santo o santa en particular depende de factores locales, del tiempo lit\u00fargico, de si cae en domingo, y algunos otros. Los breves esquemas que ofrecemos son s\u00f3lo para edificaci\u00f3n espiritual. Los dem\u00e1s textos no b\u00edblicos son responsabilidad de sus autores o si no se indica, de <b>Fray Nelson Medina, O.P.<\/b> Estos pueden ser divulgados declarando la fuente. Tus aportes en <strong>oraci\u00f3n, tiempo, servicios, ideas o dinero<\/strong> son siempre bienvenidos. Puedes visitar nuestra <a href=\"http:\/\/fraynelson.com\/ayuda.html\">p\u00e1gina de ayuda<\/a>.<\/li>\n<\/ul>\n<\/td>\n<\/tr>\n<tr bgcolor=\"#ffffcc\">\n<td colspan=\"2\" valign=\"bottom\"><img loading=\"lazy\" decoding=\"async\" src=\"http:\/\/fraynelson.com\/banco_imagenes\/transparente.gif\" width=\"8\" height=\"8\" \/><a class=\"linksmenu\" href=\"http:\/\/fraynelson.com\/sistema\/boletin\/mactboletin3.php#a\"><span style=\"color: #000066; font-family: Arial, Helvetica, sans-serif; font-size: xx-small;\"><strong>[arriba]<\/strong><\/span><\/a><\/td>\n<\/tr>\n<\/tbody>\n<\/table>\n<\/td>\n<\/tr>\n<\/tbody>\n<\/table>\n<\/div>\n<\/td>\n<\/tr>\n<\/tbody>\n<\/table>\n","protected":false},"excerpt":{"rendered":"<p>[ Ver en la WEB ] [ Suscribirse \/ Darse de baja ]<\/p>\n","protected":false},"author":1138,"featured_media":0,"comment_status":"closed","ping_status":"closed","sticky":false,"template":"","format":"standard","meta":{"footnotes":""},"categories":[919],"tags":[],"class_list":["post-63649","post","type-post","status-publish","format-standard","hentry","category-boletin"],"jetpack_featured_media_url":"","_links":{"self":[{"href":"https:\/\/fraynelson.com\/blog\/wp-json\/wp\/v2\/posts\/63649","targetHints":{"allow":["GET"]}}],"collection":[{"href":"https:\/\/fraynelson.com\/blog\/wp-json\/wp\/v2\/posts"}],"about":[{"href":"https:\/\/fraynelson.com\/blog\/wp-json\/wp\/v2\/types\/post"}],"author":[{"embeddable":true,"href":"https:\/\/fraynelson.com\/blog\/wp-json\/wp\/v2\/users\/1138"}],"replies":[{"embeddable":true,"href":"https:\/\/fraynelson.com\/blog\/wp-json\/wp\/v2\/comments?post=63649"}],"version-history":[{"count":1,"href":"https:\/\/fraynelson.com\/blog\/wp-json\/wp\/v2\/posts\/63649\/revisions"}],"predecessor-version":[{"id":63650,"href":"https:\/\/fraynelson.com\/blog\/wp-json\/wp\/v2\/posts\/63649\/revisions\/63650"}],"wp:attachment":[{"href":"https:\/\/fraynelson.com\/blog\/wp-json\/wp\/v2\/media?parent=63649"}],"wp:term":[{"taxonomy":"category","embeddable":true,"href":"https:\/\/fraynelson.com\/blog\/wp-json\/wp\/v2\/categories?post=63649"},{"taxonomy":"post_tag","embeddable":true,"href":"https:\/\/fraynelson.com\/blog\/wp-json\/wp\/v2\/tags?post=63649"}],"curies":[{"name":"wp","href":"https:\/\/api.w.org\/{rel}","templated":true}]}}