{"id":63633,"date":"2018-06-26T18:06:56","date_gmt":"2018-06-26T23:06:56","guid":{"rendered":"http:\/\/fraynelson.com\/blog\/?p=63633"},"modified":"2018-06-26T18:06:56","modified_gmt":"2018-06-26T23:06:56","slug":"frente-a-los-antitestimonios-de-los-sacerdotes","status":"publish","type":"post","link":"https:\/\/fraynelson.com\/blog\/2018\/06\/26\/frente-a-los-antitestimonios-de-los-sacerdotes\/","title":{"rendered":"Frente a los antitestimonios de los sacerdotes"},"content":{"rendered":"<p><em>Fray Nelson, es verdad que en la iglesia existieron y existir\u00e1n personas que da\u00f1en la imagen misionera y evangelizadora a trav\u00e9s de su sacerdocio, laicado etc. \u00bfCu\u00e1l debe ser la postura de los cat\u00f3licos ante los sacerdotes o religiosas golpeadores y ped\u00f3filos? En las redes sociales se busca desprestigiar a toda la iglesia s\u00f3lo por el error de unos cuantos, \u00bfqu\u00e9 debemos hacer cuando veamos ese tipo de publicaciones? \u00bfEntramos en la confrontaci\u00f3n?<\/em><\/p>\n<p>* * *<\/p>\n<p>Ante todo, tu pregunta ayuda a que todos tomemos conciencia de las repercusiones de nuestros actos. El famoso video del cura que le da una cachetada a un beb\u00e9 llor\u00f3n dura unos pocos segundos. Un momento de impaciencia, sin duda. Pero \u00a1cu\u00e1nto da\u00f1o ha hecho esa cachetada! En la \u00e9poca digital, quienes amamos a la Iglesia y la servimos debemos partir de la base de que TODO est\u00e1 siendo filmado y ser\u00e1 potencialmente publicado.<\/p>\n<p>Otra advertencia: el ap\u00f3stol San Pedro nos dice que el diablo ronda como le\u00f3n rugiente (1 Pedro 5,8). eso vale para cada persona considerada individualmente pero tambi\u00e9n para todas las formas de presencia y vida de la Iglesia. Una emisora cat\u00f3lica, una comunidad religiosa, un colegio de religiosos&#8230; ser\u00e1 siempre objeto de odio por el demonio y cualquier falla nos la van a cobrar muy caro.<\/p>\n<p>Por supuesto es injusto esa manera de juzgar a la Iglesia. \u00bfQu\u00e9 tal juzgar a todos los m\u00e9dicos o a la medicina como pr\u00e1ctica de la sociedad solo porque uno encontr\u00f3 un m\u00e9dico vanidoso, mentiroso o agresivo? Obviamente la gente usa medidas muy distintas y cuando se trata de la Iglesia se considera autorizada para juzgar y condenar con fuerza y con odio.<\/p>\n<p>\u00bfPor qu\u00e9 tanta gente obra de ese modo injusto? Porque aprovechan el momento de atacar a la Iglesia para considerarse eximidos de cualquier cosa que diga la misma Iglesia. Es algo as\u00ed como una oportunidad de emancipaci\u00f3n. Hablar mal de la Iglesia y desacreditarla es una forma de silenciar su voz. Y silenciarla es deseable para muchas personas e ideolog\u00edas porque quieren declararse &#8220;libres&#8221; para hacer lo que les venga en gana, o para cambiar de religi\u00f3n o para imponer sus propios &#8220;dioses.&#8221;<\/p>\n<p>Conclusi\u00f3n: necesitamos conversi\u00f3n, sabidur\u00eda y vigilancia. Pero tambi\u00e9n hay que ayudar a quienes critican f\u00e1cilmente a que se den cuenta de su coherencia para que as\u00ed se pregunten qu\u00e9 es lo que en realidad les mueve a querer separarse de la voz de Cristo y de su Iglesia.<\/p>\n","protected":false},"excerpt":{"rendered":"<p>Fray Nelson, es verdad que en la iglesia existieron y existir\u00e1n personas que da\u00f1en la imagen misionera y evangelizadora a trav\u00e9s de su sacerdocio, laicado etc. \u00bfCu\u00e1l debe ser la postura de los cat\u00f3licos ante los sacerdotes o religiosas golpeadores y ped\u00f3filos? En las redes sociales se busca desprestigiar a toda la iglesia s\u00f3lo por &hellip; <\/p>\n<p class=\"link-more\"><a href=\"https:\/\/fraynelson.com\/blog\/2018\/06\/26\/frente-a-los-antitestimonios-de-los-sacerdotes\/\" class=\"more-link\">Continuar leyendo<span class=\"screen-reader-text\"> &#8220;Frente a los antitestimonios de los sacerdotes&#8221;<\/span><\/a><\/p>\n","protected":false},"author":1138,"featured_media":0,"comment_status":"closed","ping_status":"closed","sticky":false,"template":"","format":"standard","meta":{"footnotes":""},"categories":[56,341,344],"tags":[],"class_list":["post-63633","post","type-post","status-publish","format-standard","hentry","category-la-iglesia-hoy","category-preguntas","category-vida_cristiana"],"jetpack_featured_media_url":"","_links":{"self":[{"href":"https:\/\/fraynelson.com\/blog\/wp-json\/wp\/v2\/posts\/63633","targetHints":{"allow":["GET"]}}],"collection":[{"href":"https:\/\/fraynelson.com\/blog\/wp-json\/wp\/v2\/posts"}],"about":[{"href":"https:\/\/fraynelson.com\/blog\/wp-json\/wp\/v2\/types\/post"}],"author":[{"embeddable":true,"href":"https:\/\/fraynelson.com\/blog\/wp-json\/wp\/v2\/users\/1138"}],"replies":[{"embeddable":true,"href":"https:\/\/fraynelson.com\/blog\/wp-json\/wp\/v2\/comments?post=63633"}],"version-history":[{"count":1,"href":"https:\/\/fraynelson.com\/blog\/wp-json\/wp\/v2\/posts\/63633\/revisions"}],"predecessor-version":[{"id":63635,"href":"https:\/\/fraynelson.com\/blog\/wp-json\/wp\/v2\/posts\/63633\/revisions\/63635"}],"wp:attachment":[{"href":"https:\/\/fraynelson.com\/blog\/wp-json\/wp\/v2\/media?parent=63633"}],"wp:term":[{"taxonomy":"category","embeddable":true,"href":"https:\/\/fraynelson.com\/blog\/wp-json\/wp\/v2\/categories?post=63633"},{"taxonomy":"post_tag","embeddable":true,"href":"https:\/\/fraynelson.com\/blog\/wp-json\/wp\/v2\/tags?post=63633"}],"curies":[{"name":"wp","href":"https:\/\/api.w.org\/{rel}","templated":true}]}}