{"id":63491,"date":"2018-06-19T01:08:24","date_gmt":"2018-06-19T06:08:24","guid":{"rendered":"http:\/\/fraynelson.com\/blog\/?p=63491"},"modified":"2018-06-18T03:10:25","modified_gmt":"2018-06-18T08:10:25","slug":"una-carta-al-presidente-electo-de-colombia","status":"publish","type":"post","link":"https:\/\/fraynelson.com\/blog\/2018\/06\/19\/una-carta-al-presidente-electo-de-colombia\/","title":{"rendered":"Una carta al presidente electo de Colombia"},"content":{"rendered":"<p>Escribe una colombiana, suscriptora de este bolet\u00edn:<\/p>\n<p>Se\u00f1or Iv\u00e1n Duque, vot\u00e9 por usted para segunda vuelta. Solo le pido una cosa, en este momento de la historia de mi pa\u00eds, no necesitamos un gobierno mediocre y que siga con las pr\u00e1cticas asesinas de la corrupci\u00f3n, porque la corrupci\u00f3n tambi\u00e9n asesina al pueblo Colombiano.<\/p>\n<p>Necesitamos un gobierno EXCELENTE que abra oportunidades y esperanza para las futuras generaciones.<\/p>\n<p>Y que sanemos CORRECTAMENTE las heridas que hist\u00f3ricamente nos hemos causado uno a otros. Que respetemos la vida desde la concepci\u00f3n, porque cuando la humanidad mata un feto de forma legal, matar a un ser humano de cualquier forma se vuelve normal.<\/p>\n<p>Pido a Dios por usted, porque como creyente es mi deber pedir a Dios por quienes gobiernan los destinos de la naci\u00f3n.<\/p>\n<p>Muchas gracias.<\/p>\n<p>D.B.M.<\/p>\n","protected":false},"excerpt":{"rendered":"<p>Escribe una colombiana, suscriptora de este bolet\u00edn: Se\u00f1or Iv\u00e1n Duque, vot\u00e9 por usted para segunda vuelta. Solo le pido una cosa, en este momento de la historia de mi pa\u00eds, no necesitamos un gobierno mediocre y que siga con las pr\u00e1cticas asesinas de la corrupci\u00f3n, porque la corrupci\u00f3n tambi\u00e9n asesina al pueblo Colombiano. Necesitamos un &hellip; <\/p>\n<p class=\"link-more\"><a href=\"https:\/\/fraynelson.com\/blog\/2018\/06\/19\/una-carta-al-presidente-electo-de-colombia\/\" class=\"more-link\">Continuar leyendo<span class=\"screen-reader-text\"> &#8220;Una carta al presidente electo de Colombia&#8221;<\/span><\/a><\/p>\n","protected":false},"author":1138,"featured_media":0,"comment_status":"closed","ping_status":"closed","sticky":false,"template":"","format":"standard","meta":{"footnotes":""},"categories":[536,1004],"tags":[],"class_list":["post-63491","post","type-post","status-publish","format-standard","hentry","category-colombia","category-democracia"],"jetpack_featured_media_url":"","_links":{"self":[{"href":"https:\/\/fraynelson.com\/blog\/wp-json\/wp\/v2\/posts\/63491","targetHints":{"allow":["GET"]}}],"collection":[{"href":"https:\/\/fraynelson.com\/blog\/wp-json\/wp\/v2\/posts"}],"about":[{"href":"https:\/\/fraynelson.com\/blog\/wp-json\/wp\/v2\/types\/post"}],"author":[{"embeddable":true,"href":"https:\/\/fraynelson.com\/blog\/wp-json\/wp\/v2\/users\/1138"}],"replies":[{"embeddable":true,"href":"https:\/\/fraynelson.com\/blog\/wp-json\/wp\/v2\/comments?post=63491"}],"version-history":[{"count":1,"href":"https:\/\/fraynelson.com\/blog\/wp-json\/wp\/v2\/posts\/63491\/revisions"}],"predecessor-version":[{"id":63492,"href":"https:\/\/fraynelson.com\/blog\/wp-json\/wp\/v2\/posts\/63491\/revisions\/63492"}],"wp:attachment":[{"href":"https:\/\/fraynelson.com\/blog\/wp-json\/wp\/v2\/media?parent=63491"}],"wp:term":[{"taxonomy":"category","embeddable":true,"href":"https:\/\/fraynelson.com\/blog\/wp-json\/wp\/v2\/categories?post=63491"},{"taxonomy":"post_tag","embeddable":true,"href":"https:\/\/fraynelson.com\/blog\/wp-json\/wp\/v2\/tags?post=63491"}],"curies":[{"name":"wp","href":"https:\/\/api.w.org\/{rel}","templated":true}]}}