{"id":63405,"date":"2018-06-14T01:37:09","date_gmt":"2018-06-14T06:37:09","guid":{"rendered":"http:\/\/fraynelson.com\/blog\/?p=63405"},"modified":"2018-06-14T00:39:51","modified_gmt":"2018-06-14T05:39:51","slug":"sobre-la-burla-a-la-religion-por-parte-de-algunos-politicos","status":"publish","type":"post","link":"https:\/\/fraynelson.com\/blog\/2018\/06\/14\/sobre-la-burla-a-la-religion-por-parte-de-algunos-politicos\/","title":{"rendered":"Sobre la burla a la religi\u00f3n por parte de algunos pol\u00edticos"},"content":{"rendered":"<p>Carta abierta a Gustavo Petro<\/p>\n<p>Perm\u00edtame referirme al reciente episodio, cumplido frente a la bas\u00edlica del Voto Nacional, y en el cual recibi\u00f3 usted la adhesi\u00f3n de Antanas Mockus y de Claudia L\u00f3pez. Yo adivino, &#8211; usted dir\u00e1 si es equivocada mi percepci\u00f3n \u2013 que las circunstancias con que se desarroll\u00f3 dicho acto no fueron iniciativa suya, sino de ese personaje pintoresco que ahora lo respalda. Ese acto chocarrero se inscribe perfectamente en el estilo teatral, un tanto rufianesco, que lo ha caracterizado; el mismo con que pretend\u00eda convertir en acto de autoridad ante sus alumnos un gesto de imp\u00fadico exhibicionismo; el que le sirvi\u00f3 para mostrar su desd\u00e9n frente al matrimonio al celebrar el suyo con tintes circenses y sobre un paquidermo; el mismo con que, en irrespetuosa pataner\u00eda, le lanz\u00f3 un vaso de agua en el rostro a quien controvert\u00eda sus ideas. \u00a1Ese es \u00e9l : el estilo es el hombre!<\/p>\n<p>Pero, doctor Petro, \u00a1qu\u00e9 equivocaci\u00f3n fatal, la suya, al prestarse a semejante bufonada! Quiero decirle que, m\u00e1s all\u00e1 de la ridiculez de la escena, para nosotros, los cat\u00f3licos, y seguramente para muchos que, sin serlo, guardan una pizca de buen sentido y de respeto, lo hecho por ustedes es una ofensa, un premeditado insulto a valores que profesamos y a cosas que veneramos. El Dec\u00e1logo que Mois\u00e9s recibi\u00f3 grabado en piedra es la revelaci\u00f3n de normas y principios que orientan nuestro comportamiento privado y nuestras relaciones con Dios y con los dem\u00e1s. Posar, como lo hicieron, de nuevos portadores de mandamientos para usted, esculpidos en piedra como la Ley del Sina\u00ed; mostrar, en una especie de estola, una frase que pertenece a la liturgia eucar\u00edstica; escoger, para la escena histri\u00f3nica precisamente el d\u00eda del Sagrado Coraz\u00f3n y casi el atrio del templo que recuerda la consagraci\u00f3n de Colombia a ese Coraz\u00f3n Sacrat\u00edsimo, todo eso, no me diga usted que no obedece a un prop\u00f3sito perverso. \u00bf O es usted tan ingenuo y majagranzas que no se percat\u00f3 de esa intenci\u00f3n? No lo creo, usted es sagaz.<\/p>\n<p>Es bueno que sepa, doctor Petro, que con lo que hicieron sus nuevos seguidores, mendicantes de un respaldo que Colombia les ha negado, a nosotros nos han quedado dos cosas perfectamente claras. La primera, su absoluta incoherencia y su disposici\u00f3n a firmar, con el fin de granjearse adeptos, unos compromisos diametralmente opuestos a lo que hab\u00eda afirmado y propuesto durante toda su campa\u00f1a; imposible confiar en quien tan f\u00e1cilmente se desdice y negocia sus convicciones. Y la segunda: que jam\u00e1s podr\u00edamos cohonestar o apoyar con nuestro voto a una persona como usted, que en tal forma pisotea los valores morales y religiosos de la comunidad. Si nos faltaba alg\u00fan argumento para no votar nunca por sus programas, usted y su grotesco mois\u00e9s nos lo han proporcionado.<\/p>\n<p>Probablemente a usted, doctor Petro, no le importe lo que voy a asegurarle: que oro por usted, y oro para que el Dios de Colombia nos ayude a preservar lo que nos queda de convicciones y principios cristianos.<\/p>\n<p>Publicada por: MARIO GARC\u00cdA ISAZA<\/p>\n","protected":false},"excerpt":{"rendered":"<p>Carta abierta a Gustavo Petro Perm\u00edtame referirme al reciente episodio, cumplido frente a la bas\u00edlica del Voto Nacional, y en el cual recibi\u00f3 usted la adhesi\u00f3n de Antanas Mockus y de Claudia L\u00f3pez. Yo adivino, &#8211; usted dir\u00e1 si es equivocada mi percepci\u00f3n \u2013 que las circunstancias con que se desarroll\u00f3 dicho acto no fueron &hellip; <\/p>\n<p class=\"link-more\"><a href=\"https:\/\/fraynelson.com\/blog\/2018\/06\/14\/sobre-la-burla-a-la-religion-por-parte-de-algunos-politicos\/\" class=\"more-link\">Continuar leyendo<span class=\"screen-reader-text\"> &#8220;Sobre la burla a la religi\u00f3n por parte de algunos pol\u00edticos&#8221;<\/span><\/a><\/p>\n","protected":false},"author":1138,"featured_media":0,"comment_status":"closed","ping_status":"closed","sticky":false,"template":"","format":"standard","meta":{"footnotes":""},"categories":[536,1004,49,40],"tags":[],"class_list":["post-63405","post","type-post","status-publish","format-standard","hentry","category-colombia","category-democracia","category-latinoamerica-colombia","category-vivir-la-fe-hoy"],"jetpack_featured_media_url":"","_links":{"self":[{"href":"https:\/\/fraynelson.com\/blog\/wp-json\/wp\/v2\/posts\/63405","targetHints":{"allow":["GET"]}}],"collection":[{"href":"https:\/\/fraynelson.com\/blog\/wp-json\/wp\/v2\/posts"}],"about":[{"href":"https:\/\/fraynelson.com\/blog\/wp-json\/wp\/v2\/types\/post"}],"author":[{"embeddable":true,"href":"https:\/\/fraynelson.com\/blog\/wp-json\/wp\/v2\/users\/1138"}],"replies":[{"embeddable":true,"href":"https:\/\/fraynelson.com\/blog\/wp-json\/wp\/v2\/comments?post=63405"}],"version-history":[{"count":1,"href":"https:\/\/fraynelson.com\/blog\/wp-json\/wp\/v2\/posts\/63405\/revisions"}],"predecessor-version":[{"id":63406,"href":"https:\/\/fraynelson.com\/blog\/wp-json\/wp\/v2\/posts\/63405\/revisions\/63406"}],"wp:attachment":[{"href":"https:\/\/fraynelson.com\/blog\/wp-json\/wp\/v2\/media?parent=63405"}],"wp:term":[{"taxonomy":"category","embeddable":true,"href":"https:\/\/fraynelson.com\/blog\/wp-json\/wp\/v2\/categories?post=63405"},{"taxonomy":"post_tag","embeddable":true,"href":"https:\/\/fraynelson.com\/blog\/wp-json\/wp\/v2\/tags?post=63405"}],"curies":[{"name":"wp","href":"https:\/\/api.w.org\/{rel}","templated":true}]}}