{"id":61956,"date":"2018-04-14T01:27:22","date_gmt":"2018-04-14T06:27:22","guid":{"rendered":"http:\/\/fraynelson.com\/blog\/?p=61956"},"modified":"2018-04-13T21:43:25","modified_gmt":"2018-04-14T02:43:25","slug":"una-pascua-con-meta-y-proposito","status":"publish","type":"post","link":"https:\/\/fraynelson.com\/blog\/2018\/04\/14\/una-pascua-con-meta-y-proposito\/","title":{"rendered":"Una Pascua con meta y prop\u00f3sito"},"content":{"rendered":"<p>Algo que he observado hace un tiempo es que la mayor parte de nuestra gente cat\u00f3lica vive de modos muy distintos la cuaresma y la pascua. La cuaresma, en efecto, tiene desde el comienzo una meta, una especie de objetivo y foco: el Triduo Pascual, el domingo de resurrecci\u00f3n. Muchos cat\u00f3licos no tienen suficientemente claro un foco, un punto de llegada en el tiempo pascual. Y por supuesto que s\u00ed lo hay: Pentecost\u00e9s.<\/p>\n<p>Considero que es una hermosa tarea nuestra hacer ver que la Pascua de Cristo conduce, a trav\u00e9s de un itinerario de 50 d\u00edas, a nuestra propia pascua. Quiero decir: sin la acci\u00f3n profunda y renovadora del Esp\u00edritu Santo, como se predica y vive en Pentecost\u00e9s, la Pascua ser\u00e1 s\u00f3lo un recuerdo espectacular de algo que queda AFUERA de nosotros, como AFUERA estaba la Ley de Mois\u00e9s.<\/p>\n<p>Que Pentecost\u00e9s se prepare y se viva como se debe, y habr\u00e1 torrentes de vida nueva en nuestras comunidades.<\/p>\n","protected":false},"excerpt":{"rendered":"<p>Algo que he observado hace un tiempo es que la mayor parte de nuestra gente cat\u00f3lica vive de modos muy distintos la cuaresma y la pascua. La cuaresma, en efecto, tiene desde el comienzo una meta, una especie de objetivo y foco: el Triduo Pascual, el domingo de resurrecci\u00f3n. Muchos cat\u00f3licos no tienen suficientemente claro &hellip; <\/p>\n<p class=\"link-more\"><a href=\"https:\/\/fraynelson.com\/blog\/2018\/04\/14\/una-pascua-con-meta-y-proposito\/\" class=\"more-link\">Continuar leyendo<span class=\"screen-reader-text\"> &#8220;Una Pascua con meta y prop\u00f3sito&#8221;<\/span><\/a><\/p>\n","protected":false},"author":1138,"featured_media":0,"comment_status":"closed","ping_status":"closed","sticky":false,"template":"","format":"standard","meta":{"footnotes":""},"categories":[499,391],"tags":[],"class_list":["post-61956","post","type-post","status-publish","format-standard","hentry","category-pascua","category-pentecostes"],"jetpack_featured_media_url":"","_links":{"self":[{"href":"https:\/\/fraynelson.com\/blog\/wp-json\/wp\/v2\/posts\/61956","targetHints":{"allow":["GET"]}}],"collection":[{"href":"https:\/\/fraynelson.com\/blog\/wp-json\/wp\/v2\/posts"}],"about":[{"href":"https:\/\/fraynelson.com\/blog\/wp-json\/wp\/v2\/types\/post"}],"author":[{"embeddable":true,"href":"https:\/\/fraynelson.com\/blog\/wp-json\/wp\/v2\/users\/1138"}],"replies":[{"embeddable":true,"href":"https:\/\/fraynelson.com\/blog\/wp-json\/wp\/v2\/comments?post=61956"}],"version-history":[{"count":1,"href":"https:\/\/fraynelson.com\/blog\/wp-json\/wp\/v2\/posts\/61956\/revisions"}],"predecessor-version":[{"id":61957,"href":"https:\/\/fraynelson.com\/blog\/wp-json\/wp\/v2\/posts\/61956\/revisions\/61957"}],"wp:attachment":[{"href":"https:\/\/fraynelson.com\/blog\/wp-json\/wp\/v2\/media?parent=61956"}],"wp:term":[{"taxonomy":"category","embeddable":true,"href":"https:\/\/fraynelson.com\/blog\/wp-json\/wp\/v2\/categories?post=61956"},{"taxonomy":"post_tag","embeddable":true,"href":"https:\/\/fraynelson.com\/blog\/wp-json\/wp\/v2\/tags?post=61956"}],"curies":[{"name":"wp","href":"https:\/\/api.w.org\/{rel}","templated":true}]}}