{"id":60295,"date":"2018-01-31T15:03:35","date_gmt":"2018-01-31T20:03:35","guid":{"rendered":"http:\/\/fraynelson.com\/blog\/?p=60295"},"modified":"2018-01-30T23:05:26","modified_gmt":"2018-01-31T04:05:26","slug":"el-papa-publica-veritatis-gaudium-para-la-reforma-de-universidades-y-facultades-eclesiasticas","status":"publish","type":"post","link":"https:\/\/fraynelson.com\/blog\/2018\/01\/31\/el-papa-publica-veritatis-gaudium-para-la-reforma-de-universidades-y-facultades-eclesiasticas\/","title":{"rendered":"El Papa publica \u00abVeritatis gaudium\u00bb para la reforma de universidades y facultades eclesi\u00e1sticas"},"content":{"rendered":"<p>&#8220;El Papa Francisco busca la reforma de las universidades y facultades eclesi\u00e1sticas mediante una nueva Constituci\u00f3n Apost\u00f3lica, titulada \u00abVeritatis gaudium\u00bb, que se present\u00f3 este lunes 29 de enero en el Vaticano&#8230;&#8221;<\/p>\n<p><a href=\"https:\/\/www.evernote.com\/shard\/s254\/sh\/d7282c47-b1d6-44b4-aea1-6ebb66dac1b0\/871133fedebb59edd49300db1b3a508f\" rel=\"noopener\" target=\"_blank\"><img decoding=\"async\" src=\"http:\/\/fraynelson.com\/banco_imagenes\/recomendados\/20180202.jpg\" alt=\"\" \/><\/p>\n<p>Haz clic aqu\u00ed!<\/a><\/p>\n","protected":false},"excerpt":{"rendered":"<p>&#8220;El Papa Francisco busca la reforma de las universidades y facultades eclesi\u00e1sticas mediante una nueva Constituci\u00f3n Apost\u00f3lica, titulada \u00abVeritatis gaudium\u00bb, que se present\u00f3 este lunes 29 de enero en el Vaticano&#8230;&#8221; Haz clic aqu\u00ed!<\/p>\n","protected":false},"author":1138,"featured_media":0,"comment_status":"closed","ping_status":"closed","sticky":false,"template":"","format":"standard","meta":{"footnotes":""},"categories":[620,41,56,1063],"tags":[],"class_list":["post-60295","post","type-post","status-publish","format-standard","hentry","category-enlaces","category-hacer-teologia-hoy","category-la-iglesia-hoy","category-papa-francisco"],"jetpack_featured_media_url":"","_links":{"self":[{"href":"https:\/\/fraynelson.com\/blog\/wp-json\/wp\/v2\/posts\/60295","targetHints":{"allow":["GET"]}}],"collection":[{"href":"https:\/\/fraynelson.com\/blog\/wp-json\/wp\/v2\/posts"}],"about":[{"href":"https:\/\/fraynelson.com\/blog\/wp-json\/wp\/v2\/types\/post"}],"author":[{"embeddable":true,"href":"https:\/\/fraynelson.com\/blog\/wp-json\/wp\/v2\/users\/1138"}],"replies":[{"embeddable":true,"href":"https:\/\/fraynelson.com\/blog\/wp-json\/wp\/v2\/comments?post=60295"}],"version-history":[{"count":1,"href":"https:\/\/fraynelson.com\/blog\/wp-json\/wp\/v2\/posts\/60295\/revisions"}],"predecessor-version":[{"id":60296,"href":"https:\/\/fraynelson.com\/blog\/wp-json\/wp\/v2\/posts\/60295\/revisions\/60296"}],"wp:attachment":[{"href":"https:\/\/fraynelson.com\/blog\/wp-json\/wp\/v2\/media?parent=60295"}],"wp:term":[{"taxonomy":"category","embeddable":true,"href":"https:\/\/fraynelson.com\/blog\/wp-json\/wp\/v2\/categories?post=60295"},{"taxonomy":"post_tag","embeddable":true,"href":"https:\/\/fraynelson.com\/blog\/wp-json\/wp\/v2\/tags?post=60295"}],"curies":[{"name":"wp","href":"https:\/\/api.w.org\/{rel}","templated":true}]}}