{"id":59425,"date":"2017-12-26T15:59:53","date_gmt":"2017-12-26T20:59:53","guid":{"rendered":"http:\/\/fraynelson.com\/blog\/?p=59425"},"modified":"2017-12-25T22:04:52","modified_gmt":"2017-12-26T03:04:52","slug":"como-trataban-a-los-locos-en-la-edad-media","status":"publish","type":"post","link":"https:\/\/fraynelson.com\/blog\/2017\/12\/26\/como-trataban-a-los-locos-en-la-edad-media\/","title":{"rendered":"\u00bfC\u00f3mo trataban a los locos en la Edad Media?"},"content":{"rendered":"<p>&#8220;\u00bfC\u00f3mo trataban a los locos en la Edad Media? Ante esta pregunta creo que sin excepci\u00f3n todo el mundo dir\u00eda que se los consideraba pose\u00eddos por el diablo, que estaban embrujados y que muchas veces se los quemaba en la hoguera. Por supuesto que esta afirmaci\u00f3n tambi\u00e9n es la que encontrar\u00edamos en casi todos los libros de historia de la psiquiatr\u00eda, donde se nos dice que toda esa \u00e9poca estaba impregnada por la superstici\u00f3n y el trato de los enfermos mentales era muy cruel e incluso se abusaba de ellos, si bien se reconocen algunas excepciones. De acuerdo con la ideolog\u00eda que impregna la mayor\u00eda de la historiograf\u00eda se afirma que reci\u00e9n en el siglo XVI se empieza a enfocar estas enfermedades con criterio cient\u00edfico&#8230;&#8221;<\/p>\n<p><a href=\"https:\/\/www.evernote.com\/shard\/s254\/sh\/1bbfe321-edc2-4ff4-a251-d64d9543fec2\/fbe5e0fe5c416dd2b33c93106ab48f31\" rel=\"noopener\" target=\"_blank\"><img decoding=\"async\" src=\"http:\/\/fraynelson.com\/banco_imagenes\/recomendados\/20171228.jpg\" alt=\"\" \/><\/p>\n<p>Haz clic aqu\u00ed!<\/a><\/p>\n","protected":false},"excerpt":{"rendered":"<p>&#8220;\u00bfC\u00f3mo trataban a los locos en la Edad Media? Ante esta pregunta creo que sin excepci\u00f3n todo el mundo dir\u00eda que se los consideraba pose\u00eddos por el diablo, que estaban embrujados y que muchas veces se los quemaba en la hoguera. Por supuesto que esta afirmaci\u00f3n tambi\u00e9n es la que encontrar\u00edamos en casi todos los &hellip; <\/p>\n<p class=\"link-more\"><a href=\"https:\/\/fraynelson.com\/blog\/2017\/12\/26\/como-trataban-a-los-locos-en-la-edad-media\/\" class=\"more-link\">Continuar leyendo<span class=\"screen-reader-text\"> &#8220;\u00bfC\u00f3mo trataban a los locos en la Edad Media?&#8221;<\/span><\/a><\/p>\n","protected":false},"author":1138,"featured_media":0,"comment_status":"closed","ping_status":"closed","sticky":false,"template":"","format":"standard","meta":{"footnotes":""},"categories":[889,620,1288],"tags":[],"class_list":["post-59425","post","type-post","status-publish","format-standard","hentry","category-edad-media","category-enlaces","category-locura"],"jetpack_featured_media_url":"","_links":{"self":[{"href":"https:\/\/fraynelson.com\/blog\/wp-json\/wp\/v2\/posts\/59425","targetHints":{"allow":["GET"]}}],"collection":[{"href":"https:\/\/fraynelson.com\/blog\/wp-json\/wp\/v2\/posts"}],"about":[{"href":"https:\/\/fraynelson.com\/blog\/wp-json\/wp\/v2\/types\/post"}],"author":[{"embeddable":true,"href":"https:\/\/fraynelson.com\/blog\/wp-json\/wp\/v2\/users\/1138"}],"replies":[{"embeddable":true,"href":"https:\/\/fraynelson.com\/blog\/wp-json\/wp\/v2\/comments?post=59425"}],"version-history":[{"count":1,"href":"https:\/\/fraynelson.com\/blog\/wp-json\/wp\/v2\/posts\/59425\/revisions"}],"predecessor-version":[{"id":59426,"href":"https:\/\/fraynelson.com\/blog\/wp-json\/wp\/v2\/posts\/59425\/revisions\/59426"}],"wp:attachment":[{"href":"https:\/\/fraynelson.com\/blog\/wp-json\/wp\/v2\/media?parent=59425"}],"wp:term":[{"taxonomy":"category","embeddable":true,"href":"https:\/\/fraynelson.com\/blog\/wp-json\/wp\/v2\/categories?post=59425"},{"taxonomy":"post_tag","embeddable":true,"href":"https:\/\/fraynelson.com\/blog\/wp-json\/wp\/v2\/tags?post=59425"}],"curies":[{"name":"wp","href":"https:\/\/api.w.org\/{rel}","templated":true}]}}