{"id":57514,"date":"2017-10-06T15:56:18","date_gmt":"2017-10-06T20:56:18","guid":{"rendered":"http:\/\/fraynelson.com\/blog\/?p=57514"},"modified":"2017-10-05T15:59:29","modified_gmt":"2017-10-05T20:59:29","slug":"discurso-del-papa-a-la-academia-por-la-vida","status":"publish","type":"post","link":"https:\/\/fraynelson.com\/blog\/2017\/10\/06\/discurso-del-papa-a-la-academia-por-la-vida\/","title":{"rendered":"Discurso del Papa a la Academia por la Vida"},"content":{"rendered":"<p>&#8220;La utop\u00eda de lo \u201cneutro\u201d elimina, al mismo tiempo, tanto la dignidad humana de la constituci\u00f3n sexualmente diferente como la cualidad personal de la transmisi\u00f3n generativa de la vida. La manipulaci\u00f3n biol\u00f3gica y ps\u00edquica de la diferencia sexual, que la tecnolog\u00eda biom\u00e9dica deja entrever como plenamente disponible para la elecci\u00f3n de la libertad \u2013 \u00a1mientras no lo es! \u2013 corre el riesgo de desmantelar as\u00ed la fuente de energ\u00eda que nutre la alianza del hombre y la mujer y la hace creativa y fecunda&#8230;&#8221;<\/p>\n<p><a href=\"https:\/\/www.evernote.com\/shard\/s254\/sh\/2bd3ee63-4194-4775-b164-2c1871a42672\/094addf37a0c248c770fcfa3efad0dcf\" rel=\"noopener\" target=\"_blank\"><img decoding=\"async\" src=\"http:\/\/fraynelson.com\/banco_imagenes\/recomendados\/20171008.jpg\" alt=\"\" \/><\/p>\n<p>Haz clic aqu\u00ed!<\/a><\/p>\n","protected":false},"excerpt":{"rendered":"<p>&#8220;La utop\u00eda de lo \u201cneutro\u201d elimina, al mismo tiempo, tanto la dignidad humana de la constituci\u00f3n sexualmente diferente como la cualidad personal de la transmisi\u00f3n generativa de la vida. La manipulaci\u00f3n biol\u00f3gica y ps\u00edquica de la diferencia sexual, que la tecnolog\u00eda biom\u00e9dica deja entrever como plenamente disponible para la elecci\u00f3n de la libertad \u2013 \u00a1mientras &hellip; <\/p>\n<p class=\"link-more\"><a href=\"https:\/\/fraynelson.com\/blog\/2017\/10\/06\/discurso-del-papa-a-la-academia-por-la-vida\/\" class=\"more-link\">Continuar leyendo<span class=\"screen-reader-text\"> &#8220;Discurso del Papa a la Academia por la Vida&#8221;<\/span><\/a><\/p>\n","protected":false},"author":1138,"featured_media":0,"comment_status":"closed","ping_status":"closed","sticky":false,"template":"","format":"standard","meta":{"footnotes":""},"categories":[558,620,671,1063],"tags":[],"class_list":["post-57514","post","type-post","status-publish","format-standard","hentry","category-defensa_de_la_vida","category-enlaces","category-homosexualidad","category-papa-francisco"],"jetpack_featured_media_url":"","_links":{"self":[{"href":"https:\/\/fraynelson.com\/blog\/wp-json\/wp\/v2\/posts\/57514","targetHints":{"allow":["GET"]}}],"collection":[{"href":"https:\/\/fraynelson.com\/blog\/wp-json\/wp\/v2\/posts"}],"about":[{"href":"https:\/\/fraynelson.com\/blog\/wp-json\/wp\/v2\/types\/post"}],"author":[{"embeddable":true,"href":"https:\/\/fraynelson.com\/blog\/wp-json\/wp\/v2\/users\/1138"}],"replies":[{"embeddable":true,"href":"https:\/\/fraynelson.com\/blog\/wp-json\/wp\/v2\/comments?post=57514"}],"version-history":[{"count":1,"href":"https:\/\/fraynelson.com\/blog\/wp-json\/wp\/v2\/posts\/57514\/revisions"}],"predecessor-version":[{"id":57515,"href":"https:\/\/fraynelson.com\/blog\/wp-json\/wp\/v2\/posts\/57514\/revisions\/57515"}],"wp:attachment":[{"href":"https:\/\/fraynelson.com\/blog\/wp-json\/wp\/v2\/media?parent=57514"}],"wp:term":[{"taxonomy":"category","embeddable":true,"href":"https:\/\/fraynelson.com\/blog\/wp-json\/wp\/v2\/categories?post=57514"},{"taxonomy":"post_tag","embeddable":true,"href":"https:\/\/fraynelson.com\/blog\/wp-json\/wp\/v2\/tags?post=57514"}],"curies":[{"name":"wp","href":"https:\/\/api.w.org\/{rel}","templated":true}]}}