{"id":56705,"date":"2017-09-02T01:57:46","date_gmt":"2017-09-02T06:57:46","guid":{"rendered":"http:\/\/fraynelson.com\/blog\/?p=56705"},"modified":"2017-09-01T18:00:25","modified_gmt":"2017-09-01T23:00:25","slug":"orgullosas-de-la-maternidad-y-de-la-feminidad","status":"publish","type":"post","link":"https:\/\/fraynelson.com\/blog\/2017\/09\/02\/orgullosas-de-la-maternidad-y-de-la-feminidad\/","title":{"rendered":"Orgullosas de la maternidad y de la feminidad"},"content":{"rendered":"<p>&#8221; \u00abNo me arrepiento, les aseguro que mereci\u00f3 la pena\u00bb. As\u00ed concluye el testimonio de Lales, una mujer de Reus que, a pesar de que su embarazo fue imprevisto y su hijo ten\u00eda s\u00edndrome de Down y una cardiopat\u00eda, decidi\u00f3 darle la vida y tuvo que despedirse de \u00e9l s\u00f3lo un mes despu\u00e9s. El de Lales es uno de los primeros testimonios que ha llegado a Una mujer, una voz, un nuevo blog puesto en marcha por mujeres \u00abcelosas de no perder la perspectiva de su dignidad y de la verdad de la feminidad\u00bb, a pesar de los ataques de quienes quieren enturbiar la identidad de la mujer&#8230;&#8221;<\/p>\n<p><a href=\"https:\/\/www.evernote.com\/shard\/s254\/sh\/5d468bcc-bcfa-47ef-9277-731026d7dde5\/afee89eb3259b4c771660b3aebdedfb1\" target=\"_blank\"><img decoding=\"async\" src=\"http:\/\/fraynelson.com\/banco_imagenes\/recomendados\/20170904.jpg\" alt=\"\" \/><\/p>\n<p>Haz clic aqu\u00ed!<\/a><\/p>\n","protected":false},"excerpt":{"rendered":"<p>&#8221; \u00abNo me arrepiento, les aseguro que mereci\u00f3 la pena\u00bb. As\u00ed concluye el testimonio de Lales, una mujer de Reus que, a pesar de que su embarazo fue imprevisto y su hijo ten\u00eda s\u00edndrome de Down y una cardiopat\u00eda, decidi\u00f3 darle la vida y tuvo que despedirse de \u00e9l s\u00f3lo un mes despu\u00e9s. El de &hellip; <\/p>\n<p class=\"link-more\"><a href=\"https:\/\/fraynelson.com\/blog\/2017\/09\/02\/orgullosas-de-la-maternidad-y-de-la-feminidad\/\" class=\"more-link\">Continuar leyendo<span class=\"screen-reader-text\"> &#8220;Orgullosas de la maternidad y de la feminidad&#8221;<\/span><\/a><\/p>\n","protected":false},"author":1138,"featured_media":0,"comment_status":"closed","ping_status":"closed","sticky":false,"template":"","format":"standard","meta":{"footnotes":""},"categories":[620,50],"tags":[],"class_list":["post-56705","post","type-post","status-publish","format-standard","hentry","category-enlaces","category-mujer-familia"],"jetpack_featured_media_url":"","_links":{"self":[{"href":"https:\/\/fraynelson.com\/blog\/wp-json\/wp\/v2\/posts\/56705","targetHints":{"allow":["GET"]}}],"collection":[{"href":"https:\/\/fraynelson.com\/blog\/wp-json\/wp\/v2\/posts"}],"about":[{"href":"https:\/\/fraynelson.com\/blog\/wp-json\/wp\/v2\/types\/post"}],"author":[{"embeddable":true,"href":"https:\/\/fraynelson.com\/blog\/wp-json\/wp\/v2\/users\/1138"}],"replies":[{"embeddable":true,"href":"https:\/\/fraynelson.com\/blog\/wp-json\/wp\/v2\/comments?post=56705"}],"version-history":[{"count":1,"href":"https:\/\/fraynelson.com\/blog\/wp-json\/wp\/v2\/posts\/56705\/revisions"}],"predecessor-version":[{"id":56706,"href":"https:\/\/fraynelson.com\/blog\/wp-json\/wp\/v2\/posts\/56705\/revisions\/56706"}],"wp:attachment":[{"href":"https:\/\/fraynelson.com\/blog\/wp-json\/wp\/v2\/media?parent=56705"}],"wp:term":[{"taxonomy":"category","embeddable":true,"href":"https:\/\/fraynelson.com\/blog\/wp-json\/wp\/v2\/categories?post=56705"},{"taxonomy":"post_tag","embeddable":true,"href":"https:\/\/fraynelson.com\/blog\/wp-json\/wp\/v2\/tags?post=56705"}],"curies":[{"name":"wp","href":"https:\/\/api.w.org\/{rel}","templated":true}]}}